{"id":86542,"date":"2026-08-30T13:18:38","date_gmt":"2026-08-30T11:18:38","guid":{"rendered":"https:\/\/edublog.educastur.es\/ixuxu\/?p=86542"},"modified":"2026-08-30T13:19:22","modified_gmt":"2026-08-30T11:19:22","slug":"la-reforma-de-la-plaza-de-toros-duvieu","status":"publish","type":"post","link":"https:\/\/edublog.educastur.es\/ixuxu\/2026\/08\/la-reforma-de-la-plaza-de-toros-duvieu\/","title":{"rendered":"La reforma de la plaza de toros d&#8217;Uvi\u00e9u&#8230;"},"content":{"rendered":"<p>La reforma de la plaza de toros d&#8217;Uvi\u00e9u incl\u00fai un zarru con tey\u00e1u de cinc, graes retr\u00e1ctiles y el ruedu 1,60 metros m\u00e1s so. La propuesta de VA Arquitectos<br \/>\ny Desmonts para l&#8217;inmueble de Buenavista crea una galer\u00eda interior destinada a comercios y terraces. <a href=\"https:\/\/www.lne.es\/oviedo\/2026\/08\/29\/reforma-plaza-toros-oviedo-incluye-133751050.html?shem=dsdf,sharefoc,agadiscoversdl,,sh\/x\/discover\/m1\/4\">LNE<\/a> \/ <a href=\"https:\/\/www.elcomercio.es\/oviedo\/plaza-toros-oviedo-reforma-20260827081434-nt.html\">El Comercio<\/a> \/<\/p>\n<p style=\"text-align: center\"><a href=\"https:\/\/s1.ppllstatics.com\/elcomercio\/www\/multimedia\/local\/2026\/08\/27\/Imagen%20plaza-7-Rgp4dwTo0gmdcWa5c3a24EL-1200x840@El%20Comercio.jpg\"><img loading=\"lazy\" decoding=\"async\" class=\"aligncenter size-large\" src=\"https:\/\/s1.ppllstatics.com\/elcomercio\/www\/multimedia\/local\/2026\/08\/27\/Imagen%20plaza-7-Rgp4dwTo0gmdcWa5c3a24EL-1200x840@El%20Comercio.jpg\" width=\"1200\" height=\"840\" \/><\/a><\/p>\n<p><!--more--><\/p>\n<p>El Conceyu d&#8217;Uvi\u00e9u va axudicar la redacci\u00f3n del proyectu de reforma y rehabilitaci\u00f3n de la plaza de toros d&#8217;Uvi\u00e9u a la Uni\u00f3n Temporal d&#8217;Empreses (UTE) formada por V Arquiteutos y Desmonts por un montante total 273.660 euros nun concursu nel que recibi\u00f3 meyor puntuaci\u00f3n que la llograda por \u00c1lvarez Arango Arquitectos, qu&#8217;ufiert\u00f3 un presupuestu de 320.000 euros.<\/p>\n<p>El proyectu ganador resuelve, seg\u00fan los t\u00e9cnicos que valoraron les ufiertes, les caracter\u00edstiques funcionales como la relaci\u00f3n cola redolada, l&#8217;accesibilid\u00e1 integrada na estructura funcional, apurre soluciones concretes de polivalencia y flexibilid\u00e1 con graes retr\u00e1ctiles o cambeos de cotes y define una estructura de comunicaci\u00f3n interna por aciu an\u00edos percorr\u00edos tresversales y n\u00facleos verticales.<\/p>\n<p>Tocantes a los aspeutos ambientales, el plan define una estratexa enerx\u00e9tica por aciu xeotermia, incorpora mid\u00edes concretes de xesti\u00f3n de l&#8217;agua, aprovechamientu de pluviales o drenaxe, fortalez la simplificaci\u00f3n constructiva, optimizaci\u00f3n funcional y estimaci\u00f3n econ\u00f3mica global, incorpora sistemes de gran durabilidad, industrializaos, rexistrables y empobinaos a facilitar caltenimientu y reposici\u00f3n.<\/p>\n<p>El plan que remana&#8217;l Conceyu para reformar el cueso de Buenavista tien una enorme valumbu y <strong>plantega convertir la plaza de toros nuna gran cortil cubierta y multiusos con capacid\u00e1 para acoyer actividaes de gran formatu tantu deportives \u2013competiciones de baloncestu ACB o tenis ATP\u2013 como culturales, congresuales y d&#8217;ociu mientres tol a\u00f1u, y con un aforu de 9.000 espectadores.<\/strong><\/p>\n<p>La propuesta, seg\u00fan apaez nel anteproyectu, preve un presupuestu d&#8217;execuci\u00f3n material de 22,48 millones para iguar l&#8217;importante deterioru que presenta angua\u00f1o l&#8217;edificiu, con abondosos problemes estructurales, mugores, filtraciones y da\u00f1os en distintos elementos constructivos qu&#8217;obliguen a una actuaci\u00f3n fonda.<\/p>\n<p>Asina, la intervenci\u00f3n proxectada caltien les fachaes hist\u00f3riques y los elementos protex\u00edos, pero reorganiza dafechu&#8217;l so interior para afaelo a les necesidaes d&#8217;un equipamientu modernu. Ente les actuaciones figura la construcci\u00f3n d&#8217;una gran cubierta permanente que <strong>va dexar utilizar les instalaciones mientres tol a\u00f1u.<\/strong><\/p>\n<p style=\"text-align: center\"><a href=\"https:\/\/estaticos-cdn.prensaiberica.es\/clip\/f5661cf8-5244-482d-9581-684936b99a39_16-9-discover-aspect-ratio_default_0_x600y225.webp\"><img loading=\"lazy\" decoding=\"async\" class=\"aligncenter size-large\" src=\"https:\/\/estaticos-cdn.prensaiberica.es\/clip\/f5661cf8-5244-482d-9581-684936b99a39_16-9-discover-aspect-ratio_default_0_x600y225.webp\" width=\"1200\" height=\"675\" \/><\/a><\/p>\n<p>La nueva plaza de toros de Buenavista va #cerrar con un tey\u00e1u fixu de cinc y va tener el ruedu 1,60 metros per debaxo de la so cota actual, una rebaxa que va dexar instalar graes retr\u00e1ctiles y afaer l&#8217;espaciu central a cada activid\u00e1.<\/p>\n<p>L&#8217;interior va entamase por aciu dos an\u00edos de comunicaci\u00f3n, unu d&#8217;ellos convert\u00edu n&#8217;una amplia galer\u00eda para comercios, esposiciones y terraces.<\/p>\n","protected":false},"excerpt":{"rendered":"<p>La reforma de la plaza de toros d&#8217;Uvi\u00e9u incl\u00fai un zarru con tey\u00e1u de cinc, graes retr\u00e1ctiles y el ruedu 1,60 metros m\u00e1s so. La propuesta de VA Arquitectos y Desmonts para l&#8217;inmueble de Buenavista crea una galer\u00eda interior destinada a comercios y terraces. LNE \/ El Comercio \/<\/p>\n","protected":false},"author":117,"featured_media":0,"comment_status":"closed","ping_status":"closed","sticky":false,"template":"","format":"standard","meta":{"footnotes":""},"categories":[33],"tags":[],"class_list":["post-86542","post","type-post","status-publish","format-standard","hentry","category-uvieu"],"_links":{"self":[{"href":"https:\/\/edublog.educastur.es\/ixuxu\/wp-json\/wp\/v2\/posts\/86542","targetHints":{"allow":["GET"]}}],"collection":[{"href":"https:\/\/edublog.educastur.es\/ixuxu\/wp-json\/wp\/v2\/posts"}],"about":[{"href":"https:\/\/edublog.educastur.es\/ixuxu\/wp-json\/wp\/v2\/types\/post"}],"author":[{"embeddable":true,"href":"https:\/\/edublog.educastur.es\/ixuxu\/wp-json\/wp\/v2\/users\/117"}],"replies":[{"embeddable":true,"href":"https:\/\/edublog.educastur.es\/ixuxu\/wp-json\/wp\/v2\/comments?post=86542"}],"version-history":[{"count":1,"href":"https:\/\/edublog.educastur.es\/ixuxu\/wp-json\/wp\/v2\/posts\/86542\/revisions"}],"predecessor-version":[{"id":86543,"href":"https:\/\/edublog.educastur.es\/ixuxu\/wp-json\/wp\/v2\/posts\/86542\/revisions\/86543"}],"wp:attachment":[{"href":"https:\/\/edublog.educastur.es\/ixuxu\/wp-json\/wp\/v2\/media?parent=86542"}],"wp:term":[{"taxonomy":"category","embeddable":true,"href":"https:\/\/edublog.educastur.es\/ixuxu\/wp-json\/wp\/v2\/categories?post=86542"},{"taxonomy":"post_tag","embeddable":true,"href":"https:\/\/edublog.educastur.es\/ixuxu\/wp-json\/wp\/v2\/tags?post=86542"}],"curies":[{"name":"wp","href":"https:\/\/api.w.org\/{rel}","templated":true}]}}