{"id":86544,"date":"2026-08-30T08:30:25","date_gmt":"2026-08-30T06:30:25","guid":{"rendered":"https:\/\/edublog.educastur.es\/ixuxu\/?p=86544"},"modified":"2026-08-30T13:21:42","modified_gmt":"2026-08-30T11:21:42","slug":"el-tiempu-el-comercio-377","status":"publish","type":"post","link":"https:\/\/edublog.educastur.es\/ixuxu\/2026\/08\/el-tiempu-el-comercio-377\/","title":{"rendered":"El tiempu (El Comercio)"},"content":{"rendered":"<p style=\"text-align: center\"><a href=\"https:\/\/s1.ppllstatics.com\/elcomercio\/www\/multimedia\/local\/2026\/08\/29\/tiempo-asturias.jpg\"><img loading=\"lazy\" decoding=\"async\" class=\"aligncenter size-large\" src=\"https:\/\/s1.ppllstatics.com\/elcomercio\/www\/multimedia\/local\/2026\/08\/29\/tiempo-asturias.jpg\" width=\"1595\" height=\"1102\" \/><\/a><\/p>\n<p>Esperamos <strong>cielos<\/strong> nublos n&#8217;Asturies y la posibilid\u00e1 de delles precipitaciones de calter bien d\u00e9bil pela ma\u00f1ana. A lo llargo de la tarde abrir\u00e1n escamplaes dende l&#8217;occidente quedando, a lo sumo, delles nubes ent\u00e1 nel sector oriental a la fin del d\u00eda. <strong>Les temperatures m\u00e1ximes<\/strong> van baxar hasta 3 o 4 \u00baC al respective de esti s\u00e1badu nel centru y nel oriente, siendo&#8217;l descensu m\u00e1s llixeru o inapreciable nel oeste. En ll\u00ednees xenerales, esta pr\u00f3xima selmana va ser estable, sobremanera na so segunda met\u00e1.<\/p>\n","protected":false},"excerpt":{"rendered":"<p>Esperamos cielos nublos n&#8217;Asturies y la posibilid\u00e1 de delles precipitaciones de calter bien d\u00e9bil pela ma\u00f1ana. A lo llargo de la tarde abrir\u00e1n escamplaes dende l&#8217;occidente quedando, a lo sumo, delles nubes ent\u00e1 nel sector oriental a la fin del d\u00eda. Les temperatures m\u00e1ximes van baxar hasta 3 o 4 \u00baC al respective de esti [&hellip;]<\/p>\n","protected":false},"author":117,"featured_media":0,"comment_status":"closed","ping_status":"closed","sticky":false,"template":"","format":"standard","meta":{"footnotes":""},"categories":[1],"tags":[],"class_list":["post-86544","post","type-post","status-publish","format-standard","hentry","category-sin-categoria"],"_links":{"self":[{"href":"https:\/\/edublog.educastur.es\/ixuxu\/wp-json\/wp\/v2\/posts\/86544","targetHints":{"allow":["GET"]}}],"collection":[{"href":"https:\/\/edublog.educastur.es\/ixuxu\/wp-json\/wp\/v2\/posts"}],"about":[{"href":"https:\/\/edublog.educastur.es\/ixuxu\/wp-json\/wp\/v2\/types\/post"}],"author":[{"embeddable":true,"href":"https:\/\/edublog.educastur.es\/ixuxu\/wp-json\/wp\/v2\/users\/117"}],"replies":[{"embeddable":true,"href":"https:\/\/edublog.educastur.es\/ixuxu\/wp-json\/wp\/v2\/comments?post=86544"}],"version-history":[{"count":1,"href":"https:\/\/edublog.educastur.es\/ixuxu\/wp-json\/wp\/v2\/posts\/86544\/revisions"}],"predecessor-version":[{"id":86545,"href":"https:\/\/edublog.educastur.es\/ixuxu\/wp-json\/wp\/v2\/posts\/86544\/revisions\/86545"}],"wp:attachment":[{"href":"https:\/\/edublog.educastur.es\/ixuxu\/wp-json\/wp\/v2\/media?parent=86544"}],"wp:term":[{"taxonomy":"category","embeddable":true,"href":"https:\/\/edublog.educastur.es\/ixuxu\/wp-json\/wp\/v2\/categories?post=86544"},{"taxonomy":"post_tag","embeddable":true,"href":"https:\/\/edublog.educastur.es\/ixuxu\/wp-json\/wp\/v2\/tags?post=86544"}],"curies":[{"name":"wp","href":"https:\/\/api.w.org\/{rel}","templated":true}]}}