{"id":86556,"date":"2026-08-29T19:00:29","date_gmt":"2026-08-29T17:00:29","guid":{"rendered":"https:\/\/edublog.educastur.es\/ixuxu\/?p=86556"},"modified":"2026-08-30T13:56:05","modified_gmt":"2026-08-30T11:56:05","slug":"esposicion-la-beronda-de-belonciu-a-madrid","status":"publish","type":"post","link":"https:\/\/edublog.educastur.es\/ixuxu\/2026\/08\/esposicion-la-beronda-de-belonciu-a-madrid\/","title":{"rendered":"Esposici\u00f3n: \u00abLa Beronda, de Belonciu a Madrid\u00bb n&#8217;Are\u00f1es (Pilo\u00f1a)"},"content":{"rendered":"<p>L&#8217;amuesa <strong>\u00abLa Beronda, de Belonciu a Madrid\u00bb<\/strong> va poder visitase del 20 d&#8217;agostu al 7 de setiembre nun escaparate de la localid\u00e1.Riu Fontoria avera la hestoria de <strong>Vicenta Pel\u00e1ez al p\u00fablicu con una esposici\u00f3n en Pilo\u00f1a.<a href=\"https:\/\/www.elfielato.es\/articulo\/pilona\/riu-fontoria-exposicion-pilona\/20260825200000102128.html\"> El Fielato<\/a><\/strong><\/p>\n<p style=\"text-align: center\"><a href=\"https:\/\/www.elfielato.es\/media\/elfielato\/images\/2026\/08\/25\/2026082511174998549.jpg\"><img loading=\"lazy\" decoding=\"async\" class=\"aligncenter \" src=\"https:\/\/www.elfielato.es\/media\/elfielato\/images\/2026\/08\/25\/2026082511174998549.jpg\" width=\"775\" height=\"1097\" \/><\/a><\/p>\n<p>Sol t\u00edtulu \u00abVicenta Pel\u00e1ez, \u201cLa Beronda\u201d, de Belonciu a Madrid\u00bb, la esposici\u00f3n pon el focu n&#8217;una muyer qu&#8217;alministr\u00f3 la so propia fortuna azucrera n&#8217;una d\u00f3mina na que les muyeres escarec\u00eden d&#8217;identid\u00e1 xur\u00eddica.<\/p>\n<p><!--more--><\/p>\n<p style=\"text-align: center\"><a href=\"https:\/\/www.elfielato.es\/asset\/thumbnail,1920,1080,center,center\/media\/elfielato\/images\/2026\/08\/25\/2026082511175051478.jpg\"><img loading=\"lazy\" decoding=\"async\" class=\"aligncenter size-large\" src=\"https:\/\/www.elfielato.es\/asset\/thumbnail,1920,1080,center,center\/media\/elfielato\/images\/2026\/08\/25\/2026082511175051478.jpg\" width=\"1000\" height=\"750\" \/><\/a><\/p>\n<p>&nbsp;<\/p>\n<p>L&#8217;Asociaci\u00f3n Riu Fontoria, d&#8217;Are\u00f1es, entama una esposici\u00f3n dedicada a Vicenta Pel\u00e1ez, \u00abLa Beronda\u00bb, que percuerre<strong> la hestoria d&#8217;una muyer adelantrada al so tiempu y la so trayectoria dende Belonciu hasta Madrid<\/strong>. L&#8217;amuesa va permanecer abierta al p\u00fablicu hasta&#8217;l pr\u00f3ximu 7 de setiembre.<\/p>\n<p>L&#8217;amuesa destaca tami\u00e9n l&#8217;aguada social de Pel\u00e1ez, que <strong>convirti\u00f3 la carid\u00e1 en formaci\u00f3n y la llimosna n&#8217;independencia econ\u00f3mica para les muyeres del so valle.<\/strong><br \/>\nLa esposici\u00f3n, qu&#8217;empez\u00f3&#8217;l pas\u00e1u 20 d&#8217;agostu, puede contemplase nel escaparate de la tienda de Sarita, asiti\u00e1u frente al BBVA, y va siguir instalada nesti espaciu hasta&#8217;l 7 de setiembre.<\/p>\n<p>La iniciativa cuenta cola collaboraci\u00f3n del Conceyu de Pilo\u00f1a.<\/p>\n<p style=\"text-align: center\"><a href=\"https:\/\/www.elfielato.es\/asset\/thumbnail,1280,720,center,center\/media\/elfielato\/images\/2026\/08\/25\/2026082511174936784.jpg\"><img loading=\"lazy\" decoding=\"async\" class=\"aligncenter size-large\" src=\"https:\/\/www.elfielato.es\/asset\/thumbnail,1280,720,center,center\/media\/elfielato\/images\/2026\/08\/25\/2026082511174936784.jpg\" width=\"960\" height=\"720\" \/><\/a><\/p>\n<p style=\"text-align: center\"><a href=\"https:\/\/www.elfielato.es\/asset\/thumbnail,1280,720,center,center\/media\/elfielato\/images\/2026\/08\/25\/2026082511175092814.jpg\"><img loading=\"lazy\" decoding=\"async\" class=\"aligncenter size-large\" src=\"https:\/\/www.elfielato.es\/asset\/thumbnail,1280,720,center,center\/media\/elfielato\/images\/2026\/08\/25\/2026082511175092814.jpg\" width=\"1000\" height=\"595\" \/><\/a><\/p>\n","protected":false},"excerpt":{"rendered":"<p>L&#8217;amuesa \u00abLa Beronda, de Belonciu a Madrid\u00bb va poder visitase del 20 d&#8217;agostu al 7 de setiembre nun escaparate de la localid\u00e1.Riu Fontoria avera la hestoria de Vicenta Pel\u00e1ez al p\u00fablicu con una esposici\u00f3n en Pilo\u00f1a. El Fielato Sol t\u00edtulu \u00abVicenta Pel\u00e1ez, \u201cLa Beronda\u201d, de Belonciu a Madrid\u00bb, la esposici\u00f3n pon el focu n&#8217;una muyer [&hellip;]<\/p>\n","protected":false},"author":117,"featured_media":0,"comment_status":"closed","ping_status":"closed","sticky":false,"template":"","format":"standard","meta":{"footnotes":""},"categories":[14,121],"tags":[],"class_list":["post-86556","post","type-post","status-publish","format-standard","hentry","category-esposiciones","category-muyeres"],"_links":{"self":[{"href":"https:\/\/edublog.educastur.es\/ixuxu\/wp-json\/wp\/v2\/posts\/86556","targetHints":{"allow":["GET"]}}],"collection":[{"href":"https:\/\/edublog.educastur.es\/ixuxu\/wp-json\/wp\/v2\/posts"}],"about":[{"href":"https:\/\/edublog.educastur.es\/ixuxu\/wp-json\/wp\/v2\/types\/post"}],"author":[{"embeddable":true,"href":"https:\/\/edublog.educastur.es\/ixuxu\/wp-json\/wp\/v2\/users\/117"}],"replies":[{"embeddable":true,"href":"https:\/\/edublog.educastur.es\/ixuxu\/wp-json\/wp\/v2\/comments?post=86556"}],"version-history":[{"count":4,"href":"https:\/\/edublog.educastur.es\/ixuxu\/wp-json\/wp\/v2\/posts\/86556\/revisions"}],"predecessor-version":[{"id":86563,"href":"https:\/\/edublog.educastur.es\/ixuxu\/wp-json\/wp\/v2\/posts\/86556\/revisions\/86563"}],"wp:attachment":[{"href":"https:\/\/edublog.educastur.es\/ixuxu\/wp-json\/wp\/v2\/media?parent=86556"}],"wp:term":[{"taxonomy":"category","embeddable":true,"href":"https:\/\/edublog.educastur.es\/ixuxu\/wp-json\/wp\/v2\/categories?post=86556"},{"taxonomy":"post_tag","embeddable":true,"href":"https:\/\/edublog.educastur.es\/ixuxu\/wp-json\/wp\/v2\/tags?post=86556"}],"curies":[{"name":"wp","href":"https:\/\/api.w.org\/{rel}","templated":true}]}}