{"id":86575,"date":"2026-08-30T14:13:49","date_gmt":"2026-08-30T12:13:49","guid":{"rendered":"https:\/\/edublog.educastur.es\/ixuxu\/?p=86575"},"modified":"2026-08-30T14:49:56","modified_gmt":"2026-08-30T12:49:56","slug":"cultura-sofita-19-proyectos-para-fomentar-lusu-del-asturianu-y-leonaviego","status":"publish","type":"post","link":"https:\/\/edublog.educastur.es\/ixuxu\/2026\/08\/cultura-sofita-19-proyectos-para-fomentar-lusu-del-asturianu-y-leonaviego\/","title":{"rendered":"Cultura sofita 19 proyectos para fomentar l&#8217;usu del asturianu y l&#8217;eonaviego"},"content":{"rendered":"<p><a href=\"https:\/\/www.rtpa.es\/noticias-asturias\/2026-08-30\/Cultura-apoya-19-proyectos-para-fomentar-el-uso-del-asturiano-y-el-eonaviego-con-120.000-euros_111788084442.html\">Cultura sofita 19 proyectos para fomentar l&#8217;usu del asturianu y l&#8217;eonaviego con 120.000 euros.<\/a><\/p>\n<p style=\"text-align: center\"><a href=\"https:\/\/actualidad.asturias.es\/documents\/537115\/3436427\/6-pasos-1530x80.jpg\/cd885690-b024-469a-e23c-78f71083246c?t=1787993890500\"><img loading=\"lazy\" decoding=\"async\" class=\"aligncenter \" src=\"https:\/\/actualidad.asturias.es\/documents\/537115\/3436427\/6-pasos-1530x80.jpg\/cd885690-b024-469a-e23c-78f71083246c?t=1787993890500\" width=\"698\" height=\"365\" \/><\/a><\/p>\n<p>Les ayudes van sofitar iniciatives culturales, festivales, grabaciones musicales y proyectos empresariales<a href=\"https:\/\/actualidad.asturias.es\/-\/proyectosasturiano0830?redirect=%2F\">. Actualid\u00e1<\/a><\/p>\n<p><!--more--><\/p>\n<p style=\"text-align: center\"><a href=\"https:\/\/www.rtpa.es\/fotos\/\/26\/08\/20260804143823_RTPA8447712.webp\"><img loading=\"lazy\" decoding=\"async\" class=\"aligncenter size-large\" src=\"https:\/\/www.rtpa.es\/fotos\/\/26\/08\/20260804143823_RTPA8447712.webp\" width=\"853\" height=\"480\" \/><\/a><\/p>\n<p>&nbsp;<\/p>\n<p>La convocatoria beneficia a empreses como Kikiricoop. La cooperativa recibe m\u00e1s de 5.000 euros para desenvolver la imaxe corporativa del so productu estrella: la crema d&#8217;ablanes Asturcilla.<\/p>\n<p>Tami\u00e9n van cuntar con ayudes ocho entidaes ensin \u00e1nimu d&#8217;arriquecimientu como&#8217;l grupu Corri Corri que va recibir la mayor aportaci\u00f3n, 12.500 euros.<\/p>\n<p>L&#8217;asociaci\u00f3n cultural La Ben\u00e9fica o&#8217;l grupu Xeitu tami\u00e9n van recibir ayudes para la organizaci\u00f3n de festivales o la grabaci\u00f3n d&#8217;un discu.<\/p>\n<p>&nbsp;<\/p>\n<p><span style=\"color: #008080\">La l\u00ednea dirigida a empresas respalda once propuestas que llevan las lenguas propias a \u00e1mbitos como el audiovisual, la m\u00fasica, el comercio, los juegos infantiles o la imagen de negocios y productos. La ayuda de mayor cuant\u00eda corresponde a Masnorte Global Power, S. L., que recibe 25.910,64 euros para la automatizaci\u00f3n integral de un canal en asturiano y una web biling\u00fce. Espublizastur, S. L. contar\u00e1 con 7.400 euros para\u00a0<i>L\u2019asturianu llega a casa<\/i>, una iniciativa que incorpora esta lengua al comercio digital de parafarmacia.<\/span><\/p>\n<p><span style=\"color: #008080\">La creaci\u00f3n y la divulgaci\u00f3n cultural tienen tambi\u00e9n un peso destacado. As\u00ed, Goxe Producciones, S. L. recibe 5.494,23 euros para el\u00a0<i>Anuariu de la m\u00fasica asturiana 2025\u00a0<\/i>y Barenta Social, S. L. L. dispondr\u00e1 de 5.479,28 para el documental\u00a0<i>El noso r\u00edo<\/i>. A estas propuestas se suma\u00a0<i>Alorias<\/i>, un videop\u00f3dcast de cultura en eonaviego de Mialma Produci\u00f3is, S. L., que contar\u00e1 con 3.600 euros, y el\u00a0<i>III Premio Muyer de Narraciones Trabe,<\/i>\u00a0de Ediciones Trabe, S. L., con 1.400 euros.<\/span><\/p>\n<p><span style=\"color: #008080\">El asturiano llega tambi\u00e9n a productos y espacios de consumo cotidiano como Kikiricoop S. Coop, que recibe 5.412,10 euros para desarrollar la imagen corporativa de la crema de avellanas al cacao\u00a0<i>Asturcilla<\/i>. Por su parte, Qu\u00e9 Ho Regalos, S. L. L. suma 8.633,80 euros para dos iniciativas: 4.895 para el dise\u00f1o y fabricaci\u00f3n de juegos de mesa infantiles y 3.738,80 para renovar la imagen corporativa, las redes sociales y la rotulaci\u00f3n comercial en asturiano de su establecimiento de Villaviciosa.<\/span><\/p>\n<p><span style=\"color: #008080\">Completan esta l\u00ednea los 4.940 euros concedidos a Susana Mar\u00eda Sela para la edici\u00f3n del cat\u00e1logo\u00a0<i>Regala n\u2019asturianu<\/i>\u00a0y los 1.729,95 destinados a Gil Men\u00e9ndez Barrera para la rotulaci\u00f3n y publicidad en asturiano de la marca\u00a0<i>labienllegada<\/i>. En conjunto, los once proyectos completan los 70.000 euros disponibles para empresas.<\/span><\/p>\n<p><span style=\"color: #008080\"><b>Proyectos para la normalizaci\u00f3n en el tejido asociativo<\/b><\/span><\/p>\n<p><span style=\"color: #008080\">Otros 50.000 euros se distribuyen entre ocho proyectos promovidos por entidades sin \u00e1nimo de lucro. En este caso, las ayudas acercan el asturiano a festivales, m\u00fasica, poes\u00eda, publicaciones y actividades comunitarias, para reforzar su presencia en propuestas nacidas del tejido cultural y asociativo.<\/span><\/p>\n<p><span style=\"color: #008080\">La mayor aportaci\u00f3n, 12.590,60 euros, corresponde al Grupo Folkl\u00f3rico Corri-Corri para la quinta edici\u00f3n del\u00a0<i>V\u00e1lgame Fest<\/i>. La Asociaci\u00f3n Cultural La Ben\u00e9fica de Pilo\u00f1a recibe 9.354 euros para\u00a0<i>Falar, cantar, compartir: l\u2019asturianu na cultura cotidiana<\/i>, mientras que la Asociaci\u00f3n Mez\u00e1 contar\u00e1 con 8.000 euros para el<i>\u00a0V Ciclu de poes\u00eda Qed.<\/i><\/span><\/p>\n<p><span style=\"color: #008080\">Tambi\u00e9n se conceden 7.500 euros a Xeitu Grupu de Baile Tradicional para la grabaci\u00f3n de su segundo disco y 6.989,99 a la Asociaci\u00f3n Cultural Cerezal para\u00a0<i>V\u00e9rsica<\/i>.\u00a0<i>La ne\u00f1a que nun medraba<\/i>. La relaci\u00f3n se completa con la Fundaci\u00f3n Belenos, que recibe 2.000 euros para publicar el n\u00famero 45 de la revista\u00a0<i>Asturies<\/i>; Sociedad La Montera, con 2.177 euros para el\u00a0<i>IV Certame de cuentos curtios M\u00e1nfer de la Llera,\u00a0<\/i>y Asociaci\u00f3n Luar, con 1.388,41 euros para el proyecto\u00a0<i>Tanda<\/i>.<\/span><\/p>\n<p><span style=\"color: #008080\">Las dos l\u00edneas respaldan proyectos de naturaleza y dimensiones muy distintas, pero unidos por un mismo objetivo: ampliar los espacios en los que el asturiano y el eonaviego forman parte de la actividad cultural, econ\u00f3mica y social y favorecer que su uso llegue con naturalidad a nuevos formatos y p\u00fablicos.<\/span><\/p>\n<p><span style=\"color: #008080\">Con estas ayudas, el Gobierno de Asturias acompa\u00f1a tanto a empresas como al tejido asociativo en la creaci\u00f3n de nuevos espacios para las lenguas propias, desde una p\u00e1gina web, un comercio o un producto hasta un festival, un p\u00f3dcast, un documental, una publicaci\u00f3n o una actividad cultural.<\/span><\/p>\n","protected":false},"excerpt":{"rendered":"<p>Cultura sofita 19 proyectos para fomentar l&#8217;usu del asturianu y l&#8217;eonaviego con 120.000 euros. Les ayudes van sofitar iniciatives culturales, festivales, grabaciones musicales y proyectos empresariales. Actualid\u00e1<\/p>\n","protected":false},"author":117,"featured_media":0,"comment_status":"closed","ping_status":"closed","sticky":false,"template":"","format":"standard","meta":{"footnotes":""},"categories":[44,418,393],"tags":[],"class_list":["post-86575","post","type-post","status-publish","format-standard","hentry","category-asturianu","category-ayudes","category-eonaviego"],"_links":{"self":[{"href":"https:\/\/edublog.educastur.es\/ixuxu\/wp-json\/wp\/v2\/posts\/86575","targetHints":{"allow":["GET"]}}],"collection":[{"href":"https:\/\/edublog.educastur.es\/ixuxu\/wp-json\/wp\/v2\/posts"}],"about":[{"href":"https:\/\/edublog.educastur.es\/ixuxu\/wp-json\/wp\/v2\/types\/post"}],"author":[{"embeddable":true,"href":"https:\/\/edublog.educastur.es\/ixuxu\/wp-json\/wp\/v2\/users\/117"}],"replies":[{"embeddable":true,"href":"https:\/\/edublog.educastur.es\/ixuxu\/wp-json\/wp\/v2\/comments?post=86575"}],"version-history":[{"count":3,"href":"https:\/\/edublog.educastur.es\/ixuxu\/wp-json\/wp\/v2\/posts\/86575\/revisions"}],"predecessor-version":[{"id":86595,"href":"https:\/\/edublog.educastur.es\/ixuxu\/wp-json\/wp\/v2\/posts\/86575\/revisions\/86595"}],"wp:attachment":[{"href":"https:\/\/edublog.educastur.es\/ixuxu\/wp-json\/wp\/v2\/media?parent=86575"}],"wp:term":[{"taxonomy":"category","embeddable":true,"href":"https:\/\/edublog.educastur.es\/ixuxu\/wp-json\/wp\/v2\/categories?post=86575"},{"taxonomy":"post_tag","embeddable":true,"href":"https:\/\/edublog.educastur.es\/ixuxu\/wp-json\/wp\/v2\/tags?post=86575"}],"curies":[{"name":"wp","href":"https:\/\/api.w.org\/{rel}","templated":true}]}}