{"id":86581,"date":"2026-08-29T17:00:37","date_gmt":"2026-08-29T15:00:37","guid":{"rendered":"https:\/\/edublog.educastur.es\/ixuxu\/?p=86581"},"modified":"2026-08-30T14:27:23","modified_gmt":"2026-08-30T12:27:23","slug":"texedores-bordadores-costureres-y-crocheteres-nel-museu-del-pueblu-dasturies","status":"publish","type":"post","link":"https:\/\/edublog.educastur.es\/ixuxu\/2026\/08\/texedores-bordadores-costureres-y-crocheteres-nel-museu-del-pueblu-dasturies\/","title":{"rendered":"Texedores, bordadores, costureres y crocheteres nel Mus\u00e9u del Pueblu d&#8217;Asturies"},"content":{"rendered":"<p class=\"text-2xl font-bold font-serif leading-tight max-w-[65ch] mb-1.5\"><a href=\"https:\/\/www.rtpa.es\/noticias-sociedad-ast\/2026-08-29\/Un-centenar-de-texedores,-bordadores,-costureres-y-crocheteres-nel-Museu-del-Pueblu-d'Asturies_111788006455.html\">Un centenar de texedores, bordadores, costureres y crocheteres nel Mus\u00e9u del Pueblu d&#8217;Asturies<\/a>. <strong>L&#8217;alcuentru ta entam\u00e1u pola asociaci\u00f3n &#8216;Atr\u00e9vete&#8217; y l&#8217;influencer Diego Varela.<\/strong><\/p>\n<p style=\"text-align: center\"><a href=\"https:\/\/www.rtpa.es\/fotos\/\/26\/08\/20260829134604_RTPA8540725.webp\"><img loading=\"lazy\" decoding=\"async\" class=\"aligncenter size-large\" src=\"https:\/\/www.rtpa.es\/fotos\/\/26\/08\/20260829134604_RTPA8540725.webp\" width=\"853\" height=\"480\" \/><\/a><\/p>\n<p><strong>En Xix\u00f3n, alcuentru d\u2019un centenar de texedores, bordadores, costureres y crocheteres de toa Asturies<\/strong>. L\u2019alcuentru ent\u00e1malu l\u2019asociaci\u00f3n de Muyeres Emprendedores &#8216;Atr\u00e9vete&#8217;, en collaboraci\u00f3n col influencer y espertu en crochet Diego Varela. Ll\u00e9vase alantre, hasta esta tarde, nel Mus\u00e9u del Pueblu d\u2019Asturies.\u00a0Una ocasi\u00f3n pa compartir esperiencies y t\u00e9cniques, y tami\u00e9n pa deprender. Hai talleres am\u00e1s pa esplorar, por exemplu, el valor terap\u00e9uticu d\u2019estos llabores.<\/p>\n","protected":false},"excerpt":{"rendered":"<p>Un centenar de texedores, bordadores, costureres y crocheteres nel Mus\u00e9u del Pueblu d&#8217;Asturies. L&#8217;alcuentru ta entam\u00e1u pola asociaci\u00f3n &#8216;Atr\u00e9vete&#8217; y l&#8217;influencer Diego Varela. En Xix\u00f3n, alcuentru d\u2019un centenar de texedores, bordadores, costureres y crocheteres de toa Asturies. L\u2019alcuentru ent\u00e1malu l\u2019asociaci\u00f3n de Muyeres Emprendedores &#8216;Atr\u00e9vete&#8217;, en collaboraci\u00f3n col influencer y espertu en crochet Diego Varela. Ll\u00e9vase [&hellip;]<\/p>\n","protected":false},"author":117,"featured_media":0,"comment_status":"closed","ping_status":"closed","sticky":false,"template":"","format":"standard","meta":{"footnotes":""},"categories":[400],"tags":[],"class_list":["post-86581","post","type-post","status-publish","format-standard","hentry","category-artesania"],"_links":{"self":[{"href":"https:\/\/edublog.educastur.es\/ixuxu\/wp-json\/wp\/v2\/posts\/86581","targetHints":{"allow":["GET"]}}],"collection":[{"href":"https:\/\/edublog.educastur.es\/ixuxu\/wp-json\/wp\/v2\/posts"}],"about":[{"href":"https:\/\/edublog.educastur.es\/ixuxu\/wp-json\/wp\/v2\/types\/post"}],"author":[{"embeddable":true,"href":"https:\/\/edublog.educastur.es\/ixuxu\/wp-json\/wp\/v2\/users\/117"}],"replies":[{"embeddable":true,"href":"https:\/\/edublog.educastur.es\/ixuxu\/wp-json\/wp\/v2\/comments?post=86581"}],"version-history":[{"count":1,"href":"https:\/\/edublog.educastur.es\/ixuxu\/wp-json\/wp\/v2\/posts\/86581\/revisions"}],"predecessor-version":[{"id":86582,"href":"https:\/\/edublog.educastur.es\/ixuxu\/wp-json\/wp\/v2\/posts\/86581\/revisions\/86582"}],"wp:attachment":[{"href":"https:\/\/edublog.educastur.es\/ixuxu\/wp-json\/wp\/v2\/media?parent=86581"}],"wp:term":[{"taxonomy":"category","embeddable":true,"href":"https:\/\/edublog.educastur.es\/ixuxu\/wp-json\/wp\/v2\/categories?post=86581"},{"taxonomy":"post_tag","embeddable":true,"href":"https:\/\/edublog.educastur.es\/ixuxu\/wp-json\/wp\/v2\/tags?post=86581"}],"curies":[{"name":"wp","href":"https:\/\/api.w.org\/{rel}","templated":true}]}}