{"id":86590,"date":"2026-08-30T14:40:05","date_gmt":"2026-08-30T12:40:05","guid":{"rendered":"https:\/\/edublog.educastur.es\/ixuxu\/?p=86590"},"modified":"2026-08-30T14:40:35","modified_gmt":"2026-08-30T12:40:35","slug":"el-calor-obliga-a-les-bodegues-a-empecipiar-la-collecha","status":"publish","type":"post","link":"https:\/\/edublog.educastur.es\/ixuxu\/2026\/08\/el-calor-obliga-a-les-bodegues-a-empecipiar-la-collecha\/","title":{"rendered":"El calor obliga a les bodegues a empecipiar la collecha"},"content":{"rendered":"<p class=\"text-2xl font-bold font-serif leading-tight max-w-[65ch] mb-1.5\"><a href=\"https:\/\/www.rtpa.es\/noticias-asturias-ast\/2026-08-27\/El-calor-obliga-a-les-bodegues-a-empecipiar-la-collecha-con-antelacion_111787828991.html\">El calor obliga a les bodegues a empecipiar la collecha con antelaci\u00f3n<\/a>.<\/p>\n<p style=\"text-align: center\"><a href=\"https:\/\/www.rtpa.es\/fotos\/\/26\/08\/20260827141543_RTPA8531030.webp\"><img loading=\"lazy\" decoding=\"async\" class=\"aligncenter size-large\" src=\"https:\/\/www.rtpa.es\/fotos\/\/26\/08\/20260827141543_RTPA8531030.webp\" width=\"853\" height=\"480\" \/><\/a><\/p>\n<div class=\"flow rtpa-prose text-lg leading-tight mb-6\"><strong>Les altes temperatures aceleraron la maduraci\u00f3n de la uva.<\/strong><\/div>\n<div><\/div>\n<p><!--more--><\/p>\n<div class=\"flow rtpa-prose text-base text-neutral-700\">\n<p>L&#8217;intensu calor d&#8217;esti branu tami\u00e9n se dexa notar nel vinu. S\u00e1benlo bien nel suroccidente, onde les bodegues de la DOP Vinu de Cangas vense obligaes a empecipiar la collecha con m\u00e1s d&#8217;una selmana d&#8217;antelaci\u00f3n.<\/p>\n<p>Anque g\u00fcei l&#8217;agua da una peque\u00f1a tregua, el sol y les altes temperatures protagonizaron el branu nel suroccidente. Calor qu&#8217;aceler\u00f3 la maduraci\u00f3n de la uva obligando a bodegues a adelantar l&#8217;empiezu de la collecha.<\/p>\n<p>A puntu d&#8217;algamar los 13 graos, temperatura buscada p&#8217;arrancar los recimos, la uva av\u00e9rase al tama\u00f1u y sabor afayadizos pa la so recoyida.<\/p>\n<p>Mentanto, estos d\u00edes toca acabar d&#8217;arrincar les fueyes sobrantes pa que&#8217;l sol remate&#8217;l so trabayu nos frutos.<\/p>\n<p>Con too, les mires pa esta campa\u00f1a son bien bones. Equ\u00ed esperen collechar unos 35.000 quilos d&#8217;uva blanca y tinta. Cantid\u00e1 que va obligar a un mes d&#8217;intensu trabayu.<\/p>\n<p>Agora toca esperar si esti calurosu branu va dexar, polo menos, igualar los 250.000 quilos de la collecha del 2025.<\/p>\n<\/div>\n","protected":false},"excerpt":{"rendered":"<p>El calor obliga a les bodegues a empecipiar la collecha con antelaci\u00f3n. Les altes temperatures aceleraron la maduraci\u00f3n de la uva.<\/p>\n","protected":false},"author":117,"featured_media":0,"comment_status":"closed","ping_status":"closed","sticky":false,"template":"","format":"standard","meta":{"footnotes":""},"categories":[138],"tags":[],"class_list":["post-86590","post","type-post","status-publish","format-standard","hentry","category-alimentos"],"_links":{"self":[{"href":"https:\/\/edublog.educastur.es\/ixuxu\/wp-json\/wp\/v2\/posts\/86590","targetHints":{"allow":["GET"]}}],"collection":[{"href":"https:\/\/edublog.educastur.es\/ixuxu\/wp-json\/wp\/v2\/posts"}],"about":[{"href":"https:\/\/edublog.educastur.es\/ixuxu\/wp-json\/wp\/v2\/types\/post"}],"author":[{"embeddable":true,"href":"https:\/\/edublog.educastur.es\/ixuxu\/wp-json\/wp\/v2\/users\/117"}],"replies":[{"embeddable":true,"href":"https:\/\/edublog.educastur.es\/ixuxu\/wp-json\/wp\/v2\/comments?post=86590"}],"version-history":[{"count":1,"href":"https:\/\/edublog.educastur.es\/ixuxu\/wp-json\/wp\/v2\/posts\/86590\/revisions"}],"predecessor-version":[{"id":86591,"href":"https:\/\/edublog.educastur.es\/ixuxu\/wp-json\/wp\/v2\/posts\/86590\/revisions\/86591"}],"wp:attachment":[{"href":"https:\/\/edublog.educastur.es\/ixuxu\/wp-json\/wp\/v2\/media?parent=86590"}],"wp:term":[{"taxonomy":"category","embeddable":true,"href":"https:\/\/edublog.educastur.es\/ixuxu\/wp-json\/wp\/v2\/categories?post=86590"},{"taxonomy":"post_tag","embeddable":true,"href":"https:\/\/edublog.educastur.es\/ixuxu\/wp-json\/wp\/v2\/tags?post=86590"}],"curies":[{"name":"wp","href":"https:\/\/api.w.org\/{rel}","templated":true}]}}