{"id":86596,"date":"2026-08-30T14:54:29","date_gmt":"2026-08-30T12:54:29","guid":{"rendered":"https:\/\/edublog.educastur.es\/ixuxu\/?p=86596"},"modified":"2026-08-31T16:47:18","modified_gmt":"2026-08-31T14:47:18","slug":"cadaveu-celebral-so-dia-grande-de-la-regalina","status":"publish","type":"post","link":"https:\/\/edublog.educastur.es\/ixuxu\/2026\/08\/cadaveu-celebral-so-dia-grande-de-la-regalina\/","title":{"rendered":"Cadav\u00e9u celebra&#8217;l so d\u00eda grande de La Regalina"},"content":{"rendered":"<p style=\"text-align: center\"><a href=\"https:\/\/s3.ppllstatics.com\/elcomercio\/www\/multimedia\/local\/2026\/08\/30\/regalina-U201605486924w4D-Ryye1eRYSuxhMjrZ3O6UGgI-1200x840@El%20Comercio.jpg\"><img loading=\"lazy\" decoding=\"async\" class=\"aligncenter size-large\" src=\"https:\/\/s3.ppllstatics.com\/elcomercio\/www\/multimedia\/local\/2026\/08\/30\/regalina-U201605486924w4D-Ryye1eRYSuxhMjrZ3O6UGgI-1200x840@El%20Comercio.jpg\" width=\"1200\" height=\"840\" \/><\/a><\/p>\n<p>Cadav\u00e9u celebra&#8217;l so d\u00eda grande de La Regalina ente gaites, tradici\u00f3n y devoci\u00f3n. El desfile escontra la ermita, la danza prima, la procesi\u00f3n y les actuaciones folcl\u00f3riques protagonicen una xornada que se va enllargar hasta la nueche. <a href=\"https:\/\/www.elcomercio.es\/asturias\/occidente\/cadavedo-celebra-dia-grande-regalina-gaitas-tradicion-20260830132348-nt.html\">El Comercio<\/a><\/p>\n<p><!--more--><\/p>\n<p>La localid\u00e1 de Cadav\u00e9u, en Vald\u00e9s, vive esti domingu&#8217;l d\u00eda grande de La Regalina, una de les sos celebraciones m\u00e1s emblem\u00e1tiques y una cita fondamente amestada a la tradici\u00f3n, el folclore y la devoci\u00f3n. El Campu de La Garita, al pie de la ermita de Santa Mar\u00eda de Ri\u00e9gala y col Cant\u00e1bricu como tel\u00f3n de fondu, volvi\u00f3 convertise nel principal <strong>puntu d&#8217;alcuentru d&#8217;una xornada que va axuntar m\u00fasica, bailles tradicionales, procesi\u00f3n y actos relixosos.<\/strong><\/p>\n<p>La programaci\u00f3n d&#8217;esti domingu empez\u00f3 a les 11 hores con unu de los momentos m\u00e1s caracter\u00edsticos de La Regalina: el desfile tradicional dende&#8217;l Campu de Tosquila hasta la ermita. Xarr\u00e9s, m\u00fasica y traxes tradicionales volvieron asina a percorrer Cadav\u00e9u en direcci\u00f3n al llugar onde naci\u00f3<strong> una celebraci\u00f3n que se caltien viva dende 1931.<\/strong><\/p>\n<p>Una hora dempu\u00e9s, a los dolce, tuvo llugar la llectura del preg\u00f3n. A partir d&#8217;ent\u00f3s asocedi\u00e9ronse dalgunos de los actos con mayor carga simb\u00f3lica de la xornada. A les 12.30 hores lleg\u00f3 la Danza Prima y darr\u00e9u realiz\u00f3se la entrega de la medaya per parte de la Hermand\u00e1 de la Virxe de Riegla del Pinar de Chipiona a la Virxe de La Regalina.<\/p>\n<p>El folclore sigui\u00f3 col Corri Corri, interpret\u00e1u pol Grupu Xovellanos, antes de dar pasu a la tradicional procesi\u00f3n.<\/p>\n<p>A les 13 hores celebr\u00f3 la Santa Misa, mientres la que tien llugar tami\u00e9n la bendici\u00f3n del estandarte de La Regalina.<\/p>\n<p>La m\u00fasica y los bailles asturianos tomaron dempu\u00e9s el protagonismu. A les 13.30 hores empezaron les actuaciones de Coros y Dances La Regalina, Xeitu, Grupu de Baille Trebeyu y Coros y Danza Xovellanos, que van llevar hasta&#8217;l *prao una amuesa del *folclore qu&#8217;hist\u00f3ricamente acompa\u00f1\u00f3 a esta fiesta.<\/p>\n<p>Tres la posa del mediud\u00eda, La Regalina va retomar la so activid\u00e1 a les 17 hores d&#8217;esti domingu. Les bandes de gaita Castrill\u00f3n y Villa de Xix\u00f3n van ser les encargaes de poner m\u00fasica a la tarde, acompa\u00f1aes por Coros y Danza Xovellanos, Grupu de Baille Trebeyu, Xeitu y Coros y Dances La Regalina.<\/p>\n<p>Otru de los momentos se\u00f1alaos va llegar a les 19 hores cola entrega del Premiu de Poes\u00eda. Solo diez minutos dempu\u00e9s, a les 19.10 hores, va celebrase la tradicional rifa. Los vales pa participar van poder adquirise nel puestu asiti\u00e1u debaxo del horru.<\/p>\n<p>A les 19.30 hores, Trebeyu va ufiertar un conciertu folcl\u00f3ricu, enllargando una tarde na que les gaites, los bailles y les tradiciones asturianes volver\u00e1n ser protagonistes.<\/p>\n<p><strong>Puestos artesanales, comida y m\u00fasica<\/strong><br \/>\nMientres tola xornada, quien s&#8217;averen hasta&#8217;l Campu de La Garita van poder atopar tami\u00e9n puestos artesanales y de comida instalaos nel prao.<\/p>\n<p>La celebraci\u00f3n va siguir hasta la nueche. A partir de les 22.30 hores, Madastur y Costa Norte van ser los encargaos de poner m\u00fasica al tramu final d&#8217;esti domingu festivu.<\/p>\n<p>La xornada va volver asina a axuntar\u00a0 los elementos que definieron La Regalina mientres m\u00e1s de nueve d\u00e9cades: <strong>devoci\u00f3n, folclore, m\u00fasica y alcuentru vecinal n&#8217;unu de los escenarios m\u00e1s reconocibles de la mari\u00f1a occidental asturiana.<\/strong><\/p>\n<p style=\"text-align: center\">\n<!-- iframe plugin v.6.0 wordpress.org\/plugins\/iframe\/ -->\n<iframe loading=\"lazy\" src=\"https:\/\/www.facebook.com\/plugins\/post.php?href=https%3A%2F%2Fwww.facebook.com%2Fphoto.php%3Ffbid%3D1054080030930174%26set%3Da.108910392113814%26type%3D3&#038;show_text=true&#038;width=500\" width=\"500\" height=\"767\" style=\"border:none;overflow:hidden\" scrolling=\"no\" frameborder=\"0\" allowfullscreen=\"true\" allow=\"autoplay; clipboard-write; encrypted-media; picture-in-picture; web-share\" 0=\"\/iframe\" class=\"iframe-class\"><\/iframe>\n<\/p>\n","protected":false},"excerpt":{"rendered":"<p>Cadav\u00e9u celebra&#8217;l so d\u00eda grande de La Regalina ente gaites, tradici\u00f3n y devoci\u00f3n. El desfile escontra la ermita, la danza prima, la procesi\u00f3n y les actuaciones folcl\u00f3riques protagonicen una xornada que se va enllargar hasta la nueche. El Comercio<\/p>\n","protected":false},"author":117,"featured_media":0,"comment_status":"closed","ping_status":"closed","sticky":false,"template":"","format":"standard","meta":{"footnotes":""},"categories":[478],"tags":[],"class_list":["post-86596","post","type-post","status-publish","format-standard","hentry","category-fiestes-dinteres-turisticu"],"_links":{"self":[{"href":"https:\/\/edublog.educastur.es\/ixuxu\/wp-json\/wp\/v2\/posts\/86596","targetHints":{"allow":["GET"]}}],"collection":[{"href":"https:\/\/edublog.educastur.es\/ixuxu\/wp-json\/wp\/v2\/posts"}],"about":[{"href":"https:\/\/edublog.educastur.es\/ixuxu\/wp-json\/wp\/v2\/types\/post"}],"author":[{"embeddable":true,"href":"https:\/\/edublog.educastur.es\/ixuxu\/wp-json\/wp\/v2\/users\/117"}],"replies":[{"embeddable":true,"href":"https:\/\/edublog.educastur.es\/ixuxu\/wp-json\/wp\/v2\/comments?post=86596"}],"version-history":[{"count":2,"href":"https:\/\/edublog.educastur.es\/ixuxu\/wp-json\/wp\/v2\/posts\/86596\/revisions"}],"predecessor-version":[{"id":86636,"href":"https:\/\/edublog.educastur.es\/ixuxu\/wp-json\/wp\/v2\/posts\/86596\/revisions\/86636"}],"wp:attachment":[{"href":"https:\/\/edublog.educastur.es\/ixuxu\/wp-json\/wp\/v2\/media?parent=86596"}],"wp:term":[{"taxonomy":"category","embeddable":true,"href":"https:\/\/edublog.educastur.es\/ixuxu\/wp-json\/wp\/v2\/categories?post=86596"},{"taxonomy":"post_tag","embeddable":true,"href":"https:\/\/edublog.educastur.es\/ixuxu\/wp-json\/wp\/v2\/tags?post=86596"}],"curies":[{"name":"wp","href":"https:\/\/api.w.org\/{rel}","templated":true}]}}