{"id":86605,"date":"2026-08-30T08:59:09","date_gmt":"2026-08-30T06:59:09","guid":{"rendered":"https:\/\/edublog.educastur.es\/ixuxu\/?p=86605"},"modified":"2026-08-30T21:21:14","modified_gmt":"2026-08-30T19:21:14","slug":"dia-internacional-del-puma","status":"publish","type":"post","link":"https:\/\/edublog.educastur.es\/ixuxu\/2026\/08\/dia-internacional-del-puma\/","title":{"rendered":"D\u00eda Internacional del Puma"},"content":{"rendered":"<p><span class=\"r-18u37iz\"><a class=\"css-1jxf684 r-bcqeeo r-1ttztb7 r-qvutc0 r-poiln3 r-1loqt21\" dir=\"ltr\" role=\"link\" href=\"https:\/\/x.com\/hashtag\/D%C3%ADaInternacionalDelPuma?src=hashtag_click\">#D\u00edaInternacionalDelPuma<\/a><\/span> <span class=\"r-18u37iz\"><a class=\"css-1jxf684 r-bcqeeo r-1ttztb7 r-qvutc0 r-poiln3 r-b88u0q r-1loqt21\" dir=\"ltr\" role=\"link\" href=\"https:\/\/x.com\/hashtag\/Puma?src=hashtag_click\">#Puma<\/a><\/span> <span class=\"r-18u37iz\"><a class=\"css-1jxf684 r-bcqeeo r-1ttztb7 r-qvutc0 r-poiln3 r-1loqt21\" dir=\"ltr\" role=\"link\" href=\"https:\/\/x.com\/hashtag\/Zacango?src=hashtag_click\">#Zacango<\/a><\/span> <span class=\"r-18u37iz\"><a class=\"css-1jxf684 r-bcqeeo r-1ttztb7 r-qvutc0 r-poiln3 r-1loqt21\" dir=\"ltr\" role=\"link\" href=\"https:\/\/x.com\/hashtag\/Conservaci%C3%B3n?src=hashtag_click\">#Conservaci\u00f3n<\/a><\/span> \/ Reconocemos a esta especie fundamental para los ecosistemes americanos y l&#8217;importancia de protexela frente a les amenaces qu&#8217;enfrenta. Caltener al puma tami\u00e9n significa caltener l&#8217;equilibriu y la biodiversid\u00e1 de los nuesos territorios.<\/p>\n<p style=\"text-align: center\"><a href=\"https:\/\/pbs.twimg.com\/media\/HQ0pN_ZWoAAP9Ll?format=jpg&amp;name=4096x4096\"><img loading=\"lazy\" decoding=\"async\" class=\"aligncenter \" src=\"https:\/\/pbs.twimg.com\/media\/HQ0pN_ZWoAAP9Ll?format=jpg&amp;name=4096x4096\" width=\"580\" height=\"725\" \/><\/a><\/p>\n<p><!--more--><\/p>\n<p style=\"text-align: center\"><a href=\"https:\/\/pbs.twimg.com\/media\/HQ5WQWzXUAE8SCH?format=jpg&amp;name=4096x4096\"><img loading=\"lazy\" decoding=\"async\" class=\"aligncenter \" src=\"https:\/\/pbs.twimg.com\/media\/HQ5WQWzXUAE8SCH?format=jpg&amp;name=4096x4096\" width=\"553\" height=\"691\" \/><\/a><\/p>\n<p><strong>Destaca por ser el segundu fel\u00edn m\u00e1s grande del continente americano<\/strong>, depu\u00e9s del yaguaret\u00e9, y por cuntar con una distribuci\u00f3n que toma dende Arxentina y Chile hasta Alaska.<\/p>\n<p style=\"text-align: center\"><a href=\"https:\/\/pbs.twimg.com\/media\/Egq9944XkAQv54P?format=jpg&amp;name=medium\"><img loading=\"lazy\" decoding=\"async\" class=\"aligncenter \" src=\"https:\/\/pbs.twimg.com\/media\/Egq9944XkAQv54P?format=jpg&amp;name=medium\" width=\"599\" height=\"599\" \/><\/a><\/p>\n<p>Les femes de puma suelen dar a lluz de 1 a 6 cr\u00edes, tres un per\u00edodu de xestaci\u00f3n de 90 a 96 d\u00edes. Los peque\u00f1os felinos qu\u00e9dense coles sos madres hasta los 1 o 2 a\u00f1os. <a href=\"https:\/\/x.com\/MMAChile\/status\/1167491705743929344\/video\/1\">VIDEU<\/a> \/<\/p>\n<p style=\"text-align: center\"><a href=\"https:\/\/pbs.twimg.com\/media\/FbbwreXWYAAXvbk?format=jpg&amp;name=medium\"><img loading=\"lazy\" decoding=\"async\" class=\"aligncenter size-large\" src=\"https:\/\/pbs.twimg.com\/media\/FbbwreXWYAAXvbk?format=jpg&amp;name=medium\" width=\"1200\" height=\"665\" \/><\/a><\/p>\n<p>Anque perdi\u00f3&#8217;l 40 % de la so distribuci\u00f3n en Llatinoam\u00e9rica, na Amazonia colombiana ent\u00e1 aguanta fuerte. \ud83c\udf3f<\/p>\n<p style=\"text-align: center\"><a href=\"https:\/\/pbs.twimg.com\/media\/HQ-zefOXYAAxBAT?format=jpg&amp;name=large\"><img loading=\"lazy\" decoding=\"async\" class=\"aligncenter size-large\" src=\"https:\/\/pbs.twimg.com\/media\/HQ-zefOXYAAxBAT?format=jpg&amp;name=large\" width=\"1279\" height=\"1600\" \/><\/a><\/p>\n<p style=\"text-align: center\"><a href=\"https:\/\/pbs.twimg.com\/media\/HQv9tTTXQAAjcKM?format=jpg&amp;name=4096x4096\"><img loading=\"lazy\" decoding=\"async\" class=\"aligncenter size-large\" src=\"https:\/\/pbs.twimg.com\/media\/HQv9tTTXQAAjcKM?format=jpg&amp;name=4096x4096\" width=\"3277\" height=\"4096\" \/><\/a><\/p>\n","protected":false},"excerpt":{"rendered":"<p>#D\u00edaInternacionalDelPuma #Puma #Zacango #Conservaci\u00f3n \/ Reconocemos a esta especie fundamental para los ecosistemes americanos y l&#8217;importancia de protexela frente a les amenaces qu&#8217;enfrenta. Caltener al puma tami\u00e9n significa caltener l&#8217;equilibriu y la biodiversid\u00e1 de los nuesos territorios.<\/p>\n","protected":false},"author":117,"featured_media":0,"comment_status":"closed","ping_status":"closed","sticky":false,"template":"","format":"standard","meta":{"footnotes":""},"categories":[6],"tags":[],"class_list":["post-86605","post","type-post","status-publish","format-standard","hentry","category-dia-de"],"_links":{"self":[{"href":"https:\/\/edublog.educastur.es\/ixuxu\/wp-json\/wp\/v2\/posts\/86605","targetHints":{"allow":["GET"]}}],"collection":[{"href":"https:\/\/edublog.educastur.es\/ixuxu\/wp-json\/wp\/v2\/posts"}],"about":[{"href":"https:\/\/edublog.educastur.es\/ixuxu\/wp-json\/wp\/v2\/types\/post"}],"author":[{"embeddable":true,"href":"https:\/\/edublog.educastur.es\/ixuxu\/wp-json\/wp\/v2\/users\/117"}],"replies":[{"embeddable":true,"href":"https:\/\/edublog.educastur.es\/ixuxu\/wp-json\/wp\/v2\/comments?post=86605"}],"version-history":[{"count":8,"href":"https:\/\/edublog.educastur.es\/ixuxu\/wp-json\/wp\/v2\/posts\/86605\/revisions"}],"predecessor-version":[{"id":86616,"href":"https:\/\/edublog.educastur.es\/ixuxu\/wp-json\/wp\/v2\/posts\/86605\/revisions\/86616"}],"wp:attachment":[{"href":"https:\/\/edublog.educastur.es\/ixuxu\/wp-json\/wp\/v2\/media?parent=86605"}],"wp:term":[{"taxonomy":"category","embeddable":true,"href":"https:\/\/edublog.educastur.es\/ixuxu\/wp-json\/wp\/v2\/categories?post=86605"},{"taxonomy":"post_tag","embeddable":true,"href":"https:\/\/edublog.educastur.es\/ixuxu\/wp-json\/wp\/v2\/tags?post=86605"}],"curies":[{"name":"wp","href":"https:\/\/api.w.org\/{rel}","templated":true}]}}