{"id":86607,"date":"2026-08-30T21:12:13","date_gmt":"2026-08-30T19:12:13","guid":{"rendered":"https:\/\/edublog.educastur.es\/ixuxu\/?p=86607"},"modified":"2026-08-30T21:13:05","modified_gmt":"2026-08-30T19:13:05","slug":"unos-correlimos-gordos-xuveniles","status":"publish","type":"post","link":"https:\/\/edublog.educastur.es\/ixuxu\/2026\/08\/unos-correlimos-gordos-xuveniles\/","title":{"rendered":"Unos correlimos gordos xuveniles&#8230;"},"content":{"rendered":"<p><span style=\"color: #008080\"><em>28 de mayu, esa foi la mio \u00faltima entrada. Per\u00edodu vacacional , sigu\u00edu de descansu fotogr\u00e1ficu y redes sociales para terminar el mio ilusionante proyectu del qu&#8217;en curtiu vamos tener bones noticies. voi llamar<strong> \u00abEl d\u00eda de la revelaci\u00f3n ll\u00bb<\/strong>, asina faemos un pocu la competencia a Steven Spielberg<\/em><\/span>. <a class=\"x1i10hfl xjbqb8w x1ejq31n x18oe1m7 x1sy0etr xstzfhl x972fbf x10w94by x1qhh985 x14e42zd x9f619 x1ypdohk xt0psk2 x3ct3a4 xdj266r x14z9mp xat24cr x1lziwak xexx8yu xyri2b x18d9i69 x1c1uobl x16tdsg8 x1hl2dhg xggy1nq x1a2a7pz xkrqix3 x1sur9pj xzsf02u x1s688f\" role=\"link\" href=\"https:\/\/www.facebook.com\/abel.fdez.gutierrez?__cft__[0]=AZbbc88Td3Et99lgK6nJ80yZAMYFUiJClNMszksiHo3gjpV7Tr_zc5lJjM0hbFlj116-sDEpLP71LubV9w3yliqbz4nONvANb_5cXhCIcWSxa7QC4Q74KTqgDRTtllQEv1v8mugz59YCRSJ6r2W9rknK0Noe19bN0EDTXZ37zUtQ3RrWhyqBtqN4XsfE18pqJxE&amp;__tn__=-UC%2CP-y-R\"><b class=\"html-b xdj266r x14z9mp xat24cr x1lziwak xexx8yu xyri2b x18d9i69 x1c1uobl x1hl2dhg x16tdsg8 x1vvkbs x1s688f\"><span class=\"html-span xdj266r x14z9mp xat24cr x1lziwak xexx8yu xyri2b x18d9i69 x1c1uobl x1hl2dhg x16tdsg8 x1vvkbs\">Abel Fern\u00e1ndez<\/span><\/b><\/a><\/p>\n<p style=\"text-align: center\">\n<!-- iframe plugin v.6.0 wordpress.org\/plugins\/iframe\/ -->\n<iframe loading=\"lazy\" src=\"https:\/\/www.facebook.com\/plugins\/post.php?href=https%3A%2F%2Fwww.facebook.com%2Fphoto.php%3Ffbid%3D2623036864799700%26set%3Da.286224085147668%26type%3D3&#038;show_text=false&#038;width=500\" width=\"500\" height=\"761\" style=\"border:none;overflow:hidden\" scrolling=\"no\" frameborder=\"0\" allowfullscreen=\"true\" allow=\"autoplay; clipboard-write; encrypted-media; picture-in-picture; web-share\" 0=\"\/iframe\" class=\"iframe-class\"><\/iframe>\n<\/p>\n<p><!--more--><\/p>\n<p><em><span style=\"color: #008080\">Bonu, pos y\u00e1 tamos de vuelta col pasu posnupcial col que llevo trabayando esta \u00faltima selmana. Visto lo visto creo que la meyor ferramienta fotogr\u00e1fico qu&#8217;hai angua\u00f1o nel merc\u00e1u para fotografiar a estes lim\u00edcolas ye: LA PACIENCIA, acompa\u00f1ada del esfotu y sobremanera el respetu. Si a too esto a\u00f1ed\u00edmos-y l&#8217;esfuerzu f\u00edsicu y el reptar muchossssss metros, pos y\u00e1 tenemos la f\u00f3rmula perfecta. <\/span><\/em><\/p>\n<p><em><span style=\"color: #008080\">Nesta entrega amu\u00e9sovos <strong>unos correlimos gordos xuveniles (<\/strong> unu d&#8217;ellos av\u00e9rose tantu que-y dio col picu al parasol del oxetivu), archibebe com\u00fan, zarapito trinador y dos xoyes, dos combatientes y un correlimos canelu, el m\u00e1s reci\u00e9n. Lo dicho enforma trabayu, pero bien satisfechu coles resultancies. Y para rematar, compartiendo sesi\u00f3n con Fran Briz padre y f\u00edu, F\u00e9lix Gonz\u00e1lez y Ram\u00f3n Maroto. Lo dicho, en curtiu \u00bb EL D\u00cdA DE LA REVELACI\u00d3N \u00ab.<\/span><\/em><\/p>\n","protected":false},"excerpt":{"rendered":"<p>28 de mayu, esa foi la mio \u00faltima entrada. Per\u00edodu vacacional , sigu\u00edu de descansu fotogr\u00e1ficu y redes sociales para terminar el mio ilusionante proyectu del qu&#8217;en curtiu vamos tener bones noticies. voi llamar \u00abEl d\u00eda de la revelaci\u00f3n ll\u00bb, asina faemos un pocu la competencia a Steven Spielberg. Abel Fern\u00e1ndez<\/p>\n","protected":false},"author":117,"featured_media":0,"comment_status":"closed","ping_status":"closed","sticky":false,"template":"","format":"standard","meta":{"footnotes":""},"categories":[246],"tags":[],"class_list":["post-86607","post","type-post","status-publish","format-standard","hentry","category-paxarinos"],"_links":{"self":[{"href":"https:\/\/edublog.educastur.es\/ixuxu\/wp-json\/wp\/v2\/posts\/86607","targetHints":{"allow":["GET"]}}],"collection":[{"href":"https:\/\/edublog.educastur.es\/ixuxu\/wp-json\/wp\/v2\/posts"}],"about":[{"href":"https:\/\/edublog.educastur.es\/ixuxu\/wp-json\/wp\/v2\/types\/post"}],"author":[{"embeddable":true,"href":"https:\/\/edublog.educastur.es\/ixuxu\/wp-json\/wp\/v2\/users\/117"}],"replies":[{"embeddable":true,"href":"https:\/\/edublog.educastur.es\/ixuxu\/wp-json\/wp\/v2\/comments?post=86607"}],"version-history":[{"count":2,"href":"https:\/\/edublog.educastur.es\/ixuxu\/wp-json\/wp\/v2\/posts\/86607\/revisions"}],"predecessor-version":[{"id":86610,"href":"https:\/\/edublog.educastur.es\/ixuxu\/wp-json\/wp\/v2\/posts\/86607\/revisions\/86610"}],"wp:attachment":[{"href":"https:\/\/edublog.educastur.es\/ixuxu\/wp-json\/wp\/v2\/media?parent=86607"}],"wp:term":[{"taxonomy":"category","embeddable":true,"href":"https:\/\/edublog.educastur.es\/ixuxu\/wp-json\/wp\/v2\/categories?post=86607"},{"taxonomy":"post_tag","embeddable":true,"href":"https:\/\/edublog.educastur.es\/ixuxu\/wp-json\/wp\/v2\/tags?post=86607"}],"curies":[{"name":"wp","href":"https:\/\/api.w.org\/{rel}","templated":true}]}}