{"id":86619,"date":"2026-08-30T20:00:28","date_gmt":"2026-08-30T18:00:28","guid":{"rendered":"https:\/\/edublog.educastur.es\/ixuxu\/?p=86619"},"modified":"2026-09-01T20:26:05","modified_gmt":"2026-09-01T18:26:05","slug":"uvieu-sale-a-farmear-aura-500-mozos-enllenen-el-campu-san-francisco","status":"publish","type":"post","link":"https:\/\/edublog.educastur.es\/ixuxu\/2026\/08\/uvieu-sale-a-farmear-aura-500-mozos-enllenen-el-campu-san-francisco\/","title":{"rendered":"Uvi\u00e9u sale a \u00abfarmear aura\u00bb: 500 mozos enllenen el Campu San Francisco"},"content":{"rendered":"<p class=\"ft-title ft-helper-spacer-b-xs ft-helper-fontSize-heading-M\">Uvi\u00e9u sale a \u00abfarmear aura\u00bb: 500 mozos enllenen el Campu San Francisco dispuestos a esplegar bailles, poses, cabriolas, saltos y xestos nac\u00edos nes redes sociales. Diecis\u00e9is participantes compiten con bailles, memes, una guitarra, una espada de \u00abStar Wars\u00bb y hasta un llibru de Marx. <a href=\"https:\/\/www.lavozdeasturias.es\/noticia\/oviedo\/2026\/08\/26\/farmeo-aura-llega-oviedo-campo-san-francisco-acogera-torneo-nueva-moda-viral\/00031787746251588502869.htm\">La Voz<\/a> \/<a href=\"https:\/\/www.elcomercio.es\/oviedo\/batallas-farmear-aura-llegan-oviedo-20260830195036-vi.html\">El Comercio<\/a> \/<a href=\"https:\/\/www.lne.es\/oviedo\/2026\/08\/30\/oviedo-sale-farmear-aura-500-133787629.html?fbclid=IwY2xjawUBaW9wZG9mBWV4dG4DYWVtAjEwAHNydGMGYXBwX2lkEDIyMjAzOTE3ODgyMDA4OTIAAR49I0KOHd6lEhR6o6Qd_vO3EBN4iwm3PKly7hKXYX1x-4sHN3BILenj_NiGQw_aem__bbM9xK_yd06K2KK6o2uVA&amp;utm_campaign=mrf-facebook-nuevaespana&amp;utm_source=facebook&amp;utm_medium=social&amp;mrfcid=202608306a9481f9c26cb664c2d2b484\">LNE<\/a><\/p>\n<p style=\"text-align: center\">\n<!-- iframe plugin v.6.0 wordpress.org\/plugins\/iframe\/ -->\n<iframe loading=\"lazy\" src=\"https:\/\/www.facebook.com\/plugins\/video.php?height=476&#038;href=https%3A%2F%2Fwww.facebook.com%2Freel%2F970478382743093%2F&#038;show_text=false&#038;width=476&#038;t=0\" width=\"476\" height=\"476\" style=\"border:none;overflow:hidden\" scrolling=\"no\" frameborder=\"0\" allowfullscreen=\"true\" allow=\"autoplay; clipboard-write; encrypted-media; picture-in-picture; web-share\" 0=\"\/iframe\" class=\"iframe-class\"><\/iframe>\n<\/p>\n<p><!--more--><\/p>\n<p style=\"text-align: center\">\n<!-- iframe plugin v.6.0 wordpress.org\/plugins\/iframe\/ -->\n<iframe loading=\"lazy\" src=\"https:\/\/www.facebook.com\/plugins\/video.php?height=315&#038;href=https%3A%2F%2Fwww.facebook.com%2Freel%2F1606930047755909%2F&#038;show_text=false&#038;width=560&#038;t=0\" width=\"560\" height=\"315\" style=\"border:none;overflow:hidden\" scrolling=\"no\" frameborder=\"0\" allowfullscreen=\"true\" allow=\"autoplay; clipboard-write; encrypted-media; picture-in-picture; web-share\" 0=\"\/iframe\" class=\"iframe-class\"><\/iframe>\n<\/p>\n<p>&nbsp;<\/p>\n<p style=\"text-align: center\"><a href=\"https:\/\/s1.ppllstatics.com\/elcomercio\/www\/multimedia\/local\/2026\/08\/24\/aura-RW3kSyVTJT393hn2jPnMn1J-1200x840@El%20Comercio.jpg\"><img loading=\"lazy\" decoding=\"async\" class=\"aligncenter \" src=\"https:\/\/s1.ppllstatics.com\/elcomercio\/www\/multimedia\/local\/2026\/08\/24\/aura-RW3kSyVTJT393hn2jPnMn1J-1200x840@El%20Comercio.jpg\" width=\"579\" height=\"405\" \/><\/a><\/p>\n<p>&nbsp;<\/p>\n<p>Lo d&#8217;esti domingu nel Campu San Francisco foi unu d&#8217;esos acontecimientos qu&#8217;amuesen ensin pied\u00e1 la fienda xeneracional y la nueva realid\u00e1 que s&#8217;abri pasu dende les pantalles. Quien non frecuente TikTok nin tenga un m\u00ednimu contactu con adolescentes tendr\u00eda dificultaes para identificar lo qu&#8217;asoced\u00eda en redol al estanque de Cuadonga. Barganal de 500 persones formaron un enorme corru por que&#8217;l so centru, como nun colis\u00e9u, desfilaron participantes dispuestos a esplegar bailles, poses, cabriolas, saltos y xestos nac\u00edos nes redes sociales y videoxuegos. L&#8217;oxetivu yera ganase l&#8217;aplausu del p\u00fablicu, ganar al rival y atropar daqu\u00e9 tan malo de midir como&#8217;l \u00abaura\u00bb.<\/p>\n<p style=\"text-align: center\"><a href=\"https:\/\/encrypted-tbn0.gstatic.com\/images?q=tbn:ANd9GcRGRkSbmTik3nFohapJTlrUhZqOjzc59typ1dBlnP0X5Q&amp;s=10\"><img loading=\"lazy\" decoding=\"async\" class=\"aligncenter size-large\" src=\"https:\/\/encrypted-tbn0.gstatic.com\/images?q=tbn:ANd9GcRGRkSbmTik3nFohapJTlrUhZqOjzc59typ1dBlnP0X5Q&amp;s=10\" width=\"738\" height=\"414\" \/><\/a><\/p>\n<p>\u00abEsto ten\u00eda que tener una representaci\u00f3n &#8216;millennial&#8217;\u00bb, esplicaba Irene tres el so trunfu. \u00abEnter\u00e9me pol peri\u00f3dicu y paeci\u00f3me qu&#8217;esto ye un actu xeneracional; hai qu&#8217;asistir, guardalo y formar parte d&#8217;ello\u00bb. Para ella, el conceutu de \u00abaura\u00bb ye a cencielles una actualizaci\u00f3n de t\u00e9rminos cl\u00e1sicos: \u00abTol mundu tien aura, xeniu o duende, como quieras llamalo\u00bb, afirm\u00f3.<\/p>\n","protected":false},"excerpt":{"rendered":"<p>Uvi\u00e9u sale a \u00abfarmear aura\u00bb: 500 mozos enllenen el Campu San Francisco dispuestos a esplegar bailles, poses, cabriolas, saltos y xestos nac\u00edos nes redes sociales. Diecis\u00e9is participantes compiten con bailles, memes, una guitarra, una espada de \u00abStar Wars\u00bb y hasta un llibru de Marx. La Voz \/El Comercio \/LNE<\/p>\n","protected":false},"author":117,"featured_media":0,"comment_status":"closed","ping_status":"closed","sticky":false,"template":"","format":"standard","meta":{"footnotes":""},"categories":[1],"tags":[],"class_list":["post-86619","post","type-post","status-publish","format-standard","hentry","category-sin-categoria"],"_links":{"self":[{"href":"https:\/\/edublog.educastur.es\/ixuxu\/wp-json\/wp\/v2\/posts\/86619","targetHints":{"allow":["GET"]}}],"collection":[{"href":"https:\/\/edublog.educastur.es\/ixuxu\/wp-json\/wp\/v2\/posts"}],"about":[{"href":"https:\/\/edublog.educastur.es\/ixuxu\/wp-json\/wp\/v2\/types\/post"}],"author":[{"embeddable":true,"href":"https:\/\/edublog.educastur.es\/ixuxu\/wp-json\/wp\/v2\/users\/117"}],"replies":[{"embeddable":true,"href":"https:\/\/edublog.educastur.es\/ixuxu\/wp-json\/wp\/v2\/comments?post=86619"}],"version-history":[{"count":7,"href":"https:\/\/edublog.educastur.es\/ixuxu\/wp-json\/wp\/v2\/posts\/86619\/revisions"}],"predecessor-version":[{"id":86782,"href":"https:\/\/edublog.educastur.es\/ixuxu\/wp-json\/wp\/v2\/posts\/86619\/revisions\/86782"}],"wp:attachment":[{"href":"https:\/\/edublog.educastur.es\/ixuxu\/wp-json\/wp\/v2\/media?parent=86619"}],"wp:term":[{"taxonomy":"category","embeddable":true,"href":"https:\/\/edublog.educastur.es\/ixuxu\/wp-json\/wp\/v2\/categories?post=86619"},{"taxonomy":"post_tag","embeddable":true,"href":"https:\/\/edublog.educastur.es\/ixuxu\/wp-json\/wp\/v2\/tags?post=86619"}],"curies":[{"name":"wp","href":"https:\/\/api.w.org\/{rel}","templated":true}]}}