{"id":86629,"date":"2026-08-30T18:10:48","date_gmt":"2026-08-30T16:10:48","guid":{"rendered":"https:\/\/edublog.educastur.es\/ixuxu\/?p=86629"},"modified":"2026-08-31T16:44:21","modified_gmt":"2026-08-31T14:44:21","slug":"les-lletres-asturianes-despidinse-dhelena-trexu","status":"publish","type":"post","link":"https:\/\/edublog.educastur.es\/ixuxu\/2026\/08\/les-lletres-asturianes-despidinse-dhelena-trexu\/","title":{"rendered":"Les lletres asturianes despidinse d&#8217;Helena Trexu"},"content":{"rendered":"<p>Les lletres asturianes despidinse d&#8217;Helena Trexu, \u00abuna muyer valiente\u00bb. \u00abDuelnos que muerra ensin ver la oficialid\u00e1, pero la so obra y la so alcordanza son un impulsu\u00bb, espresen los sos familiares y allegaos nun emotivu actu d&#8217;homenaxe. <a href=\"https:\/\/www.lne.es\/asturias\/2026\/08\/31\/letras-asturianas-despiden-helena-trexu-133789288.html?fbclid=IwY2xjawUCcXhwZG9mBWV4dG4DYWVtAjEwAHNydGMGYXBwX2lkEDIyMjAzOTE3ODgyMDA4OTIAAR4MXRRzqvk5cXZC8BDFCSO1V_ymTI-XPn7FNggdQDN_ehEFCI-PGOAkvN5X2g_aem_jYJ5ncrjpfmCZKYF3J3gNA&amp;utm_campaign=mrf-facebook-nuevaespana&amp;utm_source=facebook&amp;utm_medium=social&amp;mrfcid=202608316a951bfc7a7258588bb29976\">LNE<\/a><\/p>\n<p style=\"text-align: center\"><a href=\"https:\/\/estaticos-cdn.prensaiberica.es\/clip\/95de413c-40b4-4f5c-977d-09bd9319b377_16-9-discover-aspect-ratio_default_0_x960y360.webp\"><img loading=\"lazy\" decoding=\"async\" class=\"aligncenter size-large\" src=\"https:\/\/estaticos-cdn.prensaiberica.es\/clip\/95de413c-40b4-4f5c-977d-09bd9319b377_16-9-discover-aspect-ratio_default_0_x960y360.webp\" width=\"1200\" height=\"675\" \/><\/a><\/p>\n<p><strong>Una muyer \u00abhonesta, valiente, creativa y sensible\u00bb.<\/strong> D&#8217;esta forma defini\u00f3 esti domingu a Helena Trexu Fombella la so f\u00eda, l&#8217;artista pl\u00e1stica Violeta S\u00e1nchez Trexu, quien pronunci\u00f3 unes emotives palabres nel actu de despidida a la escritora nacida en Llangr\u00e9u y afincada nel barriu xixon\u00e9s de La Calzada dende va d\u00e9cades. Nel homenaxe tami\u00e9n participaron autores como Inaciu Gal\u00e1n y Sof\u00eda Casta\u00f1\u00f3n, seg\u00fan la conseyera de Cultura del Princip\u00e1u, Vanessa Guti\u00e9rrez.<\/p>\n","protected":false},"excerpt":{"rendered":"<p>Les lletres asturianes despidinse d&#8217;Helena Trexu, \u00abuna muyer valiente\u00bb. \u00abDuelnos que muerra ensin ver la oficialid\u00e1, pero la so obra y la so alcordanza son un impulsu\u00bb, espresen los sos familiares y allegaos nun emotivu actu d&#8217;homenaxe. LNE Una muyer \u00abhonesta, valiente, creativa y sensible\u00bb. D&#8217;esta forma defini\u00f3 esti domingu a Helena Trexu Fombella la [&hellip;]<\/p>\n","protected":false},"author":117,"featured_media":0,"comment_status":"closed","ping_status":"closed","sticky":false,"template":"","format":"standard","meta":{"footnotes":""},"categories":[1],"tags":[],"class_list":["post-86629","post","type-post","status-publish","format-standard","hentry","category-sin-categoria"],"_links":{"self":[{"href":"https:\/\/edublog.educastur.es\/ixuxu\/wp-json\/wp\/v2\/posts\/86629","targetHints":{"allow":["GET"]}}],"collection":[{"href":"https:\/\/edublog.educastur.es\/ixuxu\/wp-json\/wp\/v2\/posts"}],"about":[{"href":"https:\/\/edublog.educastur.es\/ixuxu\/wp-json\/wp\/v2\/types\/post"}],"author":[{"embeddable":true,"href":"https:\/\/edublog.educastur.es\/ixuxu\/wp-json\/wp\/v2\/users\/117"}],"replies":[{"embeddable":true,"href":"https:\/\/edublog.educastur.es\/ixuxu\/wp-json\/wp\/v2\/comments?post=86629"}],"version-history":[{"count":2,"href":"https:\/\/edublog.educastur.es\/ixuxu\/wp-json\/wp\/v2\/posts\/86629\/revisions"}],"predecessor-version":[{"id":86631,"href":"https:\/\/edublog.educastur.es\/ixuxu\/wp-json\/wp\/v2\/posts\/86629\/revisions\/86631"}],"wp:attachment":[{"href":"https:\/\/edublog.educastur.es\/ixuxu\/wp-json\/wp\/v2\/media?parent=86629"}],"wp:term":[{"taxonomy":"category","embeddable":true,"href":"https:\/\/edublog.educastur.es\/ixuxu\/wp-json\/wp\/v2\/categories?post=86629"},{"taxonomy":"post_tag","embeddable":true,"href":"https:\/\/edublog.educastur.es\/ixuxu\/wp-json\/wp\/v2\/tags?post=86629"}],"curies":[{"name":"wp","href":"https:\/\/api.w.org\/{rel}","templated":true}]}}