{"id":86652,"date":"2026-09-05T10:00:27","date_gmt":"2026-09-05T08:00:27","guid":{"rendered":"https:\/\/edublog.educastur.es\/ixuxu\/?p=86652"},"modified":"2026-09-01T12:44:18","modified_gmt":"2026-09-01T10:44:18","slug":"cellebracion-del-dia-dasturies-per-tolo-alto","status":"publish","type":"post","link":"https:\/\/edublog.educastur.es\/ixuxu\/2026\/09\/cellebracion-del-dia-dasturies-per-tolo-alto\/","title":{"rendered":"Cellebraci\u00f3n del D\u00eda d&#8217;Asturies per tolo alto"},"content":{"rendered":"<p style=\"text-align: center\">\n<!-- iframe plugin v.6.0 wordpress.org\/plugins\/iframe\/ -->\n<iframe loading=\"lazy\" src=\"https:\/\/www.facebook.com\/plugins\/post.php?href=https%3A%2F%2Fwww.facebook.com%2Fphoto.php%3Ffbid%3D1535489391953072%26set%3Da.484299600405395%26type%3D3&#038;show_text=false&#038;width=500\" width=\"500\" height=\"717\" style=\"border:none;overflow:hidden\" scrolling=\"no\" frameborder=\"0\" allowfullscreen=\"true\" allow=\"autoplay; clipboard-write; encrypted-media; picture-in-picture; web-share\" 0=\"\/iframe\" class=\"iframe-class\"><\/iframe>\n<\/p>\n<div class=\"html-div xdj266r x14z9mp xat24cr x1lziwak xexx8yu xyri2b x18d9i69 x1c1uobl\" dir=\"auto\">\n<div class=\"html-div xdj266r x14z9mp xat24cr x1lziwak xexx8yu xyri2b x18d9i69 x1c1uobl\" data-ad-rendering-role=\"story_message\">\n<div class=\"x1l90r2v x1iorvi4 x1g0dm76 xpdmqnj\" data-ad-comet-preview=\"message\" data-ad-preview=\"message\">\n<div class=\"x78zum5 xdt5ytf xz62fqu x16ldp7u\">\n<div class=\"xu06os2 x1ok221b\">\n<div class=\"html-div xdj266r x14z9mp xat24cr x1lziwak xexx8yu xyri2b x18d9i69 x1c1uobl\">\n<div class=\"xdj266r x14z9mp xat24cr x1lziwak x1vvkbs x126k92a\">\n<div dir=\"auto\">Tradic\u00edon, m\u00fasica, merc\u00e1u y devoci\u00f3n n&#8217;una programaci\u00f3n \u00fanica del 4 al 18 de setiembre. \u00a1Guarda&#8217;l resume del programa!\u00a0\u00a0\u00a1Comparte la publicaci\u00f3n y ven a celebrar la&#8217;l D\u00eda d&#8217;Asturies per tolo alto! <strong>Cangues d&#8217;On\u00eds, Cuadonga y Los Llagos \/ Setiembre 2026\u00a0<\/strong><\/div>\n<div dir=\"auto\"><!--more--><\/div>\n<ul>\n<li dir=\"auto\">Vienres 4: <strong>Fiesta del Fond\u00f3n.<\/strong><\/li>\n<li dir=\"auto\">S\u00e1badu 5: <strong>Deporte tradicional, actuaci\u00f3n de la Bandina El Rebollu y Merc\u00e1u Artesanu.<\/strong><\/li>\n<li dir=\"auto\">Domingo 6: <strong>Fiesta del Pescador<\/strong> na Ponte Romana, Romer\u00eda Vegamaor y Merc\u00e1u Artesanu.<\/li>\n<li dir=\"auto\">Llunes 7:<strong> Cuentos de la Mazana Asturiana y nueche de m\u00fasica con Avalle Van y Cucu DJs.<\/strong><\/li>\n<li dir=\"auto\">Martes 8 (D\u00eda Grande): <strong>Estracci\u00f3n de la Santina nel Llagu Enol, Misa Solemne na Bas\u00edlica, procesi\u00f3n a la Santa Cueva y conciertu de Bras Rodrigo.<\/strong><\/li>\n<li dir=\"auto\">Vienres 18:<strong> Folclore local y conciertu de Corquieu nel Barriu Zanj\u00f3n.<\/strong><\/li>\n<\/ul>\n<div dir=\"auto\"><span class=\"html-span xdj266r x14z9mp xat24cr x1lziwak xexx8yu xyri2b x18d9i69 x1c1uobl x1hl2dhg x16tdsg8 x1vvkbs\"><a class=\"x1i10hfl xjbqb8w x1ejq31n x18oe1m7 x1sy0etr xstzfhl x972fbf x10w94by x1qhh985 x14e42zd x9f619 x1ypdohk xt0psk2 x3ct3a4 xdj266r x14z9mp xat24cr x1lziwak xexx8yu xyri2b x18d9i69 x1c1uobl x16tdsg8 x1hl2dhg xggy1nq x1a2a7pz xkrqix3 x1sur9pj x1fey0fg x1s688f\" role=\"link\" href=\"https:\/\/www.facebook.com\/hashtag\/cangasdeon%C3%ADs?__cft__[0]=AZj6uk5YHyhr7Vs3eDz3G6tBLTroCGKSDhC3KtHJL_dyjtS4KJkq8lXFhkr80AsrkbY_-aK0ZzcsM-hQTSIKgS5DOwUb9hFtihxgNdEoTdGq1MK2S8EYcsGVVM--mohIEglDLl0xEfnXgRaT2Zx5ONBdM2SPcoUx&amp;__tn__=*NK-R\">#CangasDeOn\u00eds<\/a><\/span> <span class=\"html-span xdj266r x14z9mp xat24cr x1lziwak xexx8yu xyri2b x18d9i69 x1c1uobl x1hl2dhg x16tdsg8 x1vvkbs\"><a class=\"x1i10hfl xjbqb8w x1ejq31n x18oe1m7 x1sy0etr xstzfhl x972fbf x10w94by x1qhh985 x14e42zd x9f619 x1ypdohk xt0psk2 x3ct3a4 xdj266r x14z9mp xat24cr x1lziwak xexx8yu xyri2b x18d9i69 x1c1uobl x16tdsg8 x1hl2dhg xggy1nq x1a2a7pz xkrqix3 x1sur9pj x1fey0fg x1s688f\" role=\"link\" href=\"https:\/\/www.facebook.com\/hashtag\/d%C3%ADadeasturias?__cft__[0]=AZj6uk5YHyhr7Vs3eDz3G6tBLTroCGKSDhC3KtHJL_dyjtS4KJkq8lXFhkr80AsrkbY_-aK0ZzcsM-hQTSIKgS5DOwUb9hFtihxgNdEoTdGq1MK2S8EYcsGVVM--mohIEglDLl0xEfnXgRaT2Zx5ONBdM2SPcoUx&amp;__tn__=*NK-R\">#D\u00edaDeAsturias<\/a><\/span> <span class=\"html-span xdj266r x14z9mp xat24cr x1lziwak xexx8yu xyri2b x18d9i69 x1c1uobl x1hl2dhg x16tdsg8 x1vvkbs\"><a class=\"x1i10hfl xjbqb8w x1ejq31n x18oe1m7 x1sy0etr xstzfhl x972fbf x10w94by x1qhh985 x14e42zd x9f619 x1ypdohk xt0psk2 x3ct3a4 xdj266r x14z9mp xat24cr x1lziwak xexx8yu xyri2b x18d9i69 x1c1uobl x16tdsg8 x1hl2dhg xggy1nq x1a2a7pz xkrqix3 x1sur9pj x1fey0fg x1s688f\" role=\"link\" href=\"https:\/\/www.facebook.com\/hashtag\/covadonga2026?__cft__[0]=AZj6uk5YHyhr7Vs3eDz3G6tBLTroCGKSDhC3KtHJL_dyjtS4KJkq8lXFhkr80AsrkbY_-aK0ZzcsM-hQTSIKgS5DOwUb9hFtihxgNdEoTdGq1MK2S8EYcsGVVM--mohIEglDLl0xEfnXgRaT2Zx5ONBdM2SPcoUx&amp;__tn__=*NK-R\">#Covadonga2026<\/a><\/span> <span class=\"html-span xdj266r x14z9mp xat24cr x1lziwak xexx8yu xyri2b x18d9i69 x1c1uobl x1hl2dhg x16tdsg8 x1vvkbs\"><a class=\"x1i10hfl xjbqb8w x1ejq31n x18oe1m7 x1sy0etr xstzfhl x972fbf x10w94by x1qhh985 x14e42zd x9f619 x1ypdohk xt0psk2 x3ct3a4 xdj266r x14z9mp xat24cr x1lziwak xexx8yu xyri2b x18d9i69 x1c1uobl x16tdsg8 x1hl2dhg xggy1nq x1a2a7pz xkrqix3 x1sur9pj x1fey0fg x1s688f\" role=\"link\" href=\"https:\/\/www.facebook.com\/hashtag\/lasantina?__cft__[0]=AZj6uk5YHyhr7Vs3eDz3G6tBLTroCGKSDhC3KtHJL_dyjtS4KJkq8lXFhkr80AsrkbY_-aK0ZzcsM-hQTSIKgS5DOwUb9hFtihxgNdEoTdGq1MK2S8EYcsGVVM--mohIEglDLl0xEfnXgRaT2Zx5ONBdM2SPcoUx&amp;__tn__=*NK-R\">#LaSantina<\/a><\/span> <span class=\"html-span xdj266r x14z9mp xat24cr x1lziwak xexx8yu xyri2b x18d9i69 x1c1uobl x1hl2dhg x16tdsg8 x1vvkbs\"><a class=\"x1i10hfl xjbqb8w x1ejq31n x18oe1m7 x1sy0etr xstzfhl x972fbf x10w94by x1qhh985 x14e42zd x9f619 x1ypdohk xt0psk2 x3ct3a4 xdj266r x14z9mp xat24cr x1lziwak xexx8yu xyri2b x18d9i69 x1c1uobl x16tdsg8 x1hl2dhg xggy1nq x1a2a7pz xkrqix3 x1sur9pj x1fey0fg x1s688f\" role=\"link\" href=\"https:\/\/www.facebook.com\/hashtag\/asturias?__cft__[0]=AZj6uk5YHyhr7Vs3eDz3G6tBLTroCGKSDhC3KtHJL_dyjtS4KJkq8lXFhkr80AsrkbY_-aK0ZzcsM-hQTSIKgS5DOwUb9hFtihxgNdEoTdGq1MK2S8EYcsGVVM--mohIEglDLl0xEfnXgRaT2Zx5ONBdM2SPcoUx&amp;__tn__=*NK-R\">#Asturias<\/a><\/span><\/div>\n<\/div>\n<\/div>\n<\/div>\n<\/div>\n<\/div>\n<\/div>\n<\/div>\n<p>&nbsp;<\/p>\n","protected":false},"excerpt":{"rendered":"<p>Tradic\u00edon, m\u00fasica, merc\u00e1u y devoci\u00f3n n&#8217;una programaci\u00f3n \u00fanica del 4 al 18 de setiembre. \u00a1Guarda&#8217;l resume del programa!\u00a0\u00a0\u00a1Comparte la publicaci\u00f3n y ven a celebrar la&#8217;l D\u00eda d&#8217;Asturies per tolo alto! Cangues d&#8217;On\u00eds, Cuadonga y Los Llagos \/ Setiembre 2026\u00a0<\/p>\n","protected":false},"author":117,"featured_media":0,"comment_status":"closed","ping_status":"closed","sticky":false,"template":"","format":"standard","meta":{"footnotes":""},"categories":[6],"tags":[],"class_list":["post-86652","post","type-post","status-publish","format-standard","hentry","category-dia-de"],"_links":{"self":[{"href":"https:\/\/edublog.educastur.es\/ixuxu\/wp-json\/wp\/v2\/posts\/86652","targetHints":{"allow":["GET"]}}],"collection":[{"href":"https:\/\/edublog.educastur.es\/ixuxu\/wp-json\/wp\/v2\/posts"}],"about":[{"href":"https:\/\/edublog.educastur.es\/ixuxu\/wp-json\/wp\/v2\/types\/post"}],"author":[{"embeddable":true,"href":"https:\/\/edublog.educastur.es\/ixuxu\/wp-json\/wp\/v2\/users\/117"}],"replies":[{"embeddable":true,"href":"https:\/\/edublog.educastur.es\/ixuxu\/wp-json\/wp\/v2\/comments?post=86652"}],"version-history":[{"count":2,"href":"https:\/\/edublog.educastur.es\/ixuxu\/wp-json\/wp\/v2\/posts\/86652\/revisions"}],"predecessor-version":[{"id":86654,"href":"https:\/\/edublog.educastur.es\/ixuxu\/wp-json\/wp\/v2\/posts\/86652\/revisions\/86654"}],"wp:attachment":[{"href":"https:\/\/edublog.educastur.es\/ixuxu\/wp-json\/wp\/v2\/media?parent=86652"}],"wp:term":[{"taxonomy":"category","embeddable":true,"href":"https:\/\/edublog.educastur.es\/ixuxu\/wp-json\/wp\/v2\/categories?post=86652"},{"taxonomy":"post_tag","embeddable":true,"href":"https:\/\/edublog.educastur.es\/ixuxu\/wp-json\/wp\/v2\/tags?post=86652"}],"curies":[{"name":"wp","href":"https:\/\/api.w.org\/{rel}","templated":true}]}}