{"id":86655,"date":"2026-09-01T16:00:51","date_gmt":"2026-09-01T14:00:51","guid":{"rendered":"https:\/\/edublog.educastur.es\/ixuxu\/?p=86655"},"modified":"2026-09-02T14:03:03","modified_gmt":"2026-09-02T12:03:03","slug":"tercer-edicion-de-la-favorita-de-xuan-bello-festival-darte-pallabra-y-territoriu","status":"publish","type":"post","link":"https:\/\/edublog.educastur.es\/ixuxu\/2026\/09\/tercer-edicion-de-la-favorita-de-xuan-bello-festival-darte-pallabra-y-territoriu\/","title":{"rendered":"\u00abLa Favorita de Xuan Bello\u00bb, festival d\u2019arte, pallabra y territoriu"},"content":{"rendered":"<p><span class=\"x193iq5w xeuugli x13faqbe x1vvkbs x1xmvt09 x1lliihq x1s928wv xhkezso x1gmr53x x1cpjm7i x1fgarty x1943h6x xudqn12 x3x7a5m x1f6kntn xvq8zen xo1l8bm xzsf02u x1yc453h\" dir=\"auto\">Esti vienres 4 y s\u00e1badu 5 de setiembre cel\u00e9brase en L.luarca la <strong>tercer edici\u00f3n de La Favorita de Xuan Bello<\/strong>, <strong>festival d\u2019arte, pallabra y territoriu<\/strong> que recueye manifestaciones art\u00edstiques como la poes\u00eda, m\u00fasica, performance, arquitectura ef\u00edmera, danza y arte sonoro. \u00abY\u00e1 ye parte de la identid\u00e1 cultural de L.luarca\u00bb El festival d&#8217;arte, palabra y territoriu celebra esti vienres y s\u00e1badu la so tercer edici\u00f3n na plaza Carmen y Severu Ochoa. <strong><a href=\"https:\/\/www.instagram.com\/lafavorita.festival\/\">INSTAGRAM<\/a><\/strong><\/span><\/p>\n<p style=\"text-align: center\"><a href=\"https:\/\/estaticos-cdn.prensaiberica.es\/clip\/7ace730b-e5a7-47c1-829c-65cbb677dd03_16-9-discover-aspect-ratio_default_0_x398y200.webp\"><img loading=\"lazy\" decoding=\"async\" class=\"aligncenter \" src=\"https:\/\/estaticos-cdn.prensaiberica.es\/clip\/7ace730b-e5a7-47c1-829c-65cbb677dd03_16-9-discover-aspect-ratio_default_0_x398y200.webp\" width=\"585\" height=\"329\" \/><\/a><\/p>\n<p><!--more--><\/p>\n<p><span class=\"x193iq5w xeuugli x13faqbe x1vvkbs x1xmvt09 x1lliihq x1s928wv xhkezso x1gmr53x x1cpjm7i x1fgarty x1943h6x xudqn12 x3x7a5m x1f6kntn xvq8zen xo1l8bm xzsf02u x1yc453h\" dir=\"auto\"><span class=\"html-span xexx8yu xyri2b x18d9i69 x1c1uobl x1hl2dhg x16tdsg8 x1vvkbs x3nfvp2 x1j61x8r x1fcty0u xdj266r xat24cr xm2jcoa x1mpyi22 xxymvpz xlup9mm x1kky2od\"><img loading=\"lazy\" decoding=\"async\" class=\"xz74otr x15mokao x1ga7v0g x16uus16 xbiv7yw\" src=\"https:\/\/static.xx.fbcdn.net\/images\/emoji.php\/v9\/t49\/1\/16\/1f4da.png\" alt=\"\ud83d\udcda\" width=\"16\" height=\"16\" \/><\/span><span class=\"html-span xexx8yu xyri2b x18d9i69 x1c1uobl x1hl2dhg x16tdsg8 x1vvkbs x3nfvp2 x1j61x8r x1fcty0u xdj266r xat24cr xm2jcoa x1mpyi22 xxymvpz xlup9mm x1kky2od\"><img loading=\"lazy\" decoding=\"async\" class=\"xz74otr x15mokao x1ga7v0g x16uus16 xbiv7yw\" src=\"https:\/\/static.xx.fbcdn.net\/images\/emoji.php\/v9\/t1f\/1\/16\/1f3b6.png\" alt=\"\ud83c\udfb6\" width=\"16\" height=\"16\" \/><\/span> La m\u00fasica asturiana va tar presente en dos de les sos actividaes: el preg\u00f3n inaugural y un conciertu de flauta, gaita y pianu con recital de testos de Xuan Bello; too ello cola participaci\u00f3n de Flavio R. Benito, m\u00fasicu col collabor\u00f3\u2019l fin\u00e1u escritor en dellos proyectos.<\/span><\/p>\n<p style=\"text-align: center\"><span class=\"x193iq5w xeuugli x13faqbe x1vvkbs x1xmvt09 x1lliihq x1s928wv xhkezso x1gmr53x x1cpjm7i x1fgarty x1943h6x xudqn12 x3x7a5m x1f6kntn xvq8zen xo1l8bm xzsf02u\" dir=\"auto\"><span class=\"x193iq5w xeuugli x13faqbe x1vvkbs xt0psk2 x1i0vuye xvs91rp xo1l8bm x5n08af x10wh9bi xpm28yp x8viiok x1o7cslx x126k92a\"><span class=\"html-span xexx8yu x4uap5 x18d9i69 xkhd6sd x1hl2dhg x16tdsg8 x1vvkbs x3nfvp2 x1j61x8r x1fcty0u xdj266r xat24cr xgzva0m xhhsvwb xxymvpz xlup9mm x1kky2od\">\n<!-- iframe plugin v.6.0 wordpress.org\/plugins\/iframe\/ -->\n<iframe loading=\"lazy\" src=\"https:\/\/www.instagram.com\/p\/DcGXSw9MzHV\/embed\" width=\"510\" height=\"690\" 0=\"\/iframe\" scrolling=\"yes\" class=\"iframe-class\" frameborder=\"0\"><\/iframe>\n<\/span><\/span><\/span><\/p>\n<p>L.luarca volver\u00e1 convertir los sos espacios p\u00fablicos n&#8217;<strong>escenariu de creaci\u00f3n contemporanea esti vienres y s\u00e1badu.<\/strong> La plaza Carmen y Severu Ochoa va acoyer los d\u00edes 4 y 5 de setiembre, de 20.00 a 23.00 hores, la tercer edici\u00f3n de \u00abLa Favorita de Xuan Bello\u00bb, el Festival d&#8217;Arte, Palabra y Territoriu qu&#8217;<strong>axunta poes\u00eda, m\u00fasica, danza, performance, arquitectura ef\u00edmera, arte sonoro ya instalaci\u00f3n.<\/strong><\/p>\n<p>La propuesta naci\u00f3 col enfotu de establecer un di\u00e1logu ente la creaci\u00f3n art\u00edstica y el territoriu, faciendo que los mesmos espacios de L.luarca formen parte de les obres y esperiencies que se plantegen mientres el festival. La programaci\u00f3n caltien esa filosof\u00eda y vuelve axuntar distintes disciplines y llinguaxes art\u00edsticos.<\/p>\n<p><strong>La primer xornada, el vienres 4<\/strong>, va tar protagonizada por \u00abEl nacimientu de les roses\u201d o \u201cEl cantar de la bruxa\u00bb, una propuesta na que l&#8217;agua, el fueu, la palabra y la m\u00fasica entemecer cola construcci\u00f3n d&#8217;un espaciu ef\u00edmeru. El programa incl\u00fai voces de Xuan Bello, un esconxuru, xuna queimada y el cantar de la guitarra.<\/p>\n<p><strong>El s\u00e1badu 5<\/strong> va llegar la vez de \u00abRetayos d\u2019un poema futuru\u00bb, cola participaci\u00f3n de Lorenzo Garc\u00eda-Andrade, Jon\u00e1s de Murias, Flavio Benitu, A\u00edda Falc\u00f3n, Nuria Santos, El Peli, \u00d3scar Camacho, Melissa Ferrada, \u00c1lvaro Arias, Carlos Asensio, Alberto Morell, Claudia Vega, Alberto N\u00fa\u00f1ez y Fernando Renfijo.<\/p>\n<p><strong>Un festival amest\u00e1u a Xuan Bello<\/strong> El festival cunta col financiamientu del Conceyu de Vald\u00e9s y el patrociniu de la Conseyer\u00eda de Cultura del Gobiernu del Princip\u00e1u d&#8217;Asturies. Pa la concejala de Cultura de Vald\u00e9s, Clara Garc\u00eda, caltener la propuesta supon tami\u00e9n caltener el venceyu col escritor Xuan Bello, que&#8217;l so nome lleva&#8217;l festival dende&#8217;l pas\u00e1u a\u00f1u.<\/p>\n<p>\u00abQu&#8217;el festival lleve g\u00fcei el nome de Xuan Bellu ye xuna manera de reconocer el so papel fundamental nesta iniciativa y, sobremanera, de caltener presente la so mirada sobro la cultura, sobro Asturies y sobro L.luarca\u00bb, se\u00f1ala Garc\u00eda. \u00abQueremos que La Favorita siga siendo esi llugar d&#8217;alcuentru ente la palabra, l&#8217;arte y el territoriu qu&#8217;\u00e9l imaxin\u00f3\u00bb.<\/p>\n<p>La primer edici\u00f3n celebrose en 2024, con una programaci\u00f3n venceyada a les artes en vivu, la creaci\u00f3n contemporanea, el pensamientu y les propuestes conceb\u00edes espec\u00edficamente pa L.luarca. En 2025, tres el fallecimientu de Xuan Bello, el festival incorpor\u00f3&#8217;l so nome como homenaxe y reconocencia a quien fuera xuna figura esencial na so creaci\u00f3n y desenvolvimientu.<\/p>\n<p>Pa Garc\u00eda, llegar a esta tercer edici\u00f3n supon l&#8217;afitamientu d&#8217;una propuesta con personalid\u00e1 propia dientro de la programaci\u00f3n cultural de Vald\u00e9s. <strong>\u00abLa Favorita ye y\u00e1 una parte de la identid\u00e1 cultural de L.luarca.<\/strong> Ye un festival distintu, que nun entiende la cultura como daqu\u00e9 qu&#8217;asocede nam\u00e1 dientro d&#8217;un escenariu, sin\u00f3n como una esperiencia que se constr\u00fai en contactu col espaciu, col territoriu y coles persones\u00bb, afirma.<\/p>\n<p>La responsable municipal anima a vecinos y visitantes a averase a la plaza Carmen y Severu Ochoa mientres les dos xornaes. \u00abNun fai falta conocer primeramente les disciplines nin los llinguaxes que vamos atopar. La Favorita ta precisamente pensada p&#8217;afayar, escuchar, mirar y dexase sosprender\u00bb, apunta.<\/p>\n<p>Garc\u00eda destaca am\u00e1s la capacid\u00e1 del festival pa convertir L.luarca nun espaciu de creaci\u00f3n. \u00abLa Favorita demuestra que los nuesos espacios p\u00fablicos pueden convertise en llugares pa la esperimentaci\u00f3n, pa la reflex\u00f3n y pal alcuentru\u00bb, sostien. Al so xuiciu, esti apueste contrib\u00fai tami\u00e9n a proxectar L.luarca como \u00abun territoriu culturalmente activu\u00bb.<\/p>\n<p>La concejala pon coles mesmes l&#8217;acentu na collaboraci\u00f3n ente alministraciones pa caltener esti tipu d&#8217;iniciatives. \u00abLa collaboraci\u00f3n institucional ye fundamental pa poder caltener y consolidar propuestes culturales calidable\u00bb, afirma. \u00abDende&#8217;l Conceyu vamos siguir trabayando por que la cultura llegue a los nuesos espacios p\u00fablicos y por que Vald\u00e9s siga siendo un conceyu abiertu a la creaci\u00f3n y a nueves formes d&#8217;espresi\u00f3n art\u00edstica\u00bb.<\/p>\n<p>Mientres dos nueches, L.luarca va ser escenariu y materia de creaci\u00f3n, cola palabra, l&#8217;arte y el territoriu como exes d&#8217;una propuesta que busca averar al p\u00fablicu llinguaxes art\u00edsticos menos habituales.<\/p>\n","protected":false},"excerpt":{"rendered":"<p>Esti vienres 4 y s\u00e1badu 5 de setiembre cel\u00e9brase en L.luarca la tercer edici\u00f3n de La Favorita de Xuan Bello, festival d\u2019arte, pallabra y territoriu que recueye manifestaciones art\u00edstiques como la poes\u00eda, m\u00fasica, performance, arquitectura ef\u00edmera, danza y arte sonoro. \u00abY\u00e1 ye parte de la identid\u00e1 cultural de L.luarca\u00bb El festival d&#8217;arte, palabra y territoriu [&hellip;]<\/p>\n","protected":false},"author":117,"featured_media":0,"comment_status":"closed","ping_status":"closed","sticky":false,"template":"","format":"standard","meta":{"footnotes":""},"categories":[32,204],"tags":[],"class_list":["post-86655","post","type-post","status-publish","format-standard","hentry","category-escritores","category-festivales"],"_links":{"self":[{"href":"https:\/\/edublog.educastur.es\/ixuxu\/wp-json\/wp\/v2\/posts\/86655","targetHints":{"allow":["GET"]}}],"collection":[{"href":"https:\/\/edublog.educastur.es\/ixuxu\/wp-json\/wp\/v2\/posts"}],"about":[{"href":"https:\/\/edublog.educastur.es\/ixuxu\/wp-json\/wp\/v2\/types\/post"}],"author":[{"embeddable":true,"href":"https:\/\/edublog.educastur.es\/ixuxu\/wp-json\/wp\/v2\/users\/117"}],"replies":[{"embeddable":true,"href":"https:\/\/edublog.educastur.es\/ixuxu\/wp-json\/wp\/v2\/comments?post=86655"}],"version-history":[{"count":7,"href":"https:\/\/edublog.educastur.es\/ixuxu\/wp-json\/wp\/v2\/posts\/86655\/revisions"}],"predecessor-version":[{"id":86895,"href":"https:\/\/edublog.educastur.es\/ixuxu\/wp-json\/wp\/v2\/posts\/86655\/revisions\/86895"}],"wp:attachment":[{"href":"https:\/\/edublog.educastur.es\/ixuxu\/wp-json\/wp\/v2\/media?parent=86655"}],"wp:term":[{"taxonomy":"category","embeddable":true,"href":"https:\/\/edublog.educastur.es\/ixuxu\/wp-json\/wp\/v2\/categories?post=86655"},{"taxonomy":"post_tag","embeddable":true,"href":"https:\/\/edublog.educastur.es\/ixuxu\/wp-json\/wp\/v2\/tags?post=86655"}],"curies":[{"name":"wp","href":"https:\/\/api.w.org\/{rel}","templated":true}]}}