{"id":86675,"date":"2026-09-01T13:36:39","date_gmt":"2026-09-01T11:36:39","guid":{"rendered":"https:\/\/edublog.educastur.es\/ixuxu\/?p=86675"},"modified":"2026-09-01T20:11:34","modified_gmt":"2026-09-01T18:11:34","slug":"la-confreria-de-pescadores-de-llanes-premio-pueblu-exemplar-dasturies-2026","status":"publish","type":"post","link":"https:\/\/edublog.educastur.es\/ixuxu\/2026\/09\/la-confreria-de-pescadores-de-llanes-premio-pueblu-exemplar-dasturies-2026\/","title":{"rendered":"La Confrer\u00eda de Pescadores de Llanes, premio Pueblu exemplar d&#8217;Asturies 2026"},"content":{"rendered":"<p>La Confrer\u00eda de Pescadores de Llanes, premio Pueblu exemplar d&#8217;Asturies 2026. El galard\u00f3n premia les m\u00faltiples iniciatives de la entid\u00e1 en favor del mediu ambiente y la comunid\u00e1.<a href=\"https:\/\/www.lne.es\/oriente\/2026\/09\/01\/cofradia-pescadores-llanes-premio-pueblo-133836187.html?fbclid=IwY2xjawUDl81wZG9mBWV4dG4DYWVtAjEwAHNydGMGYXBwX2lkEDIyMjAzOTE3ODgyMDA4OTIAAR7LBtJwch4PdNY_HtC0-9-sTnAbqhGs0pe1JwdeuetaiWD5fseFBJv6NiFZcA_aem_PU1QIqTKz-Nihvaw17ZV1w&amp;utm_campaign=mrf-facebook-nuevaespana&amp;utm_source=facebook&amp;utm_medium=social&amp;mrfcid=202609016a96b488f6950f17e8cda61c\"> LNE<\/a> \/ <a href=\"https:\/\/www.instagram.com\/cofradiapescadoresllanes\">Instagram<\/a> \/<\/p>\n<p style=\"text-align: center\"><a href=\"https:\/\/pbs.twimg.com\/media\/HRIEhVMWMAEkhna?format=jpg&amp;name=small\"><img loading=\"lazy\" decoding=\"async\" class=\"aligncenter size-large\" src=\"https:\/\/pbs.twimg.com\/media\/HRIEhVMWMAEkhna?format=jpg&amp;name=small\" width=\"544\" height=\"680\" \/><\/a><\/p>\n<p>La Confrer\u00eda de Pescadores \u00abSanta Ana\u00bb de Llanes foi estremada col Premiu Pueblo exemplar d&#8217;Asturies 2026. La propuesta foi presentada pol patr\u00f3n mayor, \u00c1ngel Batalla, y el galard\u00f3n premia les numberoses iniciatives rellacionaes cola sostenibilid\u00e1 y el cuidu del oc\u00e9anu, seg\u00fan la organizaci\u00f3n de talleres de concienciaci\u00f3n y xornaes de llimpieza de sableres, ente otres m\u00faltiples actividaes.<\/p>\n<p style=\"text-align: center\"><!--more--><\/p>\n<p>Asina, en xunu de 2020 robl\u00f3 un conveniu de collaboraci\u00f3n cola Asociaci\u00f3n Arramaos Cero pal desenvolvimientu del proxecto \u00abMares Circulares\u00bb, pol cual les embarcaciones retiren les borrafes atopaes mientres los llabores de pesca pa la so xesti\u00f3n posterior en tierra, y ta implicada en distintos proyectos de sensibilizaci\u00f3n ciudadana y promoci\u00f3n de la econom\u00eda circular. Tami\u00e9n desenvuelve iniciatives solidaries como la donaci\u00f3n de parte de les captures a les families m\u00e1s precisaes o pa los men\u00faes solidarios de la Escuela d&#8217;Hosteler\u00eda del IES de Llanes.<\/p>\n<p><strong>Esfuerzu de divulgaci\u00f3n <\/strong>Por cuenta de la declaraci\u00f3n de la ONU de 2022 como l&#8217;A\u00f1u Internacional de la Pesca Artesanal, la Confrer\u00eda punxo en marcha una campa\u00f1a para concenciar a los ne\u00f1os sobro la importancia de la pesca artesanal na econom\u00eda local y la sostenibilid\u00e1. Am\u00e1s, realiza un importante esfuerzu de divulgaci\u00f3n de les sos actividaes y compromisos al travi\u00e9s de la so p\u00e1xina web, redes sociales y medios impresos (carteler\u00eda, folletos, marcap\u00e1ginas, etc.).<\/p>\n<p>En 2025 recibi\u00f3&#8217;l premiu Urogallo d&#8217;Oru conced\u00edu pel Centru Asturianu de Madrid pola defensa de la pesca artesanal y la preservaci\u00f3n de la cultura local. Heredera de la Confrer\u00eda d&#8217;Amoriantes de San Nicol\u00e1s, una de les m\u00e1s antig\u00fces d&#8217;Asturies, qu&#8217;arrexuntaba al gremiu de pescadores de la villa llanisca dende la so constituci\u00f3n en redol al a\u00f1u 1350 y que tuvo gran importancia nel desenvolvimientu econ\u00f3micu de la zona gracies a la pesca de ballenes ente los sieglos XIV y XVII.<\/p>\n<p>&nbsp;<\/p>\n<p style=\"text-align: center\"><a href=\"https:\/\/estaticos-cdn.prensaiberica.es\/clip\/c6bfce77-e495-4f94-85d9-66363a04c63e_16-9-aspect-ratio_default_0_x800y300.webp\"><img loading=\"lazy\" decoding=\"async\" class=\"aligncenter size-large\" src=\"https:\/\/estaticos-cdn.prensaiberica.es\/clip\/c6bfce77-e495-4f94-85d9-66363a04c63e_16-9-aspect-ratio_default_0_x800y300.webp\" width=\"880\" height=\"495\" \/><\/a><\/p>\n<p><strong>Compromisu cola pesca sostenible.\u00a0<\/strong>La puya diaria de captures, destacada pol so compromisu cola pesca sostenible; les fiestes de Santo Ana o les distintes xornaes gastron\u00f3miques, como la degustaci\u00f3n del at\u00fan color\u00e1u, son dalgunes de les munches actividaes de promoci\u00f3n que realiza. La Confrer\u00eda participa y entama, tami\u00e9n, distintes actividaes culturales, como&#8217;l concursu a\u00f1al de fotograf\u00eda Amartumar pa sensibilizar avera del cuidu de los oc\u00e9anos o la Ruta Marinera de la Princesa, un percorr\u00edu divulgativu por dalgunos de los edificios y espacios hist\u00f3ricos de Llanes que la princesa Leonor d&#8217;Austria percorrer\u00eda nuna estancia na villa nel a\u00f1u 1517.<\/p>\n<p style=\"text-align: center\"><a href=\"https:\/\/pbs.twimg.com\/card_img\/2094840425055973376\/DEd-k7tt?format=jpg&amp;name=small\"><img loading=\"lazy\" decoding=\"async\" class=\"aligncenter size-large\" src=\"https:\/\/pbs.twimg.com\/card_img\/2094840425055973376\/DEd-k7tt?format=jpg&amp;name=small\" width=\"680\" height=\"425\" \/><\/a><\/p>\n<p>En 2018 la Confrer\u00eda edit\u00f3&#8217;l llibru Antiguos amoriantes de Llanes\u00bb, escritu pol historiador Antonio Celoriu M\u00e9ndez-Trelles, que recueye la hestoria y organizaci\u00f3n del gremiu pesqueru na localid\u00e1 dende&#8217;l sieglu XII al XX. Tami\u00e9n public\u00f3 volumes infantiles pa concenciar sobro&#8217;l cuidu del mar, como&#8217;l llibru \u00abPescando valores\u00bb (2025) y el llibru \u00abLlanes, xente del mar\u00bb, que recueye fotograf\u00edes y testos sobro personaxes y miembros hist\u00f3ricos de la Confrer\u00eda.<\/p>\n<p style=\"text-align: center\"><a href=\"https:\/\/estaticos-cdn.prensaiberica.es\/clip\/368ce26a-e4c3-4e56-bd1c-7549746de2db_16-9-discover-aspect-ratio_default_0_x876y465.webp\"><img loading=\"lazy\" decoding=\"async\" class=\"aligncenter size-large\" src=\"https:\/\/estaticos-cdn.prensaiberica.es\/clip\/368ce26a-e4c3-4e56-bd1c-7549746de2db_16-9-discover-aspect-ratio_default_0_x876y465.webp\" width=\"1200\" height=\"675\" \/><\/a><\/p>\n<p><strong>Llabores n\u00e1uticos y en tierra.\u00a0<\/strong>Esti grupu humanu dedic\u00e1u a los llabores n\u00e1uticos, qu&#8217;hist\u00f3ricamente incluy\u00f3 a les muyeres en diversos llabores en tierra como rederas o vendedores ambulantes, tami\u00e9n desenvolvi\u00f3 actividaes relixoses y asistenciales. Mientres sieglos, la Confrer\u00eda de San Nicol\u00e1s sufrag\u00f3 procesiones, festividaes de santos, mises y entierros de cofrades, y ayud\u00f3 a enfermos, viudes, g\u00fc\u00e9rfanos, marineros en tr\u00e1nsitu y n\u00e1ufragos.<\/p>\n<p style=\"text-align: center\"><a href=\"https:\/\/s3.ppllstatics.com\/elcomercio\/www\/multimedia\/premios-princesa\/2026\/09\/01\/pueblo-ejemplar%20(17).jpg?width=1106\"><img loading=\"lazy\" decoding=\"async\" class=\"aligncenter size-large\" src=\"https:\/\/s3.ppllstatics.com\/elcomercio\/www\/multimedia\/premios-princesa\/2026\/09\/01\/pueblo-ejemplar%20(17).jpg?width=1106\" width=\"1106\" height=\"778\" \/><\/a><\/p>\n<p style=\"text-align: center\">\n","protected":false},"excerpt":{"rendered":"<p>La Confrer\u00eda de Pescadores de Llanes, premio Pueblu exemplar d&#8217;Asturies 2026. El galard\u00f3n premia les m\u00faltiples iniciatives de la entid\u00e1 en favor del mediu ambiente y la comunid\u00e1. LNE \/ Instagram \/ La Confrer\u00eda de Pescadores \u00abSanta Ana\u00bb de Llanes foi estremada col Premiu Pueblo exemplar d&#8217;Asturies 2026. La propuesta foi presentada pol patr\u00f3n mayor, [&hellip;]<\/p>\n","protected":false},"author":117,"featured_media":0,"comment_status":"closed","ping_status":"closed","sticky":false,"template":"","format":"standard","meta":{"footnotes":""},"categories":[286,339,28,22],"tags":[],"class_list":["post-86675","post","type-post","status-publish","format-standard","hentry","category-confreries","category-pesca","category-premios-princesa-da","category-pueblos"],"_links":{"self":[{"href":"https:\/\/edublog.educastur.es\/ixuxu\/wp-json\/wp\/v2\/posts\/86675","targetHints":{"allow":["GET"]}}],"collection":[{"href":"https:\/\/edublog.educastur.es\/ixuxu\/wp-json\/wp\/v2\/posts"}],"about":[{"href":"https:\/\/edublog.educastur.es\/ixuxu\/wp-json\/wp\/v2\/types\/post"}],"author":[{"embeddable":true,"href":"https:\/\/edublog.educastur.es\/ixuxu\/wp-json\/wp\/v2\/users\/117"}],"replies":[{"embeddable":true,"href":"https:\/\/edublog.educastur.es\/ixuxu\/wp-json\/wp\/v2\/comments?post=86675"}],"version-history":[{"count":11,"href":"https:\/\/edublog.educastur.es\/ixuxu\/wp-json\/wp\/v2\/posts\/86675\/revisions"}],"predecessor-version":[{"id":86768,"href":"https:\/\/edublog.educastur.es\/ixuxu\/wp-json\/wp\/v2\/posts\/86675\/revisions\/86768"}],"wp:attachment":[{"href":"https:\/\/edublog.educastur.es\/ixuxu\/wp-json\/wp\/v2\/media?parent=86675"}],"wp:term":[{"taxonomy":"category","embeddable":true,"href":"https:\/\/edublog.educastur.es\/ixuxu\/wp-json\/wp\/v2\/categories?post=86675"},{"taxonomy":"post_tag","embeddable":true,"href":"https:\/\/edublog.educastur.es\/ixuxu\/wp-json\/wp\/v2\/tags?post=86675"}],"curies":[{"name":"wp","href":"https:\/\/api.w.org\/{rel}","templated":true}]}}