{"id":86696,"date":"2026-08-31T09:00:48","date_gmt":"2026-08-31T07:00:48","guid":{"rendered":"https:\/\/edublog.educastur.es\/ixuxu\/?p=86696"},"modified":"2026-09-01T14:09:56","modified_gmt":"2026-09-01T12:09:56","slug":"dia-internacional-de-la-solidarida-2","status":"publish","type":"post","link":"https:\/\/edublog.educastur.es\/ixuxu\/2026\/08\/dia-internacional-de-la-solidarida-2\/","title":{"rendered":"D\u00eda Internacional de la Solidarid\u00e1"},"content":{"rendered":"<p>Esi valor ye&#8217;l que promueve les siguientes llectures nes que&#8217;l sofitu y collaboraci\u00f3n desinteresada escontra otres persones ye&#8217;l motor de la hestoria.<\/p>\n<p style=\"text-align: center\"><a href=\"https:\/\/eldebate.com.ar\/wp-content\/uploads\/2022\/08\/soli1.jpg\"><img loading=\"lazy\" decoding=\"async\" class=\"aligncenter size-large\" src=\"https:\/\/eldebate.com.ar\/wp-content\/uploads\/2022\/08\/soli1.jpg\" width=\"547\" height=\"352\" \/><\/a><\/p>\n<p>Escoy\u00f3se esta fecha n&#8217;honor al movimientu social polacu Solidarid\u00e1, que foi represent\u00e1u en 1980 pol gremiu sindical \u00abSolidarno\u015b\u0107\u00bb. Esti movimientu foi unu de los tantos responsables de la cayida del muriu de Berl\u00edn. Ye m\u00e1s, unu de los sos dirixentes, Lech Walesa, foi consagr\u00e1u col Premiu Nobel de la Paz gracies a que promovio los ideales de la solidarid\u00e1 non solo nel so pa\u00eds d&#8217;orixe sin\u00f3n por tol planeta.<\/p>\n<p><!--more--><\/p>\n<p>Magar esta celebraci\u00f3n tien una trayectoria llarga, esiste otra fecha decretada oficialmente pola UNESCO denominada D\u00eda Internacional de la Solidarid\u00e1 Humana, y que se celebra&#8217;l 20 d&#8217;avientu.<\/p>\n<p>El prop\u00f3situ d&#8217;esti d\u00eda nun vari\u00f3 enforma desque se fundara&#8217;l part\u00edu sindical. En realid\u00e1,<strong> b\u00e1sase nun principiu b\u00e1sicu que ye&#8217;l de l&#8217;ayuda mutua o&#8217;l ser solidarios colos otros.<\/strong><\/p>\n<p>Seg\u00fan el mesmu Walesa, solo na midida na que toos ayudemos y trabayemos por una causa com\u00fan qu&#8217;apurra&#8217;l mayor bienestar a toos, nesa mesma midida vamos vivir nun mundu muncho m\u00e1s pac\u00edficu, enriquecedor y pr\u00f3speru para cada naci\u00f3n, pueblu o individuu.<\/p>\n","protected":false},"excerpt":{"rendered":"<p>Esi valor ye&#8217;l que promueve les siguientes llectures nes que&#8217;l sofitu y collaboraci\u00f3n desinteresada escontra otres persones ye&#8217;l motor de la hestoria. Escoy\u00f3se esta fecha n&#8217;honor al movimientu social polacu Solidarid\u00e1, que foi represent\u00e1u en 1980 pol gremiu sindical \u00abSolidarno\u015b\u0107\u00bb. Esti movimientu foi unu de los tantos responsables de la cayida del muriu de Berl\u00edn. [&hellip;]<\/p>\n","protected":false},"author":117,"featured_media":0,"comment_status":"closed","ping_status":"closed","sticky":false,"template":"","format":"standard","meta":{"footnotes":""},"categories":[6],"tags":[],"class_list":["post-86696","post","type-post","status-publish","format-standard","hentry","category-dia-de"],"_links":{"self":[{"href":"https:\/\/edublog.educastur.es\/ixuxu\/wp-json\/wp\/v2\/posts\/86696","targetHints":{"allow":["GET"]}}],"collection":[{"href":"https:\/\/edublog.educastur.es\/ixuxu\/wp-json\/wp\/v2\/posts"}],"about":[{"href":"https:\/\/edublog.educastur.es\/ixuxu\/wp-json\/wp\/v2\/types\/post"}],"author":[{"embeddable":true,"href":"https:\/\/edublog.educastur.es\/ixuxu\/wp-json\/wp\/v2\/users\/117"}],"replies":[{"embeddable":true,"href":"https:\/\/edublog.educastur.es\/ixuxu\/wp-json\/wp\/v2\/comments?post=86696"}],"version-history":[{"count":5,"href":"https:\/\/edublog.educastur.es\/ixuxu\/wp-json\/wp\/v2\/posts\/86696\/revisions"}],"predecessor-version":[{"id":86702,"href":"https:\/\/edublog.educastur.es\/ixuxu\/wp-json\/wp\/v2\/posts\/86696\/revisions\/86702"}],"wp:attachment":[{"href":"https:\/\/edublog.educastur.es\/ixuxu\/wp-json\/wp\/v2\/media?parent=86696"}],"wp:term":[{"taxonomy":"category","embeddable":true,"href":"https:\/\/edublog.educastur.es\/ixuxu\/wp-json\/wp\/v2\/categories?post=86696"},{"taxonomy":"post_tag","embeddable":true,"href":"https:\/\/edublog.educastur.es\/ixuxu\/wp-json\/wp\/v2\/tags?post=86696"}],"curies":[{"name":"wp","href":"https:\/\/api.w.org\/{rel}","templated":true}]}}