{"id":86718,"date":"2026-09-01T09:00:46","date_gmt":"2026-09-01T07:00:46","guid":{"rendered":"https:\/\/edublog.educastur.es\/ixuxu\/?p=86718"},"modified":"2026-09-01T14:39:43","modified_gmt":"2026-09-01T12:39:43","slug":"dia-internacional-de-los-primates-2","status":"publish","type":"post","link":"https:\/\/edublog.educastur.es\/ixuxu\/2026\/09\/dia-internacional-de-los-primates-2\/","title":{"rendered":"D\u00eda Internacional de los Primates"},"content":{"rendered":"<p><strong>M\u00e1s del 60% de les especies de primates t\u00e1n amenaciaes d&#8217;estinci\u00f3n<\/strong> y barganal del 75% presenten poblaciones en cayente <strong>Principales amenaces: Perda d&#8217;h\u00e1bitat \/ Caza y captura \/Tr\u00e1ficu illegal. <\/strong>De les m\u00e1s de 500 especies de primates nel mundu, m\u00e1s del 60% ta amenaci\u00e1u y el 75% sufre un fuerte cayente \ud83d\udcc9La presi\u00f3n humana averar a la estinci\u00f3n. Actuar agora ye crucial.\u00a0 <span class=\"r-18u37iz\"><a class=\"css-1jxf684 r-bcqeeo r-1ttztb7 r-qvutc0 r-poiln3 r-1loqt21\" dir=\"ltr\" role=\"link\" href=\"https:\/\/x.com\/hashtag\/D\u00edaInternacionalDeLosPrimates?src=hashtag_click\">#D\u00edaInternacionalDeLosPrimates<\/a><\/span><\/p>\n<p style=\"text-align: center\"><a href=\"https:\/\/pbs.twimg.com\/media\/HRHccwcW4AAIYVX?format=jpg&amp;name=large\"><img loading=\"lazy\" decoding=\"async\" class=\"aligncenter \" src=\"https:\/\/pbs.twimg.com\/media\/HRHccwcW4AAIYVX?format=jpg&amp;name=large\" width=\"791\" height=\"989\" \/><\/a><\/p>\n<p><!--more--><\/p>\n<p>Cel\u00e9brase ola cuenta de destacar la importancia de caltener estes especies mam\u00edferes, seg\u00fan sollertar sobro les amenaces d&#8217;estinci\u00f3n de delles d&#8217;elles. Ente les principales amenaces pa los primates atopen la deforestaci\u00f3n del so h\u00e1bitat, factores ambientales, enfermedaes virales, caza illegal, esplotaci\u00f3n con fines comerciales y d&#8217;entretenimientu.<\/p>\n<p><strong>Orixe del D\u00eda Internacional de los Primates. S<\/strong>urdi\u00f3 nel a\u00f1u 2005, por iniciativa de la organizaci\u00f3n Animal Defenders International, col enfotu de visibilizar la persecuci\u00f3n y esploraci\u00f3n a la que son somet\u00edos los primates en tol mundu.Cuenta col sofitu de delles organizaciones de defensa d&#8217;estos animales.<\/p>\n<p style=\"text-align: center\"><a href=\"https:\/\/pbs.twimg.com\/media\/GU2ymZTWUAA5N3H?format=jpg&amp;name=small\"><img loading=\"lazy\" decoding=\"async\" class=\"aligncenter size-large\" src=\"https:\/\/pbs.twimg.com\/media\/GU2ymZTWUAA5N3H?format=jpg&amp;name=small\" width=\"680\" height=\"680\" \/><\/a><\/p>\n<p>Son clave para la sal\u00fa de montes y selves, y\u00e1 que esvalixen granes y caltienen l&#8217;equilibriu natural \ud83c\udf3fEl so caltenimientu ye esencial. <a href=\"https:\/\/x.com\/FBiodiversidad\/status\/1962462941812556040\/video\/1\">VIDEU<\/a><\/p>\n<p><span class=\"css-1jxf684 r-bcqeeo r-1ttztb7 r-qvutc0 r-poiln3\">\u00a0\u00a1Son curiosos, sociales, intelixentes\u2026 y hoy celebramos su d\u00eda! R<\/span><span class=\"css-1jxf684 r-bcqeeo r-1ttztb7 r-qvutc0 r-poiln3\">ecordamos la so importancia de protexelos frente a amenaces. <\/span><span class=\"css-1jxf684 r-bcqeeo r-1ttztb7 r-qvutc0 r-poiln3\">\u00a0En <\/span><span class=\"r-18u37iz\"><a class=\"css-1jxf684 r-bcqeeo r-1ttztb7 r-qvutc0 r-poiln3 r-1loqt21\" dir=\"ltr\" role=\"link\" href=\"https:\/\/x.com\/hashtag\/Cab\u00e1rceno?src=hashtag_click\">#Cab\u00e1rceno<\/a><\/span><span class=\"css-1jxf684 r-bcqeeo r-1ttztb7 r-qvutc0 r-poiln3\"> trabayen cada d\u00eda en pro de su <\/span><span class=\"r-18u37iz\"><a class=\"css-1jxf684 r-bcqeeo r-1ttztb7 r-qvutc0 r-poiln3 r-1loqt21\" dir=\"ltr\" role=\"link\" href=\"https:\/\/x.com\/hashtag\/conservaci\u00f3n?src=hashtag_click\">#conservaci\u00f3n<\/a><\/span><span class=\"css-1jxf684 r-bcqeeo r-1ttztb7 r-qvutc0 r-poiln3\">. <\/span><a class=\"css-1jxf684 r-bcqeeo r-1ttztb7 r-qvutc0 r-poiln3 r-1wvb978 r-1loqt21\" dir=\"ltr\" role=\"link\" href=\"https:\/\/t.co\/BNMXTDozfK\" target=\"_blank\" rel=\"noopener noreferrer nofollow\"><span class=\"css-1jxf684 r-bcqeeo r-1ttztb7 r-qvutc0 r-poiln3 r-qlhcfr r-19qo34d r-qvk6io r-orgf3d r-u8s1d\" aria-hidden=\"true\">https:\/\/<\/span>parquedecabarceno.com\/animales-de-ca<span class=\"css-1jxf684 r-bcqeeo r-1ttztb7 r-qvutc0 r-poiln3 r-qlhcfr r-19qo34d r-qvk6io r-orgf3d r-u8s1d\" aria-hidden=\"true\">barceno\/<\/span><\/a> <span class=\"r-18u37iz\"><a class=\"css-1jxf684 r-bcqeeo r-1ttztb7 r-qvutc0 r-poiln3 r-1loqt21\" dir=\"ltr\" role=\"link\" href=\"https:\/\/x.com\/hashtag\/Cab\u00e1rcenoApetece?src=hashtag_click\">#Cab\u00e1rcenoApetece<\/a><\/span><\/p>\n<p style=\"text-align: center\"><a href=\"https:\/\/pbs.twimg.com\/media\/Gzvs5mcWYAAtfjz?format=jpg&amp;name=large\"><img loading=\"lazy\" decoding=\"async\" class=\"aligncenter \" src=\"https:\/\/pbs.twimg.com\/media\/Gzvs5mcWYAAtfjz?format=jpg&amp;name=large\" width=\"896\" height=\"1120\" \/><\/a><\/p>\n<p><strong>Reivindica la importancia de protexer a estos animales.<\/strong> El gorila, l&#8217;orangut\u00e1n de Sumatra o&#8217;l chimpanc\u00e9 atopar en peligru cr\u00edticu \u26a0\ufe0f\ud83e\udd8d Para evitar qu&#8217;estos mam\u00edferos suman ye necesariu tomar mid\u00edes para&#8217;l so caltenimientu. <a href=\"https:\/\/x.com\/FBiodiversidad\/status\/1697534773986775381\/video\/1\">VIDEU<\/a> \/<\/p>\n<p style=\"text-align: center\"><a href=\"https:\/\/pbs.twimg.com\/media\/Gzx7SrXW4AAiYId?format=jpg&amp;name=medium\"><img loading=\"lazy\" decoding=\"async\" class=\"aligncenter size-large\" src=\"https:\/\/pbs.twimg.com\/media\/Gzx7SrXW4AAiYId?format=jpg&amp;name=medium\" width=\"1080\" height=\"1080\" \/><\/a><\/p>\n<p>Los primates son una de les especies m\u00e1s antig\u00fces, que daten de fai m\u00e1s de 58 millones d&#8217;a\u00f1os. Ta conformada por unes 200 especies, pertenecientes a la orde de mam\u00edferos placentarios. El t\u00e9rminu primates significa en llat\u00edn primeros\u00bb y foi utiliz\u00e1u per primer vegada nel a\u00f1u 1758.<\/p>\n<p><span style=\"text-decoration: underline\"><strong>Dalgunes de les caracter\u00edstiques comunes en toles especies de primates son les siguientes:<\/strong><\/span><\/p>\n<ul>\n<li>Son mam\u00edferos plant\u00edgrados que se sofiten na planta de los pies al caminar.<\/li>\n<li>Tienen celebros altamente desenvueltos.<\/li>\n<li>Les sos manos y pies son flexibles, con u\u00f1es y pulgares oponibles.<\/li>\n<li>Tienen un pesu que bazcuya ente los 30 kg hasta los 200 kg.<\/li>\n<li>Tienen una visi\u00f3n binocular y crom\u00e1tica p&#8217;apreciar la distancia de les coses.<\/li>\n<li>Tienen una esperanza de vida llarga.<\/li>\n<li>Toles especies tienen manos prensiles, pa garrase de les ca\u00f1es y suxetar alimentos.<\/li>\n<\/ul>\n<p><strong>Ente les especies de primates m\u00e1s conoc\u00edos at\u00f3pense:\u00a0<\/strong>L\u00e9mures. Orangutanes. Chimpanc\u00e9s. Gorilas. Mandriles. Bonobos. <strong>Monos<\/strong>: esguil, lanudos, carina.<\/p>\n<p style=\"text-align: center\"><a href=\"https:\/\/pbs.twimg.com\/media\/HRHEuPZW4AEFB3d?format=jpg&amp;name=4096x4096\"><img loading=\"lazy\" decoding=\"async\" class=\"aligncenter size-large\" src=\"https:\/\/pbs.twimg.com\/media\/HRHEuPZW4AEFB3d?format=jpg&amp;name=4096x4096\" width=\"1536\" height=\"2304\" \/><\/a><\/p>\n","protected":false},"excerpt":{"rendered":"<p>M\u00e1s del 60% de les especies de primates t\u00e1n amenaciaes d&#8217;estinci\u00f3n y barganal del 75% presenten poblaciones en cayente Principales amenaces: Perda d&#8217;h\u00e1bitat \/ Caza y captura \/Tr\u00e1ficu illegal. De les m\u00e1s de 500 especies de primates nel mundu, m\u00e1s del 60% ta amenaci\u00e1u y el 75% sufre un fuerte cayente \ud83d\udcc9La presi\u00f3n humana averar [&hellip;]<\/p>\n","protected":false},"author":117,"featured_media":0,"comment_status":"closed","ping_status":"closed","sticky":false,"template":"","format":"standard","meta":{"footnotes":""},"categories":[6],"tags":[],"class_list":["post-86718","post","type-post","status-publish","format-standard","hentry","category-dia-de"],"_links":{"self":[{"href":"https:\/\/edublog.educastur.es\/ixuxu\/wp-json\/wp\/v2\/posts\/86718","targetHints":{"allow":["GET"]}}],"collection":[{"href":"https:\/\/edublog.educastur.es\/ixuxu\/wp-json\/wp\/v2\/posts"}],"about":[{"href":"https:\/\/edublog.educastur.es\/ixuxu\/wp-json\/wp\/v2\/types\/post"}],"author":[{"embeddable":true,"href":"https:\/\/edublog.educastur.es\/ixuxu\/wp-json\/wp\/v2\/users\/117"}],"replies":[{"embeddable":true,"href":"https:\/\/edublog.educastur.es\/ixuxu\/wp-json\/wp\/v2\/comments?post=86718"}],"version-history":[{"count":11,"href":"https:\/\/edublog.educastur.es\/ixuxu\/wp-json\/wp\/v2\/posts\/86718\/revisions"}],"predecessor-version":[{"id":86729,"href":"https:\/\/edublog.educastur.es\/ixuxu\/wp-json\/wp\/v2\/posts\/86718\/revisions\/86729"}],"wp:attachment":[{"href":"https:\/\/edublog.educastur.es\/ixuxu\/wp-json\/wp\/v2\/media?parent=86718"}],"wp:term":[{"taxonomy":"category","embeddable":true,"href":"https:\/\/edublog.educastur.es\/ixuxu\/wp-json\/wp\/v2\/categories?post=86718"},{"taxonomy":"post_tag","embeddable":true,"href":"https:\/\/edublog.educastur.es\/ixuxu\/wp-json\/wp\/v2\/tags?post=86718"}],"curies":[{"name":"wp","href":"https:\/\/api.w.org\/{rel}","templated":true}]}}