{"id":86730,"date":"2026-09-01T08:45:47","date_gmt":"2026-09-01T06:45:47","guid":{"rendered":"https:\/\/edublog.educastur.es\/ixuxu\/?p=86730"},"modified":"2026-09-01T20:22:00","modified_gmt":"2026-09-01T18:22:00","slug":"umbaes-y-danes-para-la-proxima-temporada","status":"publish","type":"post","link":"https:\/\/edublog.educastur.es\/ixuxu\/2026\/09\/umbaes-y-danes-para-la-proxima-temporada\/","title":{"rendered":"Empieza la temporada d&#8217;umbaes y danes 2026-27."},"content":{"rendered":"<div class=\"html-div xdj266r x14z9mp xat24cr x1lziwak xexx8yu xyri2b x18d9i69 x1c1uobl\" dir=\"auto\">\n<div class=\"html-div xdj266r x14z9mp xat24cr x1lziwak xexx8yu xyri2b x18d9i69 x1c1uobl\" dir=\"auto\">\n<div class=\"html-div xdj266r x14z9mp xat24cr x1lziwak xexx8yu xyri2b x18d9i69 x1c1uobl\" data-ad-rendering-role=\"story_message\">\n<div class=\"x1l90r2v x1iorvi4 x1g0dm76 xpdmqnj\" data-ad-comet-preview=\"message\" data-ad-preview=\"message\">\n<div class=\"x78zum5 xdt5ytf xz62fqu x16ldp7u\">\n<div class=\"xu06os2 x1ok221b\">\n<div class=\"html-div xdj266r x14z9mp xat24cr x1lziwak xexx8yu xyri2b x18d9i69 x1c1uobl\">\n<div class=\"xdj266r x14z9mp xat24cr x1lziwak x1vvkbs x126k92a\">\n<div dir=\"auto\">\ud83c\udf00El 1 de setiembre <strong>empieza la temporada d&#8217;umbaes y danes 2026-2027.<\/strong> Va Ser la d\u00e9cima campa\u00f1a na que vamos nomar aquelles umbaes y danes que vaigan xenerar un gran impactu. Para&#8217;l nomamientu<strong> empl\u00e9gase una llista prefijada y alcordada ente tolos pa\u00edses del grupu compuesta por 21 nomes, alternando masculinos y femeninos<\/strong>.<\/div>\n<div dir=\"auto\"><\/div>\n<div dir=\"auto\" style=\"text-align: center\"><a href=\"https:\/\/pbs.twimg.com\/media\/HRCRwtQXwAAezpF?format=jpg&amp;name=large\"><img loading=\"lazy\" decoding=\"async\" class=\"aligncenter size-large\" src=\"https:\/\/pbs.twimg.com\/media\/HRCRwtQXwAAezpF?format=jpg&amp;name=large\" width=\"1392\" height=\"1003\" \/><\/a><\/div>\n<div dir=\"auto\"><\/div>\n<div dir=\"auto\"><!--more--><\/div>\n<div dir=\"auto\"><\/div>\n<div dir=\"auto\">Por esi motivu, sacrific\u00e1ronse delles lletres como la Q y l&#8217;O porque tienen pocos nomes qu&#8217;empiecen por elles. Non toles umbaes y danes van ser nomaes. van ser aquelles que puedan producir un gran impactu y obliguen a activar avisos n&#8217;amplies zones.<\/div>\n<p><strong>Hai dos opciones:<\/strong><\/p>\n<ul>\n<li>\ud83c\udf2c Avisos naranxes o colloraos por vientos bien fuertes.<\/li>\n<li>\u2614\ufe0f\u2603\ufe0fAvisos naranxes y\/o colloraos por ag\u00fces o nevaes intenses xuntu con avisos mariellos por vientu. Nel casu de les danes nun van ser necesarios los avisos por vientu.<\/li>\n<\/ul>\n<p>AEMET forma parte del grupu suroeste del nomamientu d&#8217;umbaes xuntu colos nuesos colegues de Francia, Portugal, B\u00e9lxica, Luxemburgu y Andorra. Hai nomes de toos esos pa\u00edses ya int\u00e9ntase (anque ye dif\u00edcil) que s\u00edan pronunciables en tolos idiomes.<\/p>\n<p>El nomamientu d&#8217;umbaes y danes <strong>favorez una comunicaci\u00f3n m\u00e1s efectiva \u00e9nte envernaes de vientu, mala mar, agua y nieve.<\/strong> Am\u00e1s, ayuda a la so identificaci\u00f3n n&#8217;estudios a posteriori, como los que vamos publicar a lo llargo de la temporada na nuesa web<\/p>\n<\/div>\n<\/div>\n<p style=\"text-align: center\"><a href=\"https:\/\/pbs.twimg.com\/card_img\/2094432257167458304\/vTydeCkx?format=jpg&amp;name=small\"><img loading=\"lazy\" decoding=\"async\" class=\"aligncenter size-large\" src=\"https:\/\/pbs.twimg.com\/card_img\/2094432257167458304\/vTydeCkx?format=jpg&amp;name=small\" width=\"680\" height=\"357\" \/><\/a><\/p>\n<div class=\"html-div xdj266r x14z9mp xat24cr x1lziwak xexx8yu xyri2b x18d9i69 x1c1uobl\">\n<div class=\"xdj266r x14z9mp xat24cr x1lziwak x1vvkbs x126k92a\">\n<div dir=\"auto\"><span class=\"html-span xexx8yu xyri2b x18d9i69 x1c1uobl x1hl2dhg x16tdsg8 x1vvkbs x3nfvp2 x1j61x8r x1fcty0u xdj266r xat24cr xm2jcoa x1mpyi22 xxymvpz xlup9mm x1kky2od\"><img loading=\"lazy\" decoding=\"async\" class=\"xz74otr x15mokao x1ga7v0g x16uus16 xbiv7yw\" src=\"https:\/\/static.xx.fbcdn.net\/images\/emoji.php\/v9\/tfc\/1\/16\/1f32c.png\" alt=\"\ud83c\udf2c\" width=\"16\" height=\"16\" \/><\/span> \ud83c\udf2c \u00bfSab\u00e9is cu\u00e1los fueron los nomes escoy\u00edos para la pr\u00f3xima temporada d&#8217;umbaes\/borrasques y DANES? \u00a1Sollertes, quiciabes el vuesu tea ente los escoy\u00edos! <span class=\"html-span xdj266r x14z9mp xat24cr x1lziwak xexx8yu xyri2b x18d9i69 x1c1uobl x1hl2dhg x16tdsg8 x1vvkbs\"><a class=\"x1i10hfl xjbqb8w x1ejq31n x18oe1m7 x1sy0etr xstzfhl x972fbf x10w94by x1qhh985 x14e42zd x9f619 x1ypdohk xt0psk2 x3ct3a4 xdj266r x14z9mp xat24cr x1lziwak xexx8yu xyri2b x18d9i69 x1c1uobl x16tdsg8 x1hl2dhg xggy1nq x1a2a7pz xkrqix3 x1sur9pj x1fey0fg x1s688f\" role=\"link\" href=\"https:\/\/www.facebook.com\/hashtag\/aqu%C3%ADlatierra?__cft__[0]=AZi59sbsoPdbYybW1BYPJIF4qNL3EFXgb0iS_LqzGPXF2qQgGCJm2sgvaYHsEc9-DFTWU_BDsWOWmoXrHQboOwn7vTDnzDF1ITxo0vVBKCQXuc5o9pSdy9DSvd5F_CJ0qc9f73Uw6v4Av6IXq959LV9JHzm_3dHJ9B81DvTSzS8_0JBcR0x_FZ4MjHV3DEyxyljCyKaHwVlUtp4fhA&amp;__tn__=*NK-y-R\">#Aqu\u00edlaTierra<\/a><\/span><\/div>\n<div dir=\"auto\"><\/div>\n<div dir=\"auto\" style=\"text-align: center\">\n<!-- iframe plugin v.6.0 wordpress.org\/plugins\/iframe\/ -->\n<iframe loading=\"lazy\" src=\"https:\/\/www.facebook.com\/plugins\/video.php?height=315&#038;href=https%3A%2F%2Fwww.facebook.com%2Freel%2F28178017875186468%2F&#038;show_text=false&#038;width=560&#038;t=0\" width=\"560\" height=\"315\" style=\"border:none;overflow:hidden\" scrolling=\"no\" frameborder=\"0\" allowfullscreen=\"true\" allow=\"autoplay; clipboard-write; encrypted-media; picture-in-picture; web-share\" 0=\"\/iframe\" class=\"iframe-class\"><\/iframe>\n<\/div>\n<\/div>\n<\/div>\n<\/div>\n<\/div>\n<\/div>\n<\/div>\n<\/div>\n<\/div>\n<p>&nbsp;<\/p>\n","protected":false},"excerpt":{"rendered":"<p>\ud83c\udf00El 1 de setiembre empieza la temporada d&#8217;umbaes y danes 2026-2027. Va Ser la d\u00e9cima campa\u00f1a na que vamos nomar aquelles umbaes y danes que vaigan xenerar un gran impactu. Para&#8217;l nomamientu empl\u00e9gase una llista prefijada y alcordada ente tolos pa\u00edses del grupu compuesta por 21 nomes, alternando masculinos y femeninos.<\/p>\n","protected":false},"author":117,"featured_media":0,"comment_status":"closed","ping_status":"closed","sticky":false,"template":"","format":"standard","meta":{"footnotes":""},"categories":[5],"tags":[],"class_list":["post-86730","post","type-post","status-publish","format-standard","hentry","category-tiempu"],"_links":{"self":[{"href":"https:\/\/edublog.educastur.es\/ixuxu\/wp-json\/wp\/v2\/posts\/86730","targetHints":{"allow":["GET"]}}],"collection":[{"href":"https:\/\/edublog.educastur.es\/ixuxu\/wp-json\/wp\/v2\/posts"}],"about":[{"href":"https:\/\/edublog.educastur.es\/ixuxu\/wp-json\/wp\/v2\/types\/post"}],"author":[{"embeddable":true,"href":"https:\/\/edublog.educastur.es\/ixuxu\/wp-json\/wp\/v2\/users\/117"}],"replies":[{"embeddable":true,"href":"https:\/\/edublog.educastur.es\/ixuxu\/wp-json\/wp\/v2\/comments?post=86730"}],"version-history":[{"count":7,"href":"https:\/\/edublog.educastur.es\/ixuxu\/wp-json\/wp\/v2\/posts\/86730\/revisions"}],"predecessor-version":[{"id":86778,"href":"https:\/\/edublog.educastur.es\/ixuxu\/wp-json\/wp\/v2\/posts\/86730\/revisions\/86778"}],"wp:attachment":[{"href":"https:\/\/edublog.educastur.es\/ixuxu\/wp-json\/wp\/v2\/media?parent=86730"}],"wp:term":[{"taxonomy":"category","embeddable":true,"href":"https:\/\/edublog.educastur.es\/ixuxu\/wp-json\/wp\/v2\/categories?post=86730"},{"taxonomy":"post_tag","embeddable":true,"href":"https:\/\/edublog.educastur.es\/ixuxu\/wp-json\/wp\/v2\/tags?post=86730"}],"curies":[{"name":"wp","href":"https:\/\/api.w.org\/{rel}","templated":true}]}}