{"id":86735,"date":"2026-08-31T14:00:30","date_gmt":"2026-08-31T12:00:30","guid":{"rendered":"https:\/\/edublog.educastur.es\/ixuxu\/?p=86735"},"modified":"2026-09-01T14:45:35","modified_gmt":"2026-09-01T12:45:35","slug":"sextaferia-de-llimpieza-del-riu-nalon","status":"publish","type":"post","link":"https:\/\/edublog.educastur.es\/ixuxu\/2026\/08\/sextaferia-de-llimpieza-del-riu-nalon\/","title":{"rendered":"Sextaferia de llimpieza del r\u00edu Nal\u00f3n"},"content":{"rendered":"<p>Mediu centenar de persones participaron esti s\u00e1badu na<strong> sextaferia de llimpieza del r\u00edu Nal\u00f3n<\/strong> convocada polos organizadores del Descensu Folkl\u00f3rico en Llaviana. Un alcuentru que sirvi\u00f3 pa llimpiar el calce ente La Chalana y Ponte d&#8217;Arcu. <a href=\"https:\/\/www.lne.es\/cuencas\/2026\/08\/29\/sextaferia-limpieza-rio-nalon-descenso-133763006.html?fbclid=IwY2xjawUDp-1wZG9mBWV4dG4DYWVtAjEwAHNydGMGYXBwX2lkEDIyMjAzOTE3ODgyMDA4OTIAAR6DQCSJlUu7alfKc87-cxZbvz29MQoA-TcZ8M9uoyVjL26hCLiCig2A-IS7yQ_aem_6Kznrjts94VHGu0-67CjiQ&amp;utm_campaign=mrf-facebook-lnecuencas&amp;utm_source=facebook&amp;utm_medium=social&amp;mrfcid=202608296a8fee8299199a12cddbea81#foto1\">LNE<\/a><\/p>\n<p style=\"text-align: center\"><a href=\"https:\/\/estaticos-cdn.prensaiberica.es\/clip\/141d7699-ba12-495c-ac60-c08600d98b0d_alta-libre-aspect-ratio_default_0_x800y400.webp\"><img loading=\"lazy\" decoding=\"async\" class=\"aligncenter size-large\" src=\"https:\/\/estaticos-cdn.prensaiberica.es\/clip\/141d7699-ba12-495c-ac60-c08600d98b0d_alta-libre-aspect-ratio_default_0_x800y400.webp\" width=\"1200\" height=\"900\" \/><\/a><\/p>\n<p><!--more--><\/p>\n<p>&nbsp;<\/p>\n<p style=\"text-align: center\"><a href=\"https:\/\/estaticos-cdn.prensaiberica.es\/clip\/a3411c75-d22f-4856-b4f4-886b73bcc836_alta-libre-aspect-ratio_default_0_x800y400.webp\"><img loading=\"lazy\" decoding=\"async\" class=\"aligncenter size-large\" src=\"https:\/\/estaticos-cdn.prensaiberica.es\/clip\/a3411c75-d22f-4856-b4f4-886b73bcc836_alta-libre-aspect-ratio_default_0_x800y400.webp\" width=\"1200\" height=\"900\" \/><\/a><\/p>\n","protected":false},"excerpt":{"rendered":"<p>Mediu centenar de persones participaron esti s\u00e1badu na sextaferia de llimpieza del r\u00edu Nal\u00f3n convocada polos organizadores del Descensu Folkl\u00f3rico en Llaviana. Un alcuentru que sirvi\u00f3 pa llimpiar el calce ente La Chalana y Ponte d&#8217;Arcu. LNE<\/p>\n","protected":false},"author":117,"featured_media":0,"comment_status":"closed","ping_status":"closed","sticky":false,"template":"","format":"standard","meta":{"footnotes":""},"categories":[216],"tags":[],"class_list":["post-86735","post","type-post","status-publish","format-standard","hentry","category-sestaferia"],"_links":{"self":[{"href":"https:\/\/edublog.educastur.es\/ixuxu\/wp-json\/wp\/v2\/posts\/86735","targetHints":{"allow":["GET"]}}],"collection":[{"href":"https:\/\/edublog.educastur.es\/ixuxu\/wp-json\/wp\/v2\/posts"}],"about":[{"href":"https:\/\/edublog.educastur.es\/ixuxu\/wp-json\/wp\/v2\/types\/post"}],"author":[{"embeddable":true,"href":"https:\/\/edublog.educastur.es\/ixuxu\/wp-json\/wp\/v2\/users\/117"}],"replies":[{"embeddable":true,"href":"https:\/\/edublog.educastur.es\/ixuxu\/wp-json\/wp\/v2\/comments?post=86735"}],"version-history":[{"count":3,"href":"https:\/\/edublog.educastur.es\/ixuxu\/wp-json\/wp\/v2\/posts\/86735\/revisions"}],"predecessor-version":[{"id":86738,"href":"https:\/\/edublog.educastur.es\/ixuxu\/wp-json\/wp\/v2\/posts\/86735\/revisions\/86738"}],"wp:attachment":[{"href":"https:\/\/edublog.educastur.es\/ixuxu\/wp-json\/wp\/v2\/media?parent=86735"}],"wp:term":[{"taxonomy":"category","embeddable":true,"href":"https:\/\/edublog.educastur.es\/ixuxu\/wp-json\/wp\/v2\/categories?post=86735"},{"taxonomy":"post_tag","embeddable":true,"href":"https:\/\/edublog.educastur.es\/ixuxu\/wp-json\/wp\/v2\/tags?post=86735"}],"curies":[{"name":"wp","href":"https:\/\/api.w.org\/{rel}","templated":true}]}}