{"id":86743,"date":"2026-09-01T19:49:22","date_gmt":"2026-09-01T17:49:22","guid":{"rendered":"https:\/\/edublog.educastur.es\/ixuxu\/?p=86743"},"modified":"2026-09-02T21:57:20","modified_gmt":"2026-09-02T19:57:20","slug":"la-cometcon-esplega-la-so-mayor-edicion-en-xixon","status":"publish","type":"post","link":"https:\/\/edublog.educastur.es\/ixuxu\/2026\/09\/la-cometcon-esplega-la-so-mayor-edicion-en-xixon\/","title":{"rendered":"La CometCon esplega la so mayor edici\u00f3n en Xix\u00f3n"},"content":{"rendered":"<div class=\"xdj266r x14z9mp xat24cr x1lziwak x1vvkbs x126k92a\">\n<div dir=\"auto\">La<a href=\"https:\/\/cometcon.org\/26\/\"><strong> CometCon<\/strong><\/a> esplega la so mayor edici\u00f3n en Xix\u00f3n con Nintendo, Mr. Jagger y m\u00e1s de 150 actividaes. La decimocuarta edici\u00f3n de la gran cita asturiana cola cultura pop y l&#8217;ociu alternativu va celebrar del 4 al 6 de setiembre na cortil ferial Luis Adaro. <a href=\"https:\/\/www.elcomercio.es\/gijon\/cometcon-gijon-fechas-invitados-novedades-programa-20260902111739-nt.html\"><strong>Asina va ser el Cometcon<\/strong><\/a> \/ <a href=\"https:\/\/www.elcomercio.es\/gijon\/cometcon-despliega-mayor-edicion-gijon-nintendo-jagger-20260901170339-nt.html?fbclid=IwY2xjawUD73dwZG9mBWV4dG4DYWVtAjEwAHNydGMGYXBwX2lkEDIyMjAzOTE3ODgyMDA4OTIAAR6sYo90FVLbVyfhh5yHHrHvHWI3LqT_N5njbuzkRmZh1j9-Aikym0-jfixLVg_aem_PREAAypIPYR7BwlMnteUVw&amp;utm_campaign=mrf-facebook-elcomerciogijon&amp;utm_source=facebook&amp;utm_medium=social&amp;mrfcid=202609016a93e30003539948e79e63a7\">El Comercio<\/a>\/ <a href=\"https:\/\/x.com\/CometConES\"><strong>X<\/strong><\/a> \/ <a href=\"https:\/\/www.facebook.com\/reel\/1603820987786124\">REEL<\/a> \/\u00a0 <span class=\"html-span xexx8yu xyri2b x18d9i69 x1c1uobl x1hl2dhg x16tdsg8 x1vvkbs x3nfvp2 x1j61x8r x1fcty0u xdj266r xat24cr xm2jcoa x1mpyi22 xxymvpz xlup9mm x1kky2od\"><img loading=\"lazy\" decoding=\"async\" class=\"xz74otr x15mokao x1ga7v0g x16uus16 xbiv7yw\" src=\"https:\/\/static.xx.fbcdn.net\/images\/emoji.php\/v9\/t9e\/1\/16\/27a1.png\" alt=\"\u27a1\ufe0f\" width=\"16\" height=\"16\" \/><\/span> <span class=\"html-span xdj266r x14z9mp xat24cr x1lziwak xexx8yu xyri2b x18d9i69 x1c1uobl x1hl2dhg x16tdsg8 x1vvkbs\"><a class=\"x1i10hfl xjbqb8w x1ejq31n x18oe1m7 x1sy0etr xstzfhl x972fbf x10w94by x1qhh985 x14e42zd x9f619 x1ypdohk xt0psk2 x3ct3a4 xdj266r x14z9mp xat24cr x1lziwak xexx8yu xyri2b x18d9i69 x1c1uobl x16tdsg8 x1hl2dhg xggy1nq x1a2a7pz xkrqix3 x1sur9pj x1fey0fg x1s688f\" role=\"link\" href=\"https:\/\/mrf.lu\/2qPDM?fbclid=IwcGRvZgVleHRuA2FlbQIxMABzcnRjBmFwcF9pZBAyMjIwMzkxNzg4MjAwODkyAAEenwW92IbelM0wyXzCsa27Rcox8q0KWP4ijukLNMYzEDPGgRfke2Kb7X0s7cE_aem_jnBXqi55PEvjQhlIQE_X1w\" target=\"_blank\" rel=\"nofollow noopener noreferrer\">https:\/\/mrf.lu\/2qPDM<\/a><\/span><\/div>\n<div dir=\"auto\" style=\"text-align: center\"><a href=\"https:\/\/migijon.com\/wp-content\/uploads\/2026\/07\/AST_PEQUENO.jpeg\"><img loading=\"lazy\" decoding=\"async\" class=\"aligncenter \" src=\"https:\/\/migijon.com\/wp-content\/uploads\/2026\/07\/AST_PEQUENO.jpeg\" width=\"653\" height=\"1001\" \/><\/a><\/div>\n<\/div>\n<div dir=\"auto\" style=\"text-align: center\"><\/div>\n<div dir=\"auto\"><\/div>\n<div dir=\"auto\">Xix\u00f3n volver\u00e1 convertise en puntu d&#8217;alcuentru para los aficionaos a los <strong>videoxuegos, el cosplay, el c\u00f3mic, la lliteratura y la cultura pop<\/strong>. La CometCon va celebrar, ente esti 4 y 6 de setiembre na cortil ferial Lluis Adaro, la so decimocuarta edici\u00f3n, la sesta qu&#8217;acueye&#8217;l conceyu, con <strong>m\u00e1s de 150 actividaes, alredor de 40 invitaos<\/strong> y delles novedaes coles qu&#8217;aspira a repitir les cifres de la pasada convocatoria, que raspi\u00f3 los 25.000 asistentes.<\/div>\n<div dir=\"auto\"><\/div>\n<p><!--more--><\/p>\n<div dir=\"auto\"><\/div>\n<div class=\"xdj266r x14z9mp xat24cr x1lziwak x1vvkbs x126k92a\">\n<div dir=\"auto\" style=\"text-align: center\"><a href=\"https:\/\/s2.ppllstatics.com\/elcomercio\/www\/multimedia\/local\/2026\/09\/01\/cometcon-RzY51K4WqUFKEfSLKPLWSIJ-1200x840@El%20Comercio.jpg\"><img loading=\"lazy\" decoding=\"async\" class=\"aligncenter \" src=\"https:\/\/s2.ppllstatics.com\/elcomercio\/www\/multimedia\/local\/2026\/09\/01\/cometcon-RzY51K4WqUFKEfSLKPLWSIJ-1200x840@El%20Comercio.jpg\" width=\"827\" height=\"579\" \/><\/a><\/div>\n<\/div>\n<div dir=\"auto\">\n<p>&nbsp;<\/p>\n<p>\u00abLlevo catorce a\u00f1os diciendo qu&#8217;esta va ser la meyor edici\u00f3n de la CometCon, pero bonalmente asina lo creo\u00bb, asegur\u00f3 Lasheras, convenc\u00edu de que&#8217;l maduror alcanz\u00e1u pol certame va dexar siguir creciendo. La convenci\u00f3n, nacida en 2013, consolid\u00f3se como uno de los principales referentes del ociu xuvenil y alternativo del norte d&#8217;Espa\u00f1a y que, como destac\u00f3 Mart\u00ednez Salvador, asitia a Xix\u00f3n \u00abcomo epicentru de la cultura y l&#8217;ociu alternativu\u00bb.<\/p>\n<p style=\"text-align: center\"><a href=\"https:\/\/pbs.twimg.com\/media\/HRD5LbLWoAAp-28?format=jpg&amp;name=4096x4096\"><img loading=\"lazy\" decoding=\"async\" class=\"aligncenter \" src=\"https:\/\/pbs.twimg.com\/media\/HRD5LbLWoAAp-28?format=jpg&amp;name=4096x4096\" width=\"567\" height=\"709\" \/><\/a><\/p>\n<p style=\"text-align: center\"><a href=\"https:\/\/pbs.twimg.com\/media\/HREb5v9XYAAIkuc?format=jpg&amp;name=small\"><img loading=\"lazy\" decoding=\"async\" class=\"aligncenter size-large\" src=\"https:\/\/pbs.twimg.com\/media\/HREb5v9XYAAIkuc?format=jpg&amp;name=small\" width=\"544\" height=\"680\" \/><\/a><\/p>\n<p>La principal noved\u00e1 va ser la incorporaci\u00f3n, per primer vegada, del<strong> pabell\u00f3n del Princip\u00e1u d&#8217;Asturies. Los sos 2.000 metros cuadraos van ampliar la superficie disponible con una zona de videoxuegos arcade, realid\u00e1 virtual cooperativa, propuestes tecnol\u00f3xiques y otres actividaes.<\/strong> Tami\u00e9n va haber un espaciu de m\u00e1s de cien metros cuadraos dedic\u00e1u a Nintendo, am\u00e1s de dos nueves esposiciones, ente elles &#8216;Regresu al videoclub&#8217;, un viaxe se\u00f1ardosu pola cultura cinematogr\u00e1fica de les d\u00e9cades de los ochenta y noventa.<\/p>\n<p style=\"text-align: center\"><a href=\"https:\/\/pbs.twimg.com\/media\/HRI1CecWcAEAcjr?format=jpg&amp;name=medium\"><img loading=\"lazy\" decoding=\"async\" class=\"aligncenter size-large\" src=\"https:\/\/pbs.twimg.com\/media\/HRI1CecWcAEAcjr?format=jpg&amp;name=medium\" width=\"864\" height=\"1080\" \/><\/a><\/p>\n<p style=\"text-align: center\"><a href=\"https:\/\/estaticos-cdn.prensaiberica.es\/clip\/3256c41f-7466-49b4-9188-6c581d0a6fd6_16-9-discover-aspect-ratio_default_0_x645y286.webp\"><img loading=\"lazy\" decoding=\"async\" class=\"aligncenter size-large\" src=\"https:\/\/estaticos-cdn.prensaiberica.es\/clip\/3256c41f-7466-49b4-9188-6c581d0a6fd6_16-9-discover-aspect-ratio_default_0_x645y286.webp\" width=\"1200\" height=\"675\" \/><\/a><\/p>\n<\/div>\n","protected":false},"excerpt":{"rendered":"<p>La CometCon esplega la so mayor edici\u00f3n en Xix\u00f3n con Nintendo, Mr. Jagger y m\u00e1s de 150 actividaes. La decimocuarta edici\u00f3n de la gran cita asturiana cola cultura pop y l&#8217;ociu alternativu va celebrar del 4 al 6 de setiembre na cortil ferial Luis Adaro. Asina va ser el Cometcon \/ El Comercio\/ X \/ [&hellip;]<\/p>\n","protected":false},"author":117,"featured_media":0,"comment_status":"closed","ping_status":"closed","sticky":false,"template":"","format":"standard","meta":{"footnotes":""},"categories":[167,263,124,104],"tags":[],"class_list":["post-86743","post","type-post","status-publish","format-standard","hentry","category-feries","category-ropa","category-videoxuegos","category-xuegos"],"_links":{"self":[{"href":"https:\/\/edublog.educastur.es\/ixuxu\/wp-json\/wp\/v2\/posts\/86743","targetHints":{"allow":["GET"]}}],"collection":[{"href":"https:\/\/edublog.educastur.es\/ixuxu\/wp-json\/wp\/v2\/posts"}],"about":[{"href":"https:\/\/edublog.educastur.es\/ixuxu\/wp-json\/wp\/v2\/types\/post"}],"author":[{"embeddable":true,"href":"https:\/\/edublog.educastur.es\/ixuxu\/wp-json\/wp\/v2\/users\/117"}],"replies":[{"embeddable":true,"href":"https:\/\/edublog.educastur.es\/ixuxu\/wp-json\/wp\/v2\/comments?post=86743"}],"version-history":[{"count":12,"href":"https:\/\/edublog.educastur.es\/ixuxu\/wp-json\/wp\/v2\/posts\/86743\/revisions"}],"predecessor-version":[{"id":86961,"href":"https:\/\/edublog.educastur.es\/ixuxu\/wp-json\/wp\/v2\/posts\/86743\/revisions\/86961"}],"wp:attachment":[{"href":"https:\/\/edublog.educastur.es\/ixuxu\/wp-json\/wp\/v2\/media?parent=86743"}],"wp:term":[{"taxonomy":"category","embeddable":true,"href":"https:\/\/edublog.educastur.es\/ixuxu\/wp-json\/wp\/v2\/categories?post=86743"},{"taxonomy":"post_tag","embeddable":true,"href":"https:\/\/edublog.educastur.es\/ixuxu\/wp-json\/wp\/v2\/tags?post=86743"}],"curies":[{"name":"wp","href":"https:\/\/api.w.org\/{rel}","templated":true}]}}