{"id":86779,"date":"2026-09-01T20:23:17","date_gmt":"2026-09-01T18:23:17","guid":{"rendered":"https:\/\/edublog.educastur.es\/ixuxu\/?p=86779"},"modified":"2026-09-01T20:27:06","modified_gmt":"2026-09-01T18:27:06","slug":"86779","status":"publish","type":"post","link":"https:\/\/edublog.educastur.es\/ixuxu\/2026\/09\/86779\/","title":{"rendered":"Asturies encabeza la crecedera tur\u00edstica de la Espa\u00f1a Verde"},"content":{"rendered":"<p><span class=\"html-span xexx8yu xyri2b x18d9i69 x1c1uobl x1hl2dhg x16tdsg8 x1vvkbs x3nfvp2 x1j61x8r x1fcty0u xdj266r xat24cr xm2jcoa x1mpyi22 xxymvpz xlup9mm x1kky2od\"><img loading=\"lazy\" decoding=\"async\" class=\"xz74otr x15mokao x1ga7v0g x16uus16 xbiv7yw\" src=\"https:\/\/static.xx.fbcdn.net\/images\/emoji.php\/v9\/tf\/1\/16\/1f304.png\" alt=\"\ud83c\udf04\" width=\"16\" height=\"16\" \/><strong>Asturies encabeza la crecedera tur\u00edstica de la Espa\u00f1a Verde<\/strong> con cifres r\u00e9cord de viaxeros y pernoctaciones. El Princip\u00e1u recibi\u00f3 m\u00e1s de 440.000 visitantes en xunetu y algam\u00f3 el m\u00e1ximu hist\u00f3ricu de 1,26 millones de pernoctaciones para esi mes. <\/span>M\u00e1s\u00a0<span class=\"html-span xexx8yu xyri2b x18d9i69 x1c1uobl x1hl2dhg x16tdsg8 x1vvkbs x3nfvp2 x1j61x8r x1fcty0u xdj266r xat24cr xm2jcoa x1mpyi22 xxymvpz xlup9mm x1kky2od\"><img loading=\"lazy\" decoding=\"async\" class=\"xz74otr x15mokao x1ga7v0g x16uus16 xbiv7yw\" src=\"https:\/\/static.xx.fbcdn.net\/images\/emoji.php\/v9\/t8e\/1\/16\/2139.png\" alt=\"\u2139\" width=\"16\" height=\"16\" \/><\/span><span class=\"html-span xexx8yu xyri2b x18d9i69 x1c1uobl x1hl2dhg x16tdsg8 x1vvkbs x3nfvp2 x1j61x8r x1fcty0u xdj266r xat24cr xm2jcoa x1mpyi22 xxymvpz xlup9mm x1kky2od\"><img loading=\"lazy\" decoding=\"async\" class=\"xz74otr x15mokao x1ga7v0g x16uus16 xbiv7yw\" src=\"https:\/\/static.xx.fbcdn.net\/images\/emoji.php\/v9\/t4f\/1\/16\/1f447.png\" alt=\"\ud83d\udc47\" width=\"16\" height=\"16\" \/><\/span><span class=\"html-span xdj266r x14z9mp xat24cr x1lziwak xexx8yu xyri2b x18d9i69 x1c1uobl x1hl2dhg x16tdsg8 x1vvkbs\"><a class=\"x1i10hfl xjbqb8w x1ejq31n x18oe1m7 x1sy0etr xstzfhl x972fbf x10w94by x1qhh985 x14e42zd x9f619 x1ypdohk xt0psk2 x3ct3a4 xdj266r x14z9mp xat24cr x1lziwak xexx8yu xyri2b x18d9i69 x1c1uobl x16tdsg8 x1hl2dhg xggy1nq x1a2a7pz xkrqix3 x1sur9pj x1fey0fg x1s688f\" role=\"link\" href=\"https:\/\/l.facebook.com\/l.php?u=https%3A%2F%2Factualidad.asturias.es%2F-%2Fturismo3108%3Ffbclid%3DIwcGRvZgVleHRuA2FlbQIxMABzcnRjBmFwcF9pZBAyMjIwMzkxNzg4MjAwODkyAAEenwW92IbelM0wyXzCsa27Rcox8q0KWP4ijukLNMYzEDPGgRfke2Kb7X0s7cE_aem_jnBXqi55PEvjQhlIQE_X1w&amp;h=AUByDqV42wJZlMOyECtODk4FH9dQGTL4rOyqBuuQTTRqRSq6oXCVoGLUzlla0iOMm_dA8HKMZw8VnJMWB8zguvN7Nkzh-HacbtVqyZenumhY5C4eH7WH-a7WffGkmzOoyVEPv6UYDNuOn6gyH6HuMYXLk3hmng&amp;__tn__=-UK*F&amp;c[0]=AUBKSOV3aXLn0N1NVudifD-M6u2BDjqCJW34lWHcJYuzPddpp7cy296ks6zPILriXwvIfzH4FsdmCx7Pf0sQIKfrIhbmKsOc6ryT8y4RJ12sxVsmMPAdPOwsbEf26q-vOyYDrM3yugraOPhtzKHiRr4piNW7qbpN_7Y3H4jV3EgOB_ixYQVTc4uv7xzdAZQvblK5FI4dQDrZvmP3H3qXP4y8kKaffob4RdgywBAqHPr0ubYT\" target=\"_blank\" rel=\"nofollow noopener noreferrer\">https:\/\/actualidad.asturias.es\/-\/turismo3108<\/a><\/span><\/p>\n<p style=\"text-align: center\"><a href=\"https:\/\/pbs.twimg.com\/media\/HRH-NU9XQAAJS97?format=jpg&amp;name=large\"><img loading=\"lazy\" decoding=\"async\" class=\"aligncenter \" src=\"https:\/\/pbs.twimg.com\/media\/HRH-NU9XQAAJS97?format=jpg&amp;name=large\" width=\"512\" height=\"910\" \/><\/a><\/p>\n<p><!--more--><\/p>\n<p>&nbsp;<\/p>\n<p>El dinamismu tur\u00edsticu tuvo tami\u00e9n un reflexu directu nel empl\u00e9u. Los establecimientos asturianos algamaron en xunetu les 7.412 persones ocupaes, un 1,22% m\u00e1s que va un a\u00f1u. La crecedera foi especialmente significativu nos hoteles, onde l&#8217;empl\u00e9u aument\u00f3 un 3,48%, y nos agospiamientos de turismu rural, con una meyora del 2,21%.<\/p>\n<p style=\"text-align: center\"><a href=\"https:\/\/pbs.twimg.com\/media\/HRHVAsbW8AAFvzJ?format=jpg&amp;name=small\"><img loading=\"lazy\" decoding=\"async\" class=\"aligncenter size-large\" src=\"https:\/\/pbs.twimg.com\/media\/HRHVAsbW8AAFvzJ?format=jpg&amp;name=small\" width=\"680\" height=\"510\" \/><\/a><\/p>\n","protected":false},"excerpt":{"rendered":"<p>Asturies encabeza la crecedera tur\u00edstica de la Espa\u00f1a Verde con cifres r\u00e9cord de viaxeros y pernoctaciones. El Princip\u00e1u recibi\u00f3 m\u00e1s de 440.000 visitantes en xunetu y algam\u00f3 el m\u00e1ximu hist\u00f3ricu de 1,26 millones de pernoctaciones para esi mes. M\u00e1s\u00a0https:\/\/actualidad.asturias.es\/-\/turismo3108<\/p>\n","protected":false},"author":117,"featured_media":0,"comment_status":"closed","ping_status":"closed","sticky":false,"template":"","format":"standard","meta":{"footnotes":""},"categories":[18],"tags":[],"class_list":["post-86779","post","type-post","status-publish","format-standard","hentry","category-turismu"],"_links":{"self":[{"href":"https:\/\/edublog.educastur.es\/ixuxu\/wp-json\/wp\/v2\/posts\/86779","targetHints":{"allow":["GET"]}}],"collection":[{"href":"https:\/\/edublog.educastur.es\/ixuxu\/wp-json\/wp\/v2\/posts"}],"about":[{"href":"https:\/\/edublog.educastur.es\/ixuxu\/wp-json\/wp\/v2\/types\/post"}],"author":[{"embeddable":true,"href":"https:\/\/edublog.educastur.es\/ixuxu\/wp-json\/wp\/v2\/users\/117"}],"replies":[{"embeddable":true,"href":"https:\/\/edublog.educastur.es\/ixuxu\/wp-json\/wp\/v2\/comments?post=86779"}],"version-history":[{"count":3,"href":"https:\/\/edublog.educastur.es\/ixuxu\/wp-json\/wp\/v2\/posts\/86779\/revisions"}],"predecessor-version":[{"id":86783,"href":"https:\/\/edublog.educastur.es\/ixuxu\/wp-json\/wp\/v2\/posts\/86779\/revisions\/86783"}],"wp:attachment":[{"href":"https:\/\/edublog.educastur.es\/ixuxu\/wp-json\/wp\/v2\/media?parent=86779"}],"wp:term":[{"taxonomy":"category","embeddable":true,"href":"https:\/\/edublog.educastur.es\/ixuxu\/wp-json\/wp\/v2\/categories?post=86779"},{"taxonomy":"post_tag","embeddable":true,"href":"https:\/\/edublog.educastur.es\/ixuxu\/wp-json\/wp\/v2\/tags?post=86779"}],"curies":[{"name":"wp","href":"https:\/\/api.w.org\/{rel}","templated":true}]}}