{"id":86792,"date":"2026-09-01T20:38:21","date_gmt":"2026-09-01T18:38:21","guid":{"rendered":"https:\/\/edublog.educastur.es\/ixuxu\/?p=86792"},"modified":"2026-09-03T17:16:02","modified_gmt":"2026-09-03T15:16:02","slug":"masterclass-dop-sidra-dasturies","status":"publish","type":"post","link":"https:\/\/edublog.educastur.es\/ixuxu\/2026\/09\/masterclass-dop-sidra-dasturies\/","title":{"rendered":"Masterclass DOP Sidra d&#8217;Asturies"},"content":{"rendered":"<p>\ud83d\uddd3\ufe0f\u00bfQuies aprender a mirar, goler y saborguiar la sidra d&#8217;otra manera? El pr\u00f3ximu 25 de setiembre a les 18:00 h, vamos a <strong>Agropec 2026<\/strong> para afayar tolos secretos de la Sidra d&#8217;Asturies n&#8217;<strong>una masterclass d&#8217;anal\u00eds sensorial y conocencies de la sidra<\/strong>, de la mano de Jos\u00e9 Antonio Norniella. Una cita para aprender, esperimentar y conocer un pocu m\u00e1s tolo qu&#8217;hai detr\u00e1s del nuesu productu.<\/p>\n<p style=\"text-align: center\"><span class=\"x193iq5w xeuugli x13faqbe x1vvkbs x1xmvt09 x1lliihq x1s928wv xhkezso x1gmr53x x1cpjm7i x1fgarty x1943h6x xudqn12 x3x7a5m x1f6kntn xvq8zen xo1l8bm xzsf02u\" dir=\"auto\"><span class=\"x193iq5w xeuugli x13faqbe x1vvkbs xt0psk2 x1i0vuye xvs91rp xo1l8bm x5n08af x10wh9bi xpm28yp x8viiok x1o7cslx x126k92a\"><span class=\"html-span xexx8yu x4uap5 x18d9i69 xkhd6sd x1hl2dhg x16tdsg8 x1vvkbs x3nfvp2 x1j61x8r x1fcty0u xdj266r xat24cr xgzva0m xhhsvwb xxymvpz xlup9mm x1kky2od\">\n<!-- iframe plugin v.6.0 wordpress.org\/plugins\/iframe\/ -->\n<iframe loading=\"lazy\" src=\"https:\/\/www.instagram.com\/p\/DcvbIRHKxbv\/embed\" width=\"520\" height=\"670\" 0=\"\/iframe\" scrolling=\"yes\" class=\"iframe-class\" frameborder=\"0\"><\/iframe>\n<\/span><\/span><\/span><\/p>\n<p>\ud83d\udccd <span style=\"color: #008080\"><strong>Pabell\u00f3n d&#8217;Asturies \u00b7 Agropec 2026 \/ \ud83d\udcc5 25 de setiembre \ud83d\udd55 18:00 h.<\/strong> <\/span>Confirma la to asistencia nel 985 89 32 08. <a href=\"https:\/\/x.com\/sidradasturias\"><strong>X<\/strong><\/a> \/ <a role=\"link\" href=\"mailto:administracion@sidradeasturias.es\"><strong data-start=\"556\" data-end=\"572\">administracion@sidradeasturias.es<\/strong><\/a><\/p>\n<p><!--more--><\/p>\n<p style=\"text-align: center\">\n<!-- iframe plugin v.6.0 wordpress.org\/plugins\/iframe\/ -->\n<iframe data-testid=\"embed-iframe\" style=\"border-radius:12px\" src=\"https:\/\/open.spotify.com\/embed\/playlist\/6NggTPW586t7p7PwtDxaEI?utm_source=generator&#038;si=b4c33ef46b1f4c92\" width=\"100%\" height=\"704\" frameborder=\"0\" allowfullscreen allow=\"autoplay; clipboard-write; encrypted-media; fullscreen; picture-in-picture\" loading=\"lazy\" 0=\"\/iframe\" scrolling=\"yes\" class=\"iframe-class\"><\/iframe>\n<\/p>\n","protected":false},"excerpt":{"rendered":"<p>\ud83d\uddd3\ufe0f\u00bfQuies aprender a mirar, goler y saborguiar la sidra d&#8217;otra manera? El pr\u00f3ximu 25 de setiembre a les 18:00 h, vamos a Agropec 2026 para afayar tolos secretos de la Sidra d&#8217;Asturies n&#8217;una masterclass d&#8217;anal\u00eds sensorial y conocencies de la sidra, de la mano de Jos\u00e9 Antonio Norniella. Una cita para aprender, esperimentar y conocer [&hellip;]<\/p>\n","protected":false},"author":117,"featured_media":0,"comment_status":"closed","ping_status":"closed","sticky":false,"template":"","format":"standard","meta":{"footnotes":""},"categories":[167,156],"tags":[],"class_list":["post-86792","post","type-post","status-publish","format-standard","hentry","category-feries","category-sidre"],"_links":{"self":[{"href":"https:\/\/edublog.educastur.es\/ixuxu\/wp-json\/wp\/v2\/posts\/86792","targetHints":{"allow":["GET"]}}],"collection":[{"href":"https:\/\/edublog.educastur.es\/ixuxu\/wp-json\/wp\/v2\/posts"}],"about":[{"href":"https:\/\/edublog.educastur.es\/ixuxu\/wp-json\/wp\/v2\/types\/post"}],"author":[{"embeddable":true,"href":"https:\/\/edublog.educastur.es\/ixuxu\/wp-json\/wp\/v2\/users\/117"}],"replies":[{"embeddable":true,"href":"https:\/\/edublog.educastur.es\/ixuxu\/wp-json\/wp\/v2\/comments?post=86792"}],"version-history":[{"count":5,"href":"https:\/\/edublog.educastur.es\/ixuxu\/wp-json\/wp\/v2\/posts\/86792\/revisions"}],"predecessor-version":[{"id":87021,"href":"https:\/\/edublog.educastur.es\/ixuxu\/wp-json\/wp\/v2\/posts\/86792\/revisions\/87021"}],"wp:attachment":[{"href":"https:\/\/edublog.educastur.es\/ixuxu\/wp-json\/wp\/v2\/media?parent=86792"}],"wp:term":[{"taxonomy":"category","embeddable":true,"href":"https:\/\/edublog.educastur.es\/ixuxu\/wp-json\/wp\/v2\/categories?post=86792"},{"taxonomy":"post_tag","embeddable":true,"href":"https:\/\/edublog.educastur.es\/ixuxu\/wp-json\/wp\/v2\/tags?post=86792"}],"curies":[{"name":"wp","href":"https:\/\/api.w.org\/{rel}","templated":true}]}}