{"id":86823,"date":"2026-08-30T21:00:24","date_gmt":"2026-08-30T19:00:24","guid":{"rendered":"https:\/\/edublog.educastur.es\/ixuxu\/?p=86823"},"modified":"2026-09-01T22:46:39","modified_gmt":"2026-09-01T20:46:39","slug":"punta-de-la-talaya-asturies","status":"publish","type":"post","link":"https:\/\/edublog.educastur.es\/ixuxu\/2026\/08\/punta-de-la-talaya-asturies\/","title":{"rendered":"Punta de la Talaya, Asturies\u00a0"},"content":{"rendered":"<p style=\"text-align: center\">\n<!-- iframe plugin v.6.0 wordpress.org\/plugins\/iframe\/ -->\n<iframe loading=\"lazy\" src=\"https:\/\/www.facebook.com\/plugins\/post.php?href=https%3A%2F%2Fwww.facebook.com%2Fpermalink.php%3Fstory_fbid%3Dpfbid0QfQ8chcF6QugFfdMnLNW2WWZw7FYM46HWWont37hg1sRb8GjbNQf7iSykTNuDkR2l%26id%3D100063619892558&#038;show_text=false&#038;width=500\" width=\"500\" height=\"261\" style=\"border:none;overflow:hidden\" scrolling=\"no\" frameborder=\"0\" allowfullscreen=\"true\" allow=\"autoplay; clipboard-write; encrypted-media; picture-in-picture; web-share\" 0=\"\/iframe\" class=\"iframe-class\"><\/iframe>\n<\/p>\n<div class=\"x1cy8zhl x2bj2ny x78zum5 x1q0g3np\">\n<div class=\"x1iyjqo2\">\n<div class=\"x78zum5 xdt5ytf xz62fqu x16ldp7u\">\n<div class=\"xu06os2 x1ok221b\">\n<div class=\"x1gslohp\">\n<div class=\"xt0psk2\" style=\"text-align: center\"><a class=\"x1i10hfl xjbqb8w x1ejq31n x18oe1m7 x1sy0etr xstzfhl x972fbf x10w94by x1qhh985 x14e42zd x9f619 x1ypdohk xt0psk2 x3ct3a4 xdj266r x14z9mp xat24cr x1lziwak xexx8yu xyri2b x18d9i69 x1c1uobl x16tdsg8 x1hl2dhg xggy1nq x1a2a7pz xkrqix3 x1sur9pj xzsf02u x1s688f\" role=\"link\" href=\"https:\/\/www.facebook.com\/profile.php?id=100063619892558&amp;__cft__[0]=AZi3zpG-gxt3xPBFocuwXx42dGzgPzlgqH8u5vMG6yHVd4Tq3kasILoV9xQDAT5-klmE6qnsS-oNpZVMRa-BF-hLiTY4fcArgkdH0YWlt605eMWAR8W5Tuo8lzMvaldZX_FJgtyI6rApj4eFSdORB0VTX5aT3TEUUWe2Cqzpd-0_6TtfkXVUxPLHceSwBNriqxi4AzmdBooQdvRMIg&amp;__tn__=-UC*F\">David Navia Photography<\/a>\/ <a href=\"https:\/\/scontent-bcn1-1.xx.fbcdn.net\/v\/t39.30808-6\/790993640_1702942448503069_1123987260526334745_n.jpg?stp=dst-jpg_tt6&amp;cstp=mx1440x754&amp;ctp=s1440x754&amp;_nc_cat=102&amp;ccb=1-7&amp;_nc_sid=127cfc&amp;_nc_ohc=ZZQUw5R7Q_kQ7kNvwGcsYBU&amp;_nc_oc=AdqpEqFq2AFQcJMQYG8gpDT8jgvHiHHkqZSAvAM7fvADSUVgCkgwyRgrzUn-9xTe5lxSd2iLw3BJiGDW2X_KjQr6&amp;_nc_zt=23&amp;_nc_ht=scontent-bcn1-1.xx&amp;_nc_gid=mUppTYkMkRhSjyDvp9cqLA&amp;_nc_ss=7b2a8&amp;oh=00_AQJ67Rz-yI_o2U6fRJGAzGhfegWlfoYARLiHylZ9u1z4uQ&amp;oe=6A9D1472\">IMAXE<\/a><\/div>\n<\/div>\n<\/div>\n<div class=\"xu06os2 x1ok221b\">\n<div class=\"html-div xdj266r x14z9mp xat24cr x1lziwak xexx8yu xyri2b x18d9i69 x1c1uobl x6s0dn4 x17zd0t2 x78zum5 x1q0g3np x1a02dak\"><\/div>\n<\/div>\n<\/div>\n<\/div>\n<div class=\"xqcrz7y x78zum5 x1qx5ct2 x1y1aw1k xf159sx xwib8y2 xmzvs34 xw4jnvo\">\n<blockquote>\n<div><span style=\"color: #008080\"><em><strong>Nunca pens\u00e9 que diba ver una aurora dende la mari\u00f1a asturiana.<\/strong> Cuando les previsiones indicaron la posibilid\u00e1 de ver una aurora nel norte de espa\u00f1a tener claro, el sitiu yera la Punta de la Talaya. Unu de los mios rincones prefer\u00edos de la mari\u00f1a Asturiana, y tenia esta panoramica en mente, por suerte tou salio bien.<\/em><\/span><\/div>\n<\/blockquote>\n<div><\/div>\n<\/div>\n<\/div>\n<blockquote>\n<div class=\"xyinxu5 xyri2b x1g2khh7 x1c1uobl\"><!--more--><br \/>\n<span style=\"color: #008080\"><em>N<\/em><em>estes llatit\u00faes nun ye daqu\u00e9 que pase. Por eso cuando asocede te quedu ensin palabres un momentu. Nun importa que nun s\u00eda Islandia nin Noruega. Tas viendo daqu\u00e9 que nun tendr\u00eda de tar ende y eso facer inda m\u00e1s especial.<\/em><\/span><\/div>\n<div><\/div>\n<div class=\"xyinxu5 xyri2b x1g2khh7 x1c1uobl\"><span style=\"color: #008080\"><em>Unu de los momentos m\u00e1s raros ya incre\u00edbles desque faigo semeyes. Una nueche para recordar<\/em><\/span><\/div>\n<\/blockquote>\n<div><span class=\"html-span xdj266r x14z9mp xat24cr x1lziwak xexx8yu xyri2b x18d9i69 x1c1uobl x1hl2dhg x16tdsg8 x1vvkbs\"><a class=\"x1i10hfl xjbqb8w x1ejq31n x18oe1m7 x1sy0etr xstzfhl x972fbf x10w94by x1qhh985 x14e42zd x9f619 x1ypdohk xt0psk2 x3ct3a4 xdj266r x14z9mp xat24cr x1lziwak xexx8yu xyri2b x18d9i69 x1c1uobl x16tdsg8 x1hl2dhg xggy1nq x1a2a7pz xkrqix3 x1sur9pj xzsf02u x1s688f\" role=\"link\" href=\"https:\/\/www.facebook.com\/hashtag\/auroraboreal?__cft__[0]=AZi3zpG-gxt3xPBFocuwXx42dGzgPzlgqH8u5vMG6yHVd4Tq3kasILoV9xQDAT5-klmE6qnsS-oNpZVMRa-BF-hLiTY4fcArgkdH0YWlt605eMWAR8W5Tuo8lzMvaldZX_FJgtyI6rApj4eFSdORB0VTX5aT3TEUUWe2Cqzpd-0_6TtfkXVUxPLHceSwBNriqxi4AzmdBooQdvRMIg&amp;__tn__=*NK*F\">#AuroraBoreal<\/a><\/span>\u00a0<span class=\"html-span xdj266r x14z9mp xat24cr x1lziwak xexx8yu xyri2b x18d9i69 x1c1uobl x1hl2dhg x16tdsg8 x1vvkbs\"><a class=\"x1i10hfl xjbqb8w x1ejq31n x18oe1m7 x1sy0etr xstzfhl x972fbf x10w94by x1qhh985 x14e42zd x9f619 x1ypdohk xt0psk2 x3ct3a4 xdj266r x14z9mp xat24cr x1lziwak xexx8yu xyri2b x18d9i69 x1c1uobl x16tdsg8 x1hl2dhg xggy1nq x1a2a7pz xkrqix3 x1sur9pj xzsf02u x1s688f\" role=\"link\" href=\"https:\/\/www.facebook.com\/hashtag\/asturiaspara%C3%ADsonatural?__cft__[0]=AZi3zpG-gxt3xPBFocuwXx42dGzgPzlgqH8u5vMG6yHVd4Tq3kasILoV9xQDAT5-klmE6qnsS-oNpZVMRa-BF-hLiTY4fcArgkdH0YWlt605eMWAR8W5Tuo8lzMvaldZX_FJgtyI6rApj4eFSdORB0VTX5aT3TEUUWe2Cqzpd-0_6TtfkXVUxPLHceSwBNriqxi4AzmdBooQdvRMIg&amp;__tn__=*NK*F\">#AsturiasPara\u00edsoNatural<\/a><\/span>\u00a0<span class=\"html-span xdj266r x14z9mp xat24cr x1lziwak xexx8yu xyri2b x18d9i69 x1c1uobl x1hl2dhg x16tdsg8 x1vvkbs\"><a class=\"x1i10hfl xjbqb8w x1ejq31n x18oe1m7 x1sy0etr xstzfhl x972fbf x10w94by x1qhh985 x14e42zd x9f619 x1ypdohk xt0psk2 x3ct3a4 xdj266r x14z9mp xat24cr x1lziwak xexx8yu xyri2b x18d9i69 x1c1uobl x16tdsg8 x1hl2dhg xggy1nq x1a2a7pz xkrqix3 x1sur9pj xzsf02u x1s688f\" role=\"link\" href=\"https:\/\/www.facebook.com\/hashtag\/puntadelaatalaya?__cft__[0]=AZi3zpG-gxt3xPBFocuwXx42dGzgPzlgqH8u5vMG6yHVd4Tq3kasILoV9xQDAT5-klmE6qnsS-oNpZVMRa-BF-hLiTY4fcArgkdH0YWlt605eMWAR8W5Tuo8lzMvaldZX_FJgtyI6rApj4eFSdORB0VTX5aT3TEUUWe2Cqzpd-0_6TtfkXVUxPLHceSwBNriqxi4AzmdBooQdvRMIg&amp;__tn__=*NK*F\">#PuntaDeLaAtalaya<\/a><\/span>\u00a0<span class=\"html-span xdj266r x14z9mp xat24cr x1lziwak xexx8yu xyri2b x18d9i69 x1c1uobl x1hl2dhg x16tdsg8 x1vvkbs\"><a class=\"x1i10hfl xjbqb8w x1ejq31n x18oe1m7 x1sy0etr xstzfhl x972fbf x10w94by x1qhh985 x14e42zd x9f619 x1ypdohk xt0psk2 x3ct3a4 xdj266r x14z9mp xat24cr x1lziwak xexx8yu xyri2b x18d9i69 x1c1uobl x16tdsg8 x1hl2dhg xggy1nq x1a2a7pz xkrqix3 x1sur9pj xzsf02u x1s688f\" role=\"link\" href=\"https:\/\/www.facebook.com\/hashtag\/nightphotography?__cft__[0]=AZi3zpG-gxt3xPBFocuwXx42dGzgPzlgqH8u5vMG6yHVd4Tq3kasILoV9xQDAT5-klmE6qnsS-oNpZVMRa-BF-hLiTY4fcArgkdH0YWlt605eMWAR8W5Tuo8lzMvaldZX_FJgtyI6rApj4eFSdORB0VTX5aT3TEUUWe2Cqzpd-0_6TtfkXVUxPLHceSwBNriqxi4AzmdBooQdvRMIg&amp;__tn__=*NK*F\">#NightPhotography<\/a><\/span><\/div>\n<p>&nbsp;<\/p>\n","protected":false},"excerpt":{"rendered":"<p>David Navia Photography\/ IMAXE Nunca pens\u00e9 que diba ver una aurora dende la mari\u00f1a asturiana. Cuando les previsiones indicaron la posibilid\u00e1 de ver una aurora nel norte de espa\u00f1a tener claro, el sitiu yera la Punta de la Talaya. Unu de los mios rincones prefer\u00edos de la mari\u00f1a Asturiana, y tenia esta panoramica en mente, [&hellip;]<\/p>\n","protected":false},"author":117,"featured_media":0,"comment_status":"closed","ping_status":"closed","sticky":false,"template":"","format":"standard","meta":{"footnotes":""},"categories":[56],"tags":[],"class_list":["post-86823","post","type-post","status-publish","format-standard","hentry","category-fotografia"],"_links":{"self":[{"href":"https:\/\/edublog.educastur.es\/ixuxu\/wp-json\/wp\/v2\/posts\/86823","targetHints":{"allow":["GET"]}}],"collection":[{"href":"https:\/\/edublog.educastur.es\/ixuxu\/wp-json\/wp\/v2\/posts"}],"about":[{"href":"https:\/\/edublog.educastur.es\/ixuxu\/wp-json\/wp\/v2\/types\/post"}],"author":[{"embeddable":true,"href":"https:\/\/edublog.educastur.es\/ixuxu\/wp-json\/wp\/v2\/users\/117"}],"replies":[{"embeddable":true,"href":"https:\/\/edublog.educastur.es\/ixuxu\/wp-json\/wp\/v2\/comments?post=86823"}],"version-history":[{"count":5,"href":"https:\/\/edublog.educastur.es\/ixuxu\/wp-json\/wp\/v2\/posts\/86823\/revisions"}],"predecessor-version":[{"id":86829,"href":"https:\/\/edublog.educastur.es\/ixuxu\/wp-json\/wp\/v2\/posts\/86823\/revisions\/86829"}],"wp:attachment":[{"href":"https:\/\/edublog.educastur.es\/ixuxu\/wp-json\/wp\/v2\/media?parent=86823"}],"wp:term":[{"taxonomy":"category","embeddable":true,"href":"https:\/\/edublog.educastur.es\/ixuxu\/wp-json\/wp\/v2\/categories?post=86823"},{"taxonomy":"post_tag","embeddable":true,"href":"https:\/\/edublog.educastur.es\/ixuxu\/wp-json\/wp\/v2\/tags?post=86823"}],"curies":[{"name":"wp","href":"https:\/\/api.w.org\/{rel}","templated":true}]}}