{"id":86834,"date":"2026-09-01T09:29:00","date_gmt":"2026-09-01T07:29:00","guid":{"rendered":"https:\/\/edublog.educastur.es\/ixuxu\/?p=86834"},"modified":"2026-09-01T21:47:04","modified_gmt":"2026-09-01T19:47:04","slug":"1891-primer-buelga-dactilar-que-resolvio-un-crime","status":"publish","type":"post","link":"https:\/\/edublog.educastur.es\/ixuxu\/2026\/09\/1891-primer-buelga-dactilar-que-resolvio-un-crime\/","title":{"rendered":"1891: Primer buelga dactilar que resolvi\u00f3 un crime"},"content":{"rendered":"<p>El 1 de setiembre de 1891, el polic\u00eda y antrop\u00f3logu croata-arxent\u00edn <a href=\"https:\/\/es.wikipedia.org\/wiki\/Juan_Vucetich\"><strong>Juan Vucetich<\/strong><\/a> cre\u00f3 y punxo en pr\u00e1ctica na Polic\u00eda de la Provincia de Bonos Aires (La Plata) el Sistema Dactilosc\u00f3pico Arxent\u00edn (primeramente llam\u00e1u Icnofalangometr\u00eda), motivu pol cual esa fecha esacta conmemora&#8217;l <strong>D\u00eda Mundial de la Dactiloscop\u00eda.<\/strong><\/p>\n<p style=\"text-align: center\"><a href=\"https:\/\/substackcdn.com\/image\/fetch\/$s_!90vH!,f_auto,q_auto:good,fl_progressive:steep\/https%3A%2F%2Fsubstack-post-media.s3.amazonaws.com%2Fpublic%2Fimages%2F458f2391-366f-4616-9f79-b2b8141deede_1376x768.jpeg\"><img loading=\"lazy\" decoding=\"async\" class=\"aligncenter size-large\" src=\"https:\/\/substackcdn.com\/image\/fetch\/$s_!90vH!,f_auto,q_auto:good,fl_progressive:steep\/https%3A%2F%2Fsubstack-post-media.s3.amazonaws.com%2Fpublic%2Fimages%2F458f2391-366f-4616-9f79-b2b8141deede_1376x768.jpeg\" width=\"1376\" height=\"768\" \/><\/a><\/p>\n<p><!--more--><br \/>\nSicas\u00ed, el primer crime resueltu por aciu l&#8217;oldeo de buelgues ensangrec\u00edes (el casu del doble filicidio de Francisca Coloraes en Necochea) nun asocedi\u00f3 en 1891, sin\u00f3n en xunu de 1892. El m\u00e9todu, desenvueltu por \u00e9l mesmu a partir d&#8217;estudios previos europeos, dex\u00f3 individualizar a les persones con una precisi\u00f3n in\u00e9dita hasta ent\u00f3s. Foi adopt\u00e1u depu\u00e9s por polic\u00edas de numberosos pa\u00edses.<\/p>\n","protected":false},"excerpt":{"rendered":"<p>El 1 de setiembre de 1891, el polic\u00eda y antrop\u00f3logu croata-arxent\u00edn Juan Vucetich cre\u00f3 y punxo en pr\u00e1ctica na Polic\u00eda de la Provincia de Bonos Aires (La Plata) el Sistema Dactilosc\u00f3pico Arxent\u00edn (primeramente llam\u00e1u Icnofalangometr\u00eda), motivu pol cual esa fecha esacta conmemora&#8217;l D\u00eda Mundial de la Dactiloscop\u00eda.<\/p>\n","protected":false},"author":117,"featured_media":0,"comment_status":"closed","ping_status":"closed","sticky":false,"template":"","format":"standard","meta":{"footnotes":""},"categories":[107,241],"tags":[],"class_list":["post-86834","post","type-post","status-publish","format-standard","hentry","category-aniversariu","category-cuerpu-humanu"],"_links":{"self":[{"href":"https:\/\/edublog.educastur.es\/ixuxu\/wp-json\/wp\/v2\/posts\/86834","targetHints":{"allow":["GET"]}}],"collection":[{"href":"https:\/\/edublog.educastur.es\/ixuxu\/wp-json\/wp\/v2\/posts"}],"about":[{"href":"https:\/\/edublog.educastur.es\/ixuxu\/wp-json\/wp\/v2\/types\/post"}],"author":[{"embeddable":true,"href":"https:\/\/edublog.educastur.es\/ixuxu\/wp-json\/wp\/v2\/users\/117"}],"replies":[{"embeddable":true,"href":"https:\/\/edublog.educastur.es\/ixuxu\/wp-json\/wp\/v2\/comments?post=86834"}],"version-history":[{"count":1,"href":"https:\/\/edublog.educastur.es\/ixuxu\/wp-json\/wp\/v2\/posts\/86834\/revisions"}],"predecessor-version":[{"id":86835,"href":"https:\/\/edublog.educastur.es\/ixuxu\/wp-json\/wp\/v2\/posts\/86834\/revisions\/86835"}],"wp:attachment":[{"href":"https:\/\/edublog.educastur.es\/ixuxu\/wp-json\/wp\/v2\/media?parent=86834"}],"wp:term":[{"taxonomy":"category","embeddable":true,"href":"https:\/\/edublog.educastur.es\/ixuxu\/wp-json\/wp\/v2\/categories?post=86834"},{"taxonomy":"post_tag","embeddable":true,"href":"https:\/\/edublog.educastur.es\/ixuxu\/wp-json\/wp\/v2\/tags?post=86834"}],"curies":[{"name":"wp","href":"https:\/\/api.w.org\/{rel}","templated":true}]}}