{"id":86836,"date":"2026-09-01T09:29:06","date_gmt":"2026-09-01T07:29:06","guid":{"rendered":"https:\/\/edublog.educastur.es\/ixuxu\/?p=86836"},"modified":"2026-09-01T21:49:32","modified_gmt":"2026-09-01T19:49:32","slug":"1939-empieza-la-guerra-mas-mortifera-de-la-hestoria","status":"publish","type":"post","link":"https:\/\/edublog.educastur.es\/ixuxu\/2026\/09\/1939-empieza-la-guerra-mas-mortifera-de-la-hestoria\/","title":{"rendered":"1939: Empieza la guerra m\u00e1s mort\u00edfera de la hestoria"},"content":{"rendered":"<p>El 1 de setiembre de 1939, l&#8217;<strong>Alema\u00f1a de Adolf Hitler invadi\u00f3 Polonia<\/strong>. En poques selmanes l&#8217;ex\u00e9rcitu polacu foi derrot\u00e1u. Reinu Un\u00edu y Francia respondieron declarando la guerra a Alema\u00f1a, dando entamu formal a la<a href=\"https:\/\/es.wikipedia.org\/wiki\/Segunda_Guerra_Mundial\"><strong> Segunda Guerra Mundial<\/strong><\/a>. El conflictu estendi\u00f3se mientres <strong>casi seis a\u00f1os y moviliz\u00f3 a m\u00e1s de cien millones de militares n&#8217;Europa, Asia y \u00c1frica.<\/strong><\/p>\n<p style=\"text-align: center\"><a href=\"https:\/\/substackcdn.com\/image\/fetch\/$s_!tb_q!,f_auto,q_auto:good,fl_progressive:steep\/https%3A%2F%2Fsubstack-post-media.s3.amazonaws.com%2Fpublic%2Fimages%2F0509d6d4-32c5-4506-a0c3-1ee41e939279_1376x768.jpeg\"><img loading=\"lazy\" decoding=\"async\" class=\"aligncenter size-large\" src=\"https:\/\/substackcdn.com\/image\/fetch\/$s_!tb_q!,f_auto,q_auto:good,fl_progressive:steep\/https%3A%2F%2Fsubstack-post-media.s3.amazonaws.com%2Fpublic%2Fimages%2F0509d6d4-32c5-4506-a0c3-1ee41e939279_1376x768.jpeg\" width=\"1376\" height=\"768\" \/><\/a><\/p>\n<p>Calc\u00falase que morrieron ente 50 y 70 millones de persones, ente elles millones de v\u00edctimes civiles del Holocaustu perpet\u00e1u pol r\u00e9xime nazi contra la poblaci\u00f3n xud\u00eda y otres minor\u00edes. Termin\u00f3 en 1945 cola rindici\u00f3n de les potencies de la Exa: Alema\u00f1a, Italia y Xap\u00f3n.<\/p>\n<p><!--more--><\/p>\n<p style=\"text-align: center\"><a href=\"https:\/\/thumb.wikimedia.org\/wikipedia\/commons\/thumb\/c\/cb\/WW2Montage.PNG\/960px-WW2Montage.PNG?utm_source=es.wikipedia.org&amp;utm_campaign=imageinfo&amp;utm_content=thumbnail\"><img loading=\"lazy\" decoding=\"async\" class=\"aligncenter size-large\" src=\"https:\/\/thumb.wikimedia.org\/wikipedia\/commons\/thumb\/c\/cb\/WW2Montage.PNG\/960px-WW2Montage.PNG?utm_source=es.wikipedia.org&amp;utm_campaign=imageinfo&amp;utm_content=thumbnail\" width=\"960\" height=\"904\" \/><\/a><\/p>\n<blockquote class=\"wp-embedded-content\" data-secret=\"HQwbjZkJim\"><p><a href=\"https:\/\/redhistoria.com\/segunda-guerra-mundial-guia-completa\/\">Segunda Guerra Mundial: gu\u00eda completa del conflicto que cambi\u00f3 el mundo (1939-1945)<\/a><\/p><\/blockquote>\n<p><iframe loading=\"lazy\" class=\"wp-embedded-content\" sandbox=\"allow-scripts\" security=\"restricted\" style=\"position: absolute; visibility: hidden;\" title=\"\u00abSegunda Guerra Mundial: gu\u00eda completa del conflicto que cambi\u00f3 el mundo (1939-1945)\u00bb \u2014 Red Historia\" src=\"https:\/\/redhistoria.com\/segunda-guerra-mundial-guia-completa\/embed\/#?secret=PDrrq3biIX#?secret=HQwbjZkJim\" data-secret=\"HQwbjZkJim\" width=\"600\" height=\"338\" frameborder=\"0\" marginwidth=\"0\" marginheight=\"0\" scrolling=\"no\"><\/iframe><\/p>\n<p style=\"text-align: center\"><a href=\"https:\/\/redhistoria.com\/wp-content\/uploads\/2025\/11\/segunda-guerra-mundial-guia-750x375.png\"><img loading=\"lazy\" decoding=\"async\" class=\"aligncenter size-large\" src=\"https:\/\/redhistoria.com\/wp-content\/uploads\/2025\/11\/segunda-guerra-mundial-guia-750x375.png\" width=\"750\" height=\"375\" \/><\/a><\/p>\n","protected":false},"excerpt":{"rendered":"<p>El 1 de setiembre de 1939, l&#8217;Alema\u00f1a de Adolf Hitler invadi\u00f3 Polonia. En poques selmanes l&#8217;ex\u00e9rcitu polacu foi derrot\u00e1u. Reinu Un\u00edu y Francia respondieron declarando la guerra a Alema\u00f1a, dando entamu formal a la Segunda Guerra Mundial. El conflictu estendi\u00f3se mientres casi seis a\u00f1os y moviliz\u00f3 a m\u00e1s de cien millones de militares n&#8217;Europa, Asia [&hellip;]<\/p>\n","protected":false},"author":117,"featured_media":0,"comment_status":"closed","ping_status":"closed","sticky":false,"template":"","format":"standard","meta":{"footnotes":""},"categories":[107],"tags":[],"class_list":["post-86836","post","type-post","status-publish","format-standard","hentry","category-aniversariu"],"_links":{"self":[{"href":"https:\/\/edublog.educastur.es\/ixuxu\/wp-json\/wp\/v2\/posts\/86836","targetHints":{"allow":["GET"]}}],"collection":[{"href":"https:\/\/edublog.educastur.es\/ixuxu\/wp-json\/wp\/v2\/posts"}],"about":[{"href":"https:\/\/edublog.educastur.es\/ixuxu\/wp-json\/wp\/v2\/types\/post"}],"author":[{"embeddable":true,"href":"https:\/\/edublog.educastur.es\/ixuxu\/wp-json\/wp\/v2\/users\/117"}],"replies":[{"embeddable":true,"href":"https:\/\/edublog.educastur.es\/ixuxu\/wp-json\/wp\/v2\/comments?post=86836"}],"version-history":[{"count":4,"href":"https:\/\/edublog.educastur.es\/ixuxu\/wp-json\/wp\/v2\/posts\/86836\/revisions"}],"predecessor-version":[{"id":86840,"href":"https:\/\/edublog.educastur.es\/ixuxu\/wp-json\/wp\/v2\/posts\/86836\/revisions\/86840"}],"wp:attachment":[{"href":"https:\/\/edublog.educastur.es\/ixuxu\/wp-json\/wp\/v2\/media?parent=86836"}],"wp:term":[{"taxonomy":"category","embeddable":true,"href":"https:\/\/edublog.educastur.es\/ixuxu\/wp-json\/wp\/v2\/categories?post=86836"},{"taxonomy":"post_tag","embeddable":true,"href":"https:\/\/edublog.educastur.es\/ixuxu\/wp-json\/wp\/v2\/tags?post=86836"}],"curies":[{"name":"wp","href":"https:\/\/api.w.org\/{rel}","templated":true}]}}