{"id":86846,"date":"2026-09-01T09:31:03","date_gmt":"2026-09-01T07:31:03","guid":{"rendered":"https:\/\/edublog.educastur.es\/ixuxu\/?p=86846"},"modified":"2026-09-01T21:58:27","modified_gmt":"2026-09-01T19:58:27","slug":"1983-catastrofe-aerea","status":"publish","type":"post","link":"https:\/\/edublog.educastur.es\/ixuxu\/2026\/09\/1983-catastrofe-aerea\/","title":{"rendered":"1983: Cat\u00e1strofe a\u00e9rea"},"content":{"rendered":"<p>269 vides perd\u00edes por un erru d&#8217;aldu\/rumbo. El 1 de setiembre de 1983, caces sovi\u00e9ticos baltaron <a href=\"https:\/\/es.wikipedia.org\/wiki\/Vuelo_007_de_Korean_Air\"><strong>el vuelu 007 de Korean Air Lines<\/strong><\/a>, un Boeing 747 qu&#8217;ingresara por erru nel espaciu a\u00e9reu de la Uni\u00f3n Sovi\u00e9tica barganal de la isla de Sajal\u00edn. <strong>Morrieron les 269 persones a bordu, ente pasaxeros y tripulaci\u00f3n.<\/strong><\/p>\n<p style=\"text-align: center\"><a href=\"https:\/\/substackcdn.com\/image\/fetch\/$s_!OkSP!,f_auto,q_auto:good,fl_progressive:steep\/https%3A%2F%2Fsubstack-post-media.s3.amazonaws.com%2Fpublic%2Fimages%2F8539c16b-ecdb-46c3-ae34-f44297901757_1376x768.jpeg\"><img loading=\"lazy\" decoding=\"async\" class=\"aligncenter size-large\" src=\"https:\/\/substackcdn.com\/image\/fetch\/$s_!OkSP!,f_auto,q_auto:good,fl_progressive:steep\/https%3A%2F%2Fsubstack-post-media.s3.amazonaws.com%2Fpublic%2Fimages%2F8539c16b-ecdb-46c3-ae34-f44297901757_1376x768.jpeg\" width=\"1376\" height=\"768\" \/><\/a><\/p>\n<p><!--more--><\/p>\n<p>El fechu asocedi\u00f3 en plena Guerra Fr\u00eda y xener\u00f3 una fuerte condena internacional contra Mosc\u00fa. Convertiose<strong> n&#8217;unu de los incidentes a\u00e9reos m\u00e1s graves d&#8217;aquel per\u00edodu.<\/strong><\/p>\n<p style=\"text-align: center\"><a href=\"https:\/\/upload.wikimedia.org\/wikipedia\/commons\/b\/be\/Korean_Air_Lines_Boeing_747-230B_HL7442.webp?utm_source=es.wikipedia.org&amp;utm_campaign=imageinfo&amp;utm_content=thumbnail_unscaled\"><img loading=\"lazy\" decoding=\"async\" class=\"aligncenter size-large\" src=\"https:\/\/upload.wikimedia.org\/wikipedia\/commons\/b\/be\/Korean_Air_Lines_Boeing_747-230B_HL7442.webp?utm_source=es.wikipedia.org&amp;utm_campaign=imageinfo&amp;utm_content=thumbnail_unscaled\" width=\"1024\" height=\"540\" \/><\/a><\/p>\n","protected":false},"excerpt":{"rendered":"<p>269 vides perd\u00edes por un erru d&#8217;aldu\/rumbo. El 1 de setiembre de 1983, caces sovi\u00e9ticos baltaron el vuelu 007 de Korean Air Lines, un Boeing 747 qu&#8217;ingresara por erru nel espaciu a\u00e9reu de la Uni\u00f3n Sovi\u00e9tica barganal de la isla de Sajal\u00edn. Morrieron les 269 persones a bordu, ente pasaxeros y tripulaci\u00f3n.<\/p>\n","protected":false},"author":117,"featured_media":0,"comment_status":"closed","ping_status":"closed","sticky":false,"template":"","format":"standard","meta":{"footnotes":""},"categories":[107],"tags":[],"class_list":["post-86846","post","type-post","status-publish","format-standard","hentry","category-aniversariu"],"_links":{"self":[{"href":"https:\/\/edublog.educastur.es\/ixuxu\/wp-json\/wp\/v2\/posts\/86846","targetHints":{"allow":["GET"]}}],"collection":[{"href":"https:\/\/edublog.educastur.es\/ixuxu\/wp-json\/wp\/v2\/posts"}],"about":[{"href":"https:\/\/edublog.educastur.es\/ixuxu\/wp-json\/wp\/v2\/types\/post"}],"author":[{"embeddable":true,"href":"https:\/\/edublog.educastur.es\/ixuxu\/wp-json\/wp\/v2\/users\/117"}],"replies":[{"embeddable":true,"href":"https:\/\/edublog.educastur.es\/ixuxu\/wp-json\/wp\/v2\/comments?post=86846"}],"version-history":[{"count":2,"href":"https:\/\/edublog.educastur.es\/ixuxu\/wp-json\/wp\/v2\/posts\/86846\/revisions"}],"predecessor-version":[{"id":86848,"href":"https:\/\/edublog.educastur.es\/ixuxu\/wp-json\/wp\/v2\/posts\/86846\/revisions\/86848"}],"wp:attachment":[{"href":"https:\/\/edublog.educastur.es\/ixuxu\/wp-json\/wp\/v2\/media?parent=86846"}],"wp:term":[{"taxonomy":"category","embeddable":true,"href":"https:\/\/edublog.educastur.es\/ixuxu\/wp-json\/wp\/v2\/categories?post=86846"},{"taxonomy":"post_tag","embeddable":true,"href":"https:\/\/edublog.educastur.es\/ixuxu\/wp-json\/wp\/v2\/tags?post=86846"}],"curies":[{"name":"wp","href":"https:\/\/api.w.org\/{rel}","templated":true}]}}