{"id":86853,"date":"2026-09-01T09:31:34","date_gmt":"2026-09-01T07:31:34","guid":{"rendered":"https:\/\/edublog.educastur.es\/ixuxu\/?p=86853"},"modified":"2026-09-01T22:04:03","modified_gmt":"2026-09-01T20:04:03","slug":"1513-empecipia-la-travesia-escontra-loceanu-pacificu","status":"publish","type":"post","link":"https:\/\/edublog.educastur.es\/ixuxu\/2026\/09\/1513-empecipia-la-travesia-escontra-loceanu-pacificu\/","title":{"rendered":"1513: Empecipia la traves\u00eda escontra l&#8217;Oc\u00e9anu Pac\u00edficu"},"content":{"rendered":"<p><a href=\"https:\/\/es.wikipedia.org\/wiki\/Vasco_N\u00fa\u00f1ez_de_Balboa\"><strong>Vasco N\u00fa\u00f1ez de Balboa<\/strong> <\/a>empecipia la traves\u00eda escontra l&#8217;Oc\u00e9anu Pac\u00edficu \u00abEscontra l&#8217;otru mar\u00bb. A partir d&#8217;eses palabres, col\u00f3 la espedici\u00f3n de 190 soldaos espa\u00f1oles y cientos de cargadores ind\u00edxenes que parti\u00f3 dende la plaza mayor de Santa Mar\u00eda l&#8217;Antigua del Dari\u00e9n el 1 de setiembre de 1513.<\/p>\n<p style=\"text-align: center\"><a href=\"https:\/\/substackcdn.com\/image\/fetch\/$s_!QoUD!,f_auto,q_auto:good,fl_progressive:steep\/https%3A%2F%2Fsubstack-post-media.s3.amazonaws.com%2Fpublic%2Fimages%2Fa15bf750-a578-4c5b-a57d-54c3c0ed0dd8_1376x768.jpeg\"><img loading=\"lazy\" decoding=\"async\" class=\"aligncenter size-large\" src=\"https:\/\/substackcdn.com\/image\/fetch\/$s_!QoUD!,f_auto,q_auto:good,fl_progressive:steep\/https%3A%2F%2Fsubstack-post-media.s3.amazonaws.com%2Fpublic%2Fimages%2Fa15bf750-a578-4c5b-a57d-54c3c0ed0dd8_1376x768.jpeg\" width=\"1376\" height=\"768\" \/><\/a><\/p>\n<p>Foi un adelantr\u00e1u, esplorador, gobernante y conquistador espa\u00f1ol. En siendo Andr\u00e9s Contero el <strong>primer europ\u00e9u n&#8217;acolumbrar l&#8217;oc\u00e9anu Pac\u00edficu dende un cantil de la so mari\u00f1a oriental<\/strong>, foi&#8217;l primeru en tomar posesi\u00f3n d&#8217;eses tierres y el primer europ\u00e9u en fundar una ciud\u00e1 estable en cortiles continentales del Nuevu Mundu.<\/p>\n<p><!--more--><\/p>\n<p>Vasco N\u00fa\u00f1ez de Balboa internar na selva h\u00fameda del istmu paname\u00f1o en llogrando informes sobro ricos xacimientos aur\u00edferos per parte del cacique Comagre. La marcha demand\u00f3 24 d\u00edes de marcha.<\/p>\n<p>&nbsp;<\/p>\n<p>El 25 de setiembre de 1513, los supervivientes algamaron el cume del cordal del Chucunaque y acolumbraron la inmensid\u00e1 de les ag\u00fces que Balboa bautiz\u00f3 formalmente como <strong>Mar del Sur<\/strong>, confirmando la esistencia d&#8217;otra cuenca oce\u00e1nica intercontinental. Tomar formal de posesi\u00f3n de les ag\u00fces del Mar del Sur (golfu de San Miguel) produci\u00f3se&#8217;l 29 de setiembre de 1513 (d\u00eda de San Miguel Arc\u00e1nxel), anque&#8217;l primera avistamiento dende&#8217;l cume fuera&#8217;l 25 de setiembre.<\/p>\n","protected":false},"excerpt":{"rendered":"<p>Vasco N\u00fa\u00f1ez de Balboa empecipia la traves\u00eda escontra l&#8217;Oc\u00e9anu Pac\u00edficu \u00abEscontra l&#8217;otru mar\u00bb. A partir d&#8217;eses palabres, col\u00f3 la espedici\u00f3n de 190 soldaos espa\u00f1oles y cientos de cargadores ind\u00edxenes que parti\u00f3 dende la plaza mayor de Santa Mar\u00eda l&#8217;Antigua del Dari\u00e9n el 1 de setiembre de 1513. Foi un adelantr\u00e1u, esplorador, gobernante y conquistador espa\u00f1ol. [&hellip;]<\/p>\n","protected":false},"author":117,"featured_media":0,"comment_status":"closed","ping_status":"closed","sticky":false,"template":"","format":"standard","meta":{"footnotes":""},"categories":[107],"tags":[],"class_list":["post-86853","post","type-post","status-publish","format-standard","hentry","category-aniversariu"],"_links":{"self":[{"href":"https:\/\/edublog.educastur.es\/ixuxu\/wp-json\/wp\/v2\/posts\/86853","targetHints":{"allow":["GET"]}}],"collection":[{"href":"https:\/\/edublog.educastur.es\/ixuxu\/wp-json\/wp\/v2\/posts"}],"about":[{"href":"https:\/\/edublog.educastur.es\/ixuxu\/wp-json\/wp\/v2\/types\/post"}],"author":[{"embeddable":true,"href":"https:\/\/edublog.educastur.es\/ixuxu\/wp-json\/wp\/v2\/users\/117"}],"replies":[{"embeddable":true,"href":"https:\/\/edublog.educastur.es\/ixuxu\/wp-json\/wp\/v2\/comments?post=86853"}],"version-history":[{"count":1,"href":"https:\/\/edublog.educastur.es\/ixuxu\/wp-json\/wp\/v2\/posts\/86853\/revisions"}],"predecessor-version":[{"id":86854,"href":"https:\/\/edublog.educastur.es\/ixuxu\/wp-json\/wp\/v2\/posts\/86853\/revisions\/86854"}],"wp:attachment":[{"href":"https:\/\/edublog.educastur.es\/ixuxu\/wp-json\/wp\/v2\/media?parent=86853"}],"wp:term":[{"taxonomy":"category","embeddable":true,"href":"https:\/\/edublog.educastur.es\/ixuxu\/wp-json\/wp\/v2\/categories?post=86853"},{"taxonomy":"post_tag","embeddable":true,"href":"https:\/\/edublog.educastur.es\/ixuxu\/wp-json\/wp\/v2\/tags?post=86853"}],"curies":[{"name":"wp","href":"https:\/\/api.w.org\/{rel}","templated":true}]}}