{"id":86863,"date":"2026-08-31T09:29:31","date_gmt":"2026-08-31T07:29:31","guid":{"rendered":"https:\/\/edublog.educastur.es\/ixuxu\/?p=86863"},"modified":"2026-09-01T22:18:27","modified_gmt":"2026-09-01T20:18:27","slug":"1870-naz-maria-montessori-pedagoga-italiana","status":"publish","type":"post","link":"https:\/\/edublog.educastur.es\/ixuxu\/2026\/08\/1870-naz-maria-montessori-pedagoga-italiana\/","title":{"rendered":"1870: Naz Mar\u00eda Montessori, pedagoga italiana"},"content":{"rendered":"<p><a href=\"https:\/\/es.wikipedia.org\/wiki\/Maria_Montessori\"><strong>Mar\u00eda Montessori<\/strong><\/a> naci\u00f3 en Chiaravalle, Italia, el 31 d&#8217;agostu de 1870. Foi una pedagoga, psiquiatra humanista y fil\u00f3sofa italiana.<strong> Pedagoga italiana qu&#8217;anov\u00f3 la ense\u00f1anza desenvolviendo un particular m\u00e9todu<\/strong>. Am\u00e1s, foi activista feminista, sufraxista y fervosu cat\u00f3lica. A los 26 a\u00f1os, en 1896, convertiose n&#8217;una de les primeres muyeres m\u00e9diques n&#8217;Italia.<\/p>\n<p style=\"text-align: center\"><a href=\"https:\/\/montessorispace.com\/wp-content\/uploads\/elementor\/thumbs\/JUP458dc7_obycejne_zeny_13_Maria_Montessori_02-1-e1551115534656-rdtn9t34bju35duugqgdf2yoe4me0t4wx3peqozuio.jpg\"><img loading=\"lazy\" decoding=\"async\" class=\"aligncenter size-large\" src=\"https:\/\/montessorispace.com\/wp-content\/uploads\/elementor\/thumbs\/JUP458dc7_obycejne_zeny_13_Maria_Montessori_02-1-e1551115534656-rdtn9t34bju35duugqgdf2yoe4me0t4wx3peqozuio.jpg\" width=\"600\" height=\"800\" \/><\/a><\/p>\n<p><!--more--><\/p>\n<p style=\"text-align: center\"><a href=\"https:\/\/thumb.wikimedia.org\/wikipedia\/commons\/thumb\/8\/82\/Maria_Montessori_%28portrait%29.jpg\/960px-Maria_Montessori_%28portrait%29.jpg?utm_source=es.wikipedia.org&amp;utm_campaign=imageinfo&amp;utm_content=thumbnail\"><img loading=\"lazy\" decoding=\"async\" class=\"aligncenter \" src=\"https:\/\/thumb.wikimedia.org\/wikipedia\/commons\/thumb\/8\/82\/Maria_Montessori_%28portrait%29.jpg\/960px-Maria_Montessori_%28portrait%29.jpg?utm_source=es.wikipedia.org&amp;utm_campaign=imageinfo&amp;utm_content=thumbnail\" width=\"459\" height=\"612\" \/><\/a><\/p>\n<p>&nbsp;<\/p>\n<p>Foi una de les primeres muyeres en graduase como m\u00e9dica nel so pa\u00eds, en 1896. A partir d&#8217;esa formaci\u00f3n desenvolvi\u00f3 un m\u00e9todu pedag\u00f3xicu centr\u00e1u na autonom\u00eda del ne\u00f1u, l&#8217;aprendizaxe sensorial y el respetu polos ritmos individuales de desenvolvimientu.<\/p>\n<p>Anov\u00f3 la ense\u00f1anza desenvolviendo un particular m\u00e9todu, conoc\u00edu como m\u00e9todu Montessori, que s&#8217;aplicar\u00eda primeramente n&#8217;escueles primaries italianes y m\u00e1s tarde <strong>en tol mundu.<\/strong><\/p>\n<p>Dirix\u00edu especialmente a ne\u00f1os na etapa preescolar,<strong> el m\u00e9todu Montessori b\u00e1sase nel fomentu de la iniciativa y capacid\u00e1 de respuesta del ne\u00f1u al travi\u00e9s del usu d&#8217;un material did\u00e1ctico especialmente dise\u00f1\u00e1u.<\/strong> Montessori prop\u00f3n una gran diversificaci\u00f3n del trabayu y la m\u00e1xima llibert\u00e1 posible, de cuenta que&#8217;l ne\u00f1u aprienda, en gran midida, por s\u00ed mesmu y al ritmu de los sos propios descubrimientos.<\/p>\n<p style=\"text-align: center\"><a href=\"https:\/\/upload.wikimedia.org\/wikipedia\/commons\/e\/e7\/Montessori-school007.jpg?utm_source=es.wikipedia.org&amp;utm_campaign=imageinfo&amp;utm_content=thumbnail_unscaled\"><img loading=\"lazy\" decoding=\"async\" class=\"aligncenter size-large\" src=\"https:\/\/upload.wikimedia.org\/wikipedia\/commons\/e\/e7\/Montessori-school007.jpg?utm_source=es.wikipedia.org&amp;utm_campaign=imageinfo&amp;utm_content=thumbnail_unscaled\" width=\"562\" height=\"440\" \/><\/a><\/p>\n<p><strong> Fund\u00f3 en 1907 la primer \u201cCasa dei Bambini\u201d<\/strong> nun barriu popular de Roma, destinada a ne\u00f1os de families trabayadores. El so m\u00e9todu estendi\u00f3se darr\u00e9u a miles d&#8217;escueles en m\u00e1s de cien pa\u00edses.<\/p>\n<p style=\"text-align: center\"><a href=\"https:\/\/montessorispace.com\/wp-content\/uploads\/ideas_inspiradoras_20170701.jpg\"><img loading=\"lazy\" decoding=\"async\" class=\"aligncenter size-large\" src=\"https:\/\/montessorispace.com\/wp-content\/uploads\/ideas_inspiradoras_20170701.jpg\" width=\"800\" height=\"600\" \/><\/a><\/p>\n<p>Foi candidata al Premiu Nobel de la Paz en tr\u00e9s oportunidaes. Morri\u00f3 nos Pa\u00edses Baxos en 1952, a los 81 a\u00f1os.<\/p>\n","protected":false},"excerpt":{"rendered":"<p>Mar\u00eda Montessori naci\u00f3 en Chiaravalle, Italia, el 31 d&#8217;agostu de 1870. Foi una pedagoga, psiquiatra humanista y fil\u00f3sofa italiana. Pedagoga italiana qu&#8217;anov\u00f3 la ense\u00f1anza desenvolviendo un particular m\u00e9todu. Am\u00e1s, foi activista feminista, sufraxista y fervosu cat\u00f3lica. A los 26 a\u00f1os, en 1896, convertiose n&#8217;una de les primeres muyeres m\u00e9diques n&#8217;Italia.<\/p>\n","protected":false},"author":117,"featured_media":0,"comment_status":"closed","ping_status":"closed","sticky":false,"template":"","format":"standard","meta":{"footnotes":""},"categories":[107],"tags":[],"class_list":["post-86863","post","type-post","status-publish","format-standard","hentry","category-aniversariu"],"_links":{"self":[{"href":"https:\/\/edublog.educastur.es\/ixuxu\/wp-json\/wp\/v2\/posts\/86863","targetHints":{"allow":["GET"]}}],"collection":[{"href":"https:\/\/edublog.educastur.es\/ixuxu\/wp-json\/wp\/v2\/posts"}],"about":[{"href":"https:\/\/edublog.educastur.es\/ixuxu\/wp-json\/wp\/v2\/types\/post"}],"author":[{"embeddable":true,"href":"https:\/\/edublog.educastur.es\/ixuxu\/wp-json\/wp\/v2\/users\/117"}],"replies":[{"embeddable":true,"href":"https:\/\/edublog.educastur.es\/ixuxu\/wp-json\/wp\/v2\/comments?post=86863"}],"version-history":[{"count":4,"href":"https:\/\/edublog.educastur.es\/ixuxu\/wp-json\/wp\/v2\/posts\/86863\/revisions"}],"predecessor-version":[{"id":86867,"href":"https:\/\/edublog.educastur.es\/ixuxu\/wp-json\/wp\/v2\/posts\/86863\/revisions\/86867"}],"wp:attachment":[{"href":"https:\/\/edublog.educastur.es\/ixuxu\/wp-json\/wp\/v2\/media?parent=86863"}],"wp:term":[{"taxonomy":"category","embeddable":true,"href":"https:\/\/edublog.educastur.es\/ixuxu\/wp-json\/wp\/v2\/categories?post=86863"},{"taxonomy":"post_tag","embeddable":true,"href":"https:\/\/edublog.educastur.es\/ixuxu\/wp-json\/wp\/v2\/tags?post=86863"}],"curies":[{"name":"wp","href":"https:\/\/api.w.org\/{rel}","templated":true}]}}