{"id":86872,"date":"2026-08-31T09:01:40","date_gmt":"2026-08-31T07:01:40","guid":{"rendered":"https:\/\/edublog.educastur.es\/ixuxu\/?p=86872"},"modified":"2026-09-01T22:26:50","modified_gmt":"2026-09-01T20:26:50","slug":"dia-internacional-de-los-afrodescendientes","status":"publish","type":"post","link":"https:\/\/edublog.educastur.es\/ixuxu\/2026\/08\/dia-internacional-de-los-afrodescendientes\/","title":{"rendered":"D\u00eda Internacional de los Afrodescendientes"},"content":{"rendered":"<p>Dende 2021. Establec\u00edu pola Asamblea Xeneral de les Naciones Xun\u00edes por aciu el resolvimientu 75\/170, aprobada&#8217;l 16 d&#8217;avientu de 2020. La fecha foi escoyida porque&#8217;l 31 d&#8217;agostu de 1920 concluy\u00f3 en Nueva York la Primer Convenci\u00f3n Internacional de los Pueblos Negros del Mundu, venceyada con Marcus Garvey y l&#8217;Universal Negru Improvement Association. <a href=\"https:\/\/www.un.org\/es\/observances\/african-descent-day\"><strong>D\u00eda de&#8230;<\/strong><\/a><\/p>\n<p style=\"text-align: center\"><a href=\"https:\/\/www.un.org\/sites\/un2.un.org\/files\/styles\/banner-image-style-27-10\/public\/ipoad_hero.jpg\"><img loading=\"lazy\" decoding=\"async\" class=\"aligncenter size-large\" src=\"https:\/\/www.un.org\/sites\/un2.un.org\/files\/styles\/banner-image-style-27-10\/public\/ipoad_hero.jpg\" width=\"1350\" height=\"500\" \/><\/a><\/p>\n<p><strong>La xornada reconoz el so patrimoniu, cultura y contribuciones, y promueve los sos derechos humanos.<\/strong> Nes Am\u00e9ricas, la Organizaci\u00f3n Mundial de la Sal\u00fa inform\u00f3 que m\u00e1s de 200 millones de persones identif\u00edquense como afrodescendientes. La xornada tami\u00e9n reconoz la di\u00e1spora africana.<\/p>\n<p><!--more--><\/p>\n<p>La celebraci\u00f3n de 2026 <strong>tien como oxetivu ampliar los derechos humanos de les persones d&#8217;ascendencia africana<\/strong> por aciu mid\u00edes xur\u00eddiques, pol\u00edtiques ya institucionales m\u00e1s s\u00f3lides para combatir el racismu, la discriminaci\u00f3n racial, la xenofobia y les formes conexes d&#8217;intolerancia.<\/p>\n<p>Coles mesmes, <strong>sorraya la importancia de garantizar el plenu esfrute de los derechos econ\u00f3micos, sociales, culturales, civiles y pol\u00edticos, de la que se promueve la iguald\u00e1 d&#8217;accesu a la educaci\u00f3n, l&#8217;empl\u00e9u, l&#8217;asistencia sanitaria, la vivienda y les oportunidaes econ\u00f3miques<\/strong>. Estes prioridaes reflexen los oxetivos de la Segunda D\u00e9cada Internacional y b\u00e1sense nos esfuerzos por aumentar la visibilid\u00e1, la sensibilizaci\u00f3n y el respetu escontra les persones d&#8217;ascendencia africana y les sos contribuciones a la socied\u00e1.<\/p>\n","protected":false},"excerpt":{"rendered":"<p>Dende 2021. Establec\u00edu pola Asamblea Xeneral de les Naciones Xun\u00edes por aciu el resolvimientu 75\/170, aprobada&#8217;l 16 d&#8217;avientu de 2020. La fecha foi escoyida porque&#8217;l 31 d&#8217;agostu de 1920 concluy\u00f3 en Nueva York la Primer Convenci\u00f3n Internacional de los Pueblos Negros del Mundu, venceyada con Marcus Garvey y l&#8217;Universal Negru Improvement Association. D\u00eda de&#8230; La [&hellip;]<\/p>\n","protected":false},"author":117,"featured_media":0,"comment_status":"closed","ping_status":"closed","sticky":false,"template":"","format":"standard","meta":{"footnotes":""},"categories":[6],"tags":[],"class_list":["post-86872","post","type-post","status-publish","format-standard","hentry","category-dia-de"],"_links":{"self":[{"href":"https:\/\/edublog.educastur.es\/ixuxu\/wp-json\/wp\/v2\/posts\/86872","targetHints":{"allow":["GET"]}}],"collection":[{"href":"https:\/\/edublog.educastur.es\/ixuxu\/wp-json\/wp\/v2\/posts"}],"about":[{"href":"https:\/\/edublog.educastur.es\/ixuxu\/wp-json\/wp\/v2\/types\/post"}],"author":[{"embeddable":true,"href":"https:\/\/edublog.educastur.es\/ixuxu\/wp-json\/wp\/v2\/users\/117"}],"replies":[{"embeddable":true,"href":"https:\/\/edublog.educastur.es\/ixuxu\/wp-json\/wp\/v2\/comments?post=86872"}],"version-history":[{"count":3,"href":"https:\/\/edublog.educastur.es\/ixuxu\/wp-json\/wp\/v2\/posts\/86872\/revisions"}],"predecessor-version":[{"id":86875,"href":"https:\/\/edublog.educastur.es\/ixuxu\/wp-json\/wp\/v2\/posts\/86872\/revisions\/86875"}],"wp:attachment":[{"href":"https:\/\/edublog.educastur.es\/ixuxu\/wp-json\/wp\/v2\/media?parent=86872"}],"wp:term":[{"taxonomy":"category","embeddable":true,"href":"https:\/\/edublog.educastur.es\/ixuxu\/wp-json\/wp\/v2\/categories?post=86872"},{"taxonomy":"post_tag","embeddable":true,"href":"https:\/\/edublog.educastur.es\/ixuxu\/wp-json\/wp\/v2\/tags?post=86872"}],"curies":[{"name":"wp","href":"https:\/\/api.w.org\/{rel}","templated":true}]}}