{"id":86891,"date":"2026-09-02T10:10:48","date_gmt":"2026-09-02T08:10:48","guid":{"rendered":"https:\/\/edublog.educastur.es\/ixuxu\/?p=86891"},"modified":"2026-09-02T13:41:39","modified_gmt":"2026-09-02T11:41:39","slug":"los-centros-educativos-planifiquen-los-detalles-de-la-vuelta-a-escuela","status":"publish","type":"post","link":"https:\/\/edublog.educastur.es\/ixuxu\/2026\/09\/los-centros-educativos-planifiquen-los-detalles-de-la-vuelta-a-escuela\/","title":{"rendered":"Los centros educativos planifiquen los detalles de la vuelta a escuela"},"content":{"rendered":"<div class=\"flex items-center justify-between relative mb-2\">\n<div>\n<p><a href=\"https:\/\/www.rtpa.es\/noticias-asturias-ast\/2026-09-01\/Los-centros-educativos-planifiquen-los-detalles-de-la-vuelta-a-escuela_111788263605.html\">Los centros educativos planifiquen los detalles de la vuelta a escuela.<\/a> \/<\/p>\n<p style=\"text-align: center\"><a href=\"https:\/\/www.rtpa.es\/fotos\/\/26\/09\/20260901135315_RTPA8549996.webp\"><img loading=\"lazy\" decoding=\"async\" class=\"aligncenter size-large\" src=\"https:\/\/www.rtpa.es\/fotos\/\/26\/09\/20260901135315_RTPA8549996.webp\" width=\"853\" height=\"480\" \/><\/a><\/p>\n<div class=\"flow rtpa-prose text-lg leading-tight mb-6\"><strong>El bienestar emocional del alumn\u00e1u, una priorid\u00e1 nes clases.<\/strong><\/div>\n<div><!--more--><\/div>\n<div class=\"flow rtpa-prose text-base text-neutral-700\">\n<p>El C.P Marcelo Gago ye\u2019l colexu que m\u00e1s medr\u00f3 n\u2019Avil\u00e9s. N\u2019ocho a\u00f1os pas\u00f3 de 90 a m\u00e1s de 250 alumnos y alumnes. Esti a\u00f1u medra una clase m\u00e1s. El so ambiente familiar, el trabayu con proyectos, asina como unes instalaciones meyoraes, son dalgunos de los sos principales reclamos asegura Alejandra G\u00f3mez, xefa d\u2019estudios del C.P Marcelo Gago.<\/p>\n<p>Los m\u00e1s de los colexos caltienen la so ratiu d\u2019alumn\u00e1u y profesor\u00e1u. Como noved\u00e1, los centros adaptar\u00e1nse a la nueva normativa pa comedores escolares, con una dieta m\u00e1s saludable apunta Juan Mu\u00f1iz, director del C.P Paula Frasinnetti.<\/p>\n<p>El colexu Rei Pelayo de Xix\u00f3n afronta\u2019l so segundu cursu dempu\u00e9s de tar dos a\u00f1os zarr\u00e1u pol fundimientu de parte del suelu. La matr\u00edcula medr\u00f3, sobre manera n\u2019Infantil, y el comedor ampli\u00f3se, anque les obres de remocique ent\u00e1 siguen destaca Pilar \u00c1lvarez, directora del C.P. Rei Pelayo.<\/p>\n<p>Seg\u00fan los centros, el bienestar emocional del alumn\u00e1u convirti\u00f3se nuna de les prioridaes, polo que siguir\u00e1n desendolcando mid\u00edes pa cuidar y reforzar la sal\u00fa mental.<\/p>\n<\/div>\n<\/div>\n<\/div>\n<p>&nbsp;<\/p>\n","protected":false},"excerpt":{"rendered":"<p>Los centros educativos planifiquen los detalles de la vuelta a escuela. \/ El bienestar emocional del alumn\u00e1u, una priorid\u00e1 nes clases.<\/p>\n","protected":false},"author":117,"featured_media":0,"comment_status":"closed","ping_status":"closed","sticky":false,"template":"","format":"standard","meta":{"footnotes":""},"categories":[132],"tags":[],"class_list":["post-86891","post","type-post","status-publish","format-standard","hentry","category-educastur"],"_links":{"self":[{"href":"https:\/\/edublog.educastur.es\/ixuxu\/wp-json\/wp\/v2\/posts\/86891","targetHints":{"allow":["GET"]}}],"collection":[{"href":"https:\/\/edublog.educastur.es\/ixuxu\/wp-json\/wp\/v2\/posts"}],"about":[{"href":"https:\/\/edublog.educastur.es\/ixuxu\/wp-json\/wp\/v2\/types\/post"}],"author":[{"embeddable":true,"href":"https:\/\/edublog.educastur.es\/ixuxu\/wp-json\/wp\/v2\/users\/117"}],"replies":[{"embeddable":true,"href":"https:\/\/edublog.educastur.es\/ixuxu\/wp-json\/wp\/v2\/comments?post=86891"}],"version-history":[{"count":1,"href":"https:\/\/edublog.educastur.es\/ixuxu\/wp-json\/wp\/v2\/posts\/86891\/revisions"}],"predecessor-version":[{"id":86892,"href":"https:\/\/edublog.educastur.es\/ixuxu\/wp-json\/wp\/v2\/posts\/86891\/revisions\/86892"}],"wp:attachment":[{"href":"https:\/\/edublog.educastur.es\/ixuxu\/wp-json\/wp\/v2\/media?parent=86891"}],"wp:term":[{"taxonomy":"category","embeddable":true,"href":"https:\/\/edublog.educastur.es\/ixuxu\/wp-json\/wp\/v2\/categories?post=86891"},{"taxonomy":"post_tag","embeddable":true,"href":"https:\/\/edublog.educastur.es\/ixuxu\/wp-json\/wp\/v2\/tags?post=86891"}],"curies":[{"name":"wp","href":"https:\/\/api.w.org\/{rel}","templated":true}]}}