{"id":86893,"date":"2026-09-02T10:09:42","date_gmt":"2026-09-02T08:09:42","guid":{"rendered":"https:\/\/edublog.educastur.es\/ixuxu\/?p=86893"},"modified":"2026-09-02T13:59:15","modified_gmt":"2026-09-02T11:59:15","slug":"la-vuelta-a-les-aules-sedra-ensin-incidencies","status":"publish","type":"post","link":"https:\/\/edublog.educastur.es\/ixuxu\/2026\/09\/la-vuelta-a-les-aules-sedra-ensin-incidencies\/","title":{"rendered":"La vuelta a les aules sedr\u00e1 ensin incidencies"},"content":{"rendered":"<p class=\"text-2xl font-bold font-serif leading-tight max-w-[65ch] mb-1.5\"><a href=\"https:\/\/www.rtpa.es\/noticias-asturias-ast\/2026-08-31\/Eva-Ledo-asegura-que-la-vuelta-a-les-aules-sedra-ensin-incidencies_111788175004.html\">Eva Ledo asegura que la vuelta a les aules sedr\u00e1 ensin incidencies.\u00a0<\/a><\/p>\n<p style=\"text-align: center\"><a href=\"https:\/\/www.rtpa.es\/fotos\/\/26\/08\/20260831131705_RTPA8546046.webp\"><img loading=\"lazy\" decoding=\"async\" class=\"aligncenter size-large\" src=\"https:\/\/www.rtpa.es\/fotos\/\/26\/08\/20260831131705_RTPA8546046.webp\" width=\"853\" height=\"480\" \/><\/a><\/p>\n<p><!--more--><\/p>\n<div class=\"flow rtpa-prose text-base text-neutral-700\">\n<p>La conseyera d\u2019Educaci\u00f3n, Eva Ledo, asegura que la vuelta a les aules sedr\u00e1 ensin incidencies, anque reconoz que se dieron retrasos puntuales en dalguna de les 33 obres feches esti branu nos centros. Sobre les vacantes nes direcciones de los centros, hai menos que l\u2019a\u00f1u pas\u00e1u. Esti cursu am\u00e1s sedr\u00e1 especial porque l\u2019Executivu tendr\u00e1 que dar cumplimientu al pactu Educa.<\/p>\n<p><strong>La vuelta a escuela sup\u00f3n un desembolsu econ\u00f3micu cada vegada mayor<\/strong><\/p>\n<p>Lleg\u00f3 un momentu cuasi tem\u00edu pa munches families, el desembolsu econ\u00f3micu, aseguren, cada vegada mayor.<\/p>\n<p>Seg\u00fan la OCU\u2019l gastu mediu n\u2019infantil y primaria as\u00edtiase al rodiu de los 2.500 euros per cursu. Anque aprecien diferencies seg\u00fan el tipu de centru, sicas\u00ed, Asturies ye de les comunidaes m\u00e1s barates. A los llibros hai qu\u2019amestar tami\u00e9n l\u2019uniforme o la ropa de vistir. Dende los centros comerciales aseguren que ye posible aforrar y detectaron nueves tendencies.<\/p>\n<p>Afiten que la transici\u00f3n pal llibru dixital ye una realid\u00e1.<\/p>\n<p>Setiembre acecha y los estudiantes, sobre manera los m\u00e1s peque\u00f1os, busquen los sos complementos favoritos pa la vuelta a escuela<\/p>\n<\/div>\n","protected":false},"excerpt":{"rendered":"<p>Eva Ledo asegura que la vuelta a les aules sedr\u00e1 ensin incidencies.\u00a0<\/p>\n","protected":false},"author":117,"featured_media":0,"comment_status":"closed","ping_status":"closed","sticky":false,"template":"","format":"standard","meta":{"footnotes":""},"categories":[132],"tags":[],"class_list":["post-86893","post","type-post","status-publish","format-standard","hentry","category-educastur"],"_links":{"self":[{"href":"https:\/\/edublog.educastur.es\/ixuxu\/wp-json\/wp\/v2\/posts\/86893","targetHints":{"allow":["GET"]}}],"collection":[{"href":"https:\/\/edublog.educastur.es\/ixuxu\/wp-json\/wp\/v2\/posts"}],"about":[{"href":"https:\/\/edublog.educastur.es\/ixuxu\/wp-json\/wp\/v2\/types\/post"}],"author":[{"embeddable":true,"href":"https:\/\/edublog.educastur.es\/ixuxu\/wp-json\/wp\/v2\/users\/117"}],"replies":[{"embeddable":true,"href":"https:\/\/edublog.educastur.es\/ixuxu\/wp-json\/wp\/v2\/comments?post=86893"}],"version-history":[{"count":1,"href":"https:\/\/edublog.educastur.es\/ixuxu\/wp-json\/wp\/v2\/posts\/86893\/revisions"}],"predecessor-version":[{"id":86894,"href":"https:\/\/edublog.educastur.es\/ixuxu\/wp-json\/wp\/v2\/posts\/86893\/revisions\/86894"}],"wp:attachment":[{"href":"https:\/\/edublog.educastur.es\/ixuxu\/wp-json\/wp\/v2\/media?parent=86893"}],"wp:term":[{"taxonomy":"category","embeddable":true,"href":"https:\/\/edublog.educastur.es\/ixuxu\/wp-json\/wp\/v2\/categories?post=86893"},{"taxonomy":"post_tag","embeddable":true,"href":"https:\/\/edublog.educastur.es\/ixuxu\/wp-json\/wp\/v2\/tags?post=86893"}],"curies":[{"name":"wp","href":"https:\/\/api.w.org\/{rel}","templated":true}]}}