{"id":86900,"date":"2026-09-02T14:22:04","date_gmt":"2026-09-02T12:22:04","guid":{"rendered":"https:\/\/edublog.educastur.es\/ixuxu\/?p=86900"},"modified":"2026-09-03T22:11:36","modified_gmt":"2026-09-03T20:11:36","slug":"la-cofradia-de-pescadores-santana-de-llanes","status":"publish","type":"post","link":"https:\/\/edublog.educastur.es\/ixuxu\/2026\/09\/la-cofradia-de-pescadores-santana-de-llanes\/","title":{"rendered":"La Cofrad\u00eda de Pescadores Santana de Llanes"},"content":{"rendered":"<div class=\"max-w-[65ch] mt-8 mb-4\">\n<p class=\"font-serif leading-tight text-lg max-w-prose text-balance\"><a class=\"\" href=\"https:\/\/www.rtpa.es\/noticias-sociedad-ast\/2026-09-01\/La-Cofradia-de-Pescadores-Santana-de-Llanes,-Premiu-al-Pueblu-Exemplar-d'Asturies-2026_111788250247.html\">La Cofrad\u00eda de Pescadores Santana de Llanes, Premiu al Pueblu Exemplar d&#8217;Asturies 2026.<\/a><\/p>\n<p style=\"text-align: center\">\n<!-- iframe plugin v.6.0 wordpress.org\/plugins\/iframe\/ -->\n<iframe loading=\"lazy\" src=\"https:\/\/www.facebook.com\/plugins\/video.php?height=476&#038;href=https%3A%2F%2Fwww.facebook.com%2Freel%2F1000756799643846%2F&#038;show_text=false&#038;width=267&#038;t=0\" width=\"267\" height=\"476\" style=\"border:none;overflow:hidden\" scrolling=\"no\" frameborder=\"0\" allowfullscreen=\"true\" allow=\"autoplay; clipboard-write; encrypted-media; picture-in-picture; web-share\" 0=\"\/iframe\" class=\"iframe-class\"><\/iframe>\n<\/p>\n<p><strong>El xur\u00e1u destaca la sostenibilid\u00e1, l&#8217;estudiu y espardimientu de la cultura pesquera. <\/strong>De la tradici\u00f3n pesquera del sieglu XIV a la defensa de la pesca sostenible en plenu sieglu XXI. Conoz m\u00e1s sobro la Confrer\u00eda de Pescadores Santa Ana (Llanes).<\/p>\n<p><!--more--><\/p>\n<\/div>\n<div class=\"pl-3 border-l-[4px] border-solid border-nasturianu-700\">\n<p style=\"text-align: center\">\n<!-- iframe plugin v.6.0 wordpress.org\/plugins\/iframe\/ -->\n<iframe loading=\"lazy\" src=\"https:\/\/www.facebook.com\/plugins\/post.php?href=https%3A%2F%2Fwww.facebook.com%2FPescadoresdeLlanes%2Fposts%2Fpfbid0gEZuHEYcPVekGwM994vUjbHZoZREbEYEKe1TzZyNc7M4ktJ97qVgbzganJiL4E2Wl&#038;show_text=false&#038;width=500\" width=\"500\" height=\"498\" style=\"border:none;overflow:hidden\" scrolling=\"no\" frameborder=\"0\" allowfullscreen=\"true\" allow=\"autoplay; clipboard-write; encrypted-media; picture-in-picture; web-share\" 0=\"\/iframe\" class=\"iframe-class\"><\/iframe>\n<\/p>\n<p style=\"text-align: center\"><a href=\"https:\/\/www.rtpa.es\/fotos\/\/26\/09\/20260901143836_RTPA8550282.webp\"><img loading=\"lazy\" decoding=\"async\" class=\"aligncenter size-large\" src=\"https:\/\/www.rtpa.es\/fotos\/\/26\/09\/20260901143836_RTPA8550282.webp\" width=\"853\" height=\"480\" \/><\/a><\/p>\n<div>Una reconocencia por saber caltener la pesca artesanal y por convertir la sostenibilid\u00e1, la divulgaci\u00f3n y el compromisu cola so redolada, y especialmente la mar, n&#8217;aspeutos esenciales del so llabor, enraigonada en sieglos d&#8217;hestoria.<\/div>\n<div><\/div>\n<div>La Cofrad\u00eda de Pescadores Santana, de Llanes, algam\u00f3 esti martes el Premiu al Pueblu Exemplar d&#8217;Asturies 2026, convoc\u00e1u pola Fundaci\u00f3n Princesa d&#8217;Asturies.<\/div>\n<div class=\"flow rtpa-prose text-base text-neutral-700\">\n<p>El xur\u00e1u del Pueblu Exemplar valora&#8217;l so trabayu pola sostenibilid\u00e1, la innovaci\u00f3n, la solidarid\u00e1, l&#8217;estudiu y l&#8217;espardimientu de la cultura pesquera, y la eficiencia nel so modelu de xesti\u00f3n. Am\u00e1s, reconoz con esti premiu a toles cofrad\u00edes de pescadores y a la so xente.<\/p>\n<p>La puya diaria de captures, destacada pol so compromisu cola pesca sostenible por National Geographic, les fiestes de Santana o les distintes xornaes gastron\u00f3miques, son dalgunes de les munches actividaes de promoci\u00f3n que fai la cofrad\u00eda de pescadores de Santana.<\/p>\n<p>Llanes, Pueblu Exemplar d&#8217;Asturies pola so tradici\u00f3n marinera<\/p>\n<p>Llanes ye dende g\u00fcei un pueblu de pescadores exemplares. La reconocencia garr\u00f3los faenando na mar y fici\u00e9ronla estensiva a tol sector pesqueru asturianu. Ocho sieglos de tradici\u00f3n marinera, la defensa de la pesca artesanal y el caltenimientu del medio mar\u00edn avalaron la so candidatura.<\/p>\n<p>La Cofrad\u00eda ye tami\u00e9n un exemplu d&#8217;activid\u00e1 social y cultural. Ente los sos proyectos ta la ruta del Pas\u00e9u de la princesa Leonor, un percorr\u00edu pel qu&#8217;esperen que pasen los reis d&#8217;Espa\u00f1a y la princesa d&#8217;Asturies na so visita a Llanes.<\/p>\n<p>Un premiu que los llaniscos sienten tami\u00e9n como propiu. L&#8217;alcalde Enrique Riestra espera que la visita de la familia real sirva pa que Felipe VI, Letizia y la princesa Leonor lleven una bona imaxe de Llanes y de la so xente.<\/p>\n<p>La cofrad\u00eda llanisca ye y\u00e1 Pueblu Exemplar, y los sos pescadores quieren compartir la reconocencia con tolos que caltienen viva la tradici\u00f3n marinera asturiana. Tami\u00e9n con quien y\u00e1 nun t\u00e1n, como Lolo, el &#8216;Reviru&#8217;, muertu esta primavera y siempres bien presente na alcordanza de los sos compa\u00f1eros.<\/p>\n<\/div>\n<\/div>\n<p>&nbsp;<\/p>\n","protected":false},"excerpt":{"rendered":"<p>La Cofrad\u00eda de Pescadores Santana de Llanes, Premiu al Pueblu Exemplar d&#8217;Asturies 2026. El xur\u00e1u destaca la sostenibilid\u00e1, l&#8217;estudiu y espardimientu de la cultura pesquera. De la tradici\u00f3n pesquera del sieglu XIV a la defensa de la pesca sostenible en plenu sieglu XXI. Conoz m\u00e1s sobro la Confrer\u00eda de Pescadores Santa Ana (Llanes).<\/p>\n","protected":false},"author":117,"featured_media":0,"comment_status":"closed","ping_status":"closed","sticky":false,"template":"","format":"standard","meta":{"footnotes":""},"categories":[28],"tags":[],"class_list":["post-86900","post","type-post","status-publish","format-standard","hentry","category-premios-princesa-da"],"_links":{"self":[{"href":"https:\/\/edublog.educastur.es\/ixuxu\/wp-json\/wp\/v2\/posts\/86900","targetHints":{"allow":["GET"]}}],"collection":[{"href":"https:\/\/edublog.educastur.es\/ixuxu\/wp-json\/wp\/v2\/posts"}],"about":[{"href":"https:\/\/edublog.educastur.es\/ixuxu\/wp-json\/wp\/v2\/types\/post"}],"author":[{"embeddable":true,"href":"https:\/\/edublog.educastur.es\/ixuxu\/wp-json\/wp\/v2\/users\/117"}],"replies":[{"embeddable":true,"href":"https:\/\/edublog.educastur.es\/ixuxu\/wp-json\/wp\/v2\/comments?post=86900"}],"version-history":[{"count":5,"href":"https:\/\/edublog.educastur.es\/ixuxu\/wp-json\/wp\/v2\/posts\/86900\/revisions"}],"predecessor-version":[{"id":87136,"href":"https:\/\/edublog.educastur.es\/ixuxu\/wp-json\/wp\/v2\/posts\/86900\/revisions\/87136"}],"wp:attachment":[{"href":"https:\/\/edublog.educastur.es\/ixuxu\/wp-json\/wp\/v2\/media?parent=86900"}],"wp:term":[{"taxonomy":"category","embeddable":true,"href":"https:\/\/edublog.educastur.es\/ixuxu\/wp-json\/wp\/v2\/categories?post=86900"},{"taxonomy":"post_tag","embeddable":true,"href":"https:\/\/edublog.educastur.es\/ixuxu\/wp-json\/wp\/v2\/tags?post=86900"}],"curies":[{"name":"wp","href":"https:\/\/api.w.org\/{rel}","templated":true}]}}