{"id":86902,"date":"2026-09-02T10:15:12","date_gmt":"2026-09-02T08:15:12","guid":{"rendered":"https:\/\/edublog.educastur.es\/ixuxu\/?p=86902"},"modified":"2026-09-02T14:25:31","modified_gmt":"2026-09-02T12:25:31","slug":"midies-pa-facilitar-la-comprension-a-persones-con-discapacida-cognitiva","status":"publish","type":"post","link":"https:\/\/edublog.educastur.es\/ixuxu\/2026\/09\/midies-pa-facilitar-la-comprension-a-persones-con-discapacida-cognitiva\/","title":{"rendered":"Mid\u00edes pa facilitar la comprensi\u00f3n a persones con discapacid\u00e1 cognitiva"},"content":{"rendered":"<section id=\"noticia-texto\" class=\"pt-14\">\n<div class=\"w-full max-w-[1296px] mx-auto\">\n<div class=\"grid grid-cols-12 px-4 2xl:px-0\">\n<div class=\"col-span-10 lg:col-span-8 lg:col-start-3\">\n<div class=\"mb-6\">\n<p class=\"text-2xl font-bold font-serif leading-tight max-w-[65ch] mb-1.5\"><a href=\"https:\/\/www.rtpa.es\/noticias-nacional-ast\/2026-09-01\/El-Gobiernu-impulsa-midies-pa-facilitar-la-comprension-a-persones-con-discapacida-cognitiva-_111788263866.html\">El Gobiernu impulsa mid\u00edes pa facilitar la comprensi\u00f3n a persones con discapacid\u00e1 cognitiva.<\/a><\/p>\n<\/div>\n<\/div>\n<div id=\"video-imagen\" class=\"col-span-12 lg:col-span-10 lg:col-start-2\">\n<div id=\"mediaplayer\"><\/div>\n<\/div>\n<\/div>\n<\/div>\n<\/section>\n<section id=\"noticia-texto-2\" class=\"py-8 lg:pb-14\">\n<div class=\"w-full max-w-[1296px] mx-auto\">\n<div class=\"grid grid-cols-12 gap-6 px-4 2xl:px-0\">\n<div id=\"noticia-redes-nuevo\" class=\"col-span-12 lg:col-span-1 lg:col-start-2\">\n<p style=\"text-align: center\"><a href=\"https:\/\/www.rtpa.es\/fotos\/\/26\/09\/20260901135835_RTPA8550015.webp\"><img loading=\"lazy\" decoding=\"async\" class=\"aligncenter size-large\" src=\"https:\/\/www.rtpa.es\/fotos\/\/26\/09\/20260901135835_RTPA8550015.webp\" width=\"853\" height=\"480\" \/><\/a><\/p>\n<\/div>\n<div id=\"noticiacompleta\" class=\"col-span-12 lg:col-span-6 lg:col-start-3\">\n<div class=\"flow rtpa-prose text-lg leading-tight mb-6\"><strong>La nueva norma inxerta pictogrames y sistemes de llectura f\u00e1cil.<\/strong><\/div>\n<div><!--more--><\/div>\n<div class=\"flow rtpa-prose text-base text-neutral-700\">\n<p>Hai munchos elementos de la vida de davezu qu\u2019a dalgunes persones res\u00falten-yos imposibles d\u2019entender polos t\u00e9rminos qu\u2019usen o la dificult\u00e1 de dellos procesos. Equ\u00ed surde l\u2019accesibilid\u00e1 cognitiva. Ye\u2019l procesu d\u2019adaptar estes cuestiones complicaes a otru formatu que facilite la so comprensi\u00f3n. Por exemplu, ta mui presente nel \u00e1mbitu xur\u00eddicu, aministrativu o sanitariu afayando espacios y testos esplica Casilda Sab\u00edn, xerente de &#8216;Plena Inclusi\u00f3n&#8217; Asturies.<\/p>\n<p>La norma afita l\u2019inxerimientu de mid\u00edes como recursos d\u2019orientaci\u00f3n, pictogrames o llinguaxe claru. Otru recursu ye la llectura f\u00e1cil, un m\u00e9todu de redacci\u00f3n y dise\u00f1u qu\u2019adapta documentos siguiendo una normativa europea y que s\u2019identifiquen con esti s\u00edmbolu. Esti reglamentu afectar\u00e1 a axentes p\u00fablicos y privaos.<\/p>\n<p>Sobre\u2019l papel, dicen les asociaciones, ye una midida qu\u2019implica un gran desendolcu nos derechos de les persones con torgues de comprensi\u00f3n, pero recuerden que faen falta m\u00e1s coses pa que seya efectiva.<\/p>\n<p>Con normes como esta visibil\u00edzase\u2019l d\u00eda a d\u00eda de persones a les que se pasa a vegaes per alto.<\/p>\n<\/div>\n<\/div>\n<\/div>\n<\/div>\n<\/section>\n<p>&nbsp;<\/p>\n","protected":false},"excerpt":{"rendered":"<p>El Gobiernu impulsa mid\u00edes pa facilitar la comprensi\u00f3n a persones con discapacid\u00e1 cognitiva. La nueva norma inxerta pictogrames y sistemes de llectura f\u00e1cil.<\/p>\n","protected":false},"author":117,"featured_media":0,"comment_status":"closed","ping_status":"closed","sticky":false,"template":"","format":"standard","meta":{"footnotes":""},"categories":[1],"tags":[],"class_list":["post-86902","post","type-post","status-publish","format-standard","hentry","category-sin-categoria"],"_links":{"self":[{"href":"https:\/\/edublog.educastur.es\/ixuxu\/wp-json\/wp\/v2\/posts\/86902","targetHints":{"allow":["GET"]}}],"collection":[{"href":"https:\/\/edublog.educastur.es\/ixuxu\/wp-json\/wp\/v2\/posts"}],"about":[{"href":"https:\/\/edublog.educastur.es\/ixuxu\/wp-json\/wp\/v2\/types\/post"}],"author":[{"embeddable":true,"href":"https:\/\/edublog.educastur.es\/ixuxu\/wp-json\/wp\/v2\/users\/117"}],"replies":[{"embeddable":true,"href":"https:\/\/edublog.educastur.es\/ixuxu\/wp-json\/wp\/v2\/comments?post=86902"}],"version-history":[{"count":1,"href":"https:\/\/edublog.educastur.es\/ixuxu\/wp-json\/wp\/v2\/posts\/86902\/revisions"}],"predecessor-version":[{"id":86903,"href":"https:\/\/edublog.educastur.es\/ixuxu\/wp-json\/wp\/v2\/posts\/86902\/revisions\/86903"}],"wp:attachment":[{"href":"https:\/\/edublog.educastur.es\/ixuxu\/wp-json\/wp\/v2\/media?parent=86902"}],"wp:term":[{"taxonomy":"category","embeddable":true,"href":"https:\/\/edublog.educastur.es\/ixuxu\/wp-json\/wp\/v2\/categories?post=86902"},{"taxonomy":"post_tag","embeddable":true,"href":"https:\/\/edublog.educastur.es\/ixuxu\/wp-json\/wp\/v2\/tags?post=86902"}],"curies":[{"name":"wp","href":"https:\/\/api.w.org\/{rel}","templated":true}]}}