{"id":86904,"date":"2026-09-02T10:20:34","date_gmt":"2026-09-02T08:20:34","guid":{"rendered":"https:\/\/edublog.educastur.es\/ixuxu\/?p=86904"},"modified":"2026-09-03T17:12:05","modified_gmt":"2026-09-03T15:12:05","slug":"un-drakar-viquingu-atraca-nel-puertu-de-san-esteban","status":"publish","type":"post","link":"https:\/\/edublog.educastur.es\/ixuxu\/2026\/09\/un-drakar-viquingu-atraca-nel-puertu-de-san-esteban\/","title":{"rendered":"Un drakar viquingu atraca nel puertu de San Esteban."},"content":{"rendered":"<p><span class=\"html-span xexx8yu xyri2b x18d9i69 x1c1uobl x1hl2dhg x16tdsg8 x1vvkbs x3nfvp2 x1j61x8r x1fcty0u xdj266r xat24cr xm2jcoa x1mpyi22 xxymvpz xlup9mm x1kky2od\"><img loading=\"lazy\" decoding=\"async\" class=\"xz74otr x15mokao x1ga7v0g x16uus16 xbiv7yw\" src=\"https:\/\/static.xx.fbcdn.net\/images\/emoji.php\/v9\/t87\/1\/16\/2693.png\" alt=\"\u2693\" width=\"16\" height=\"16\" \/><\/span><span class=\"html-span xexx8yu xyri2b x18d9i69 x1c1uobl x1hl2dhg x16tdsg8 x1vvkbs x3nfvp2 x1j61x8r x1fcty0u xdj266r xat24cr xm2jcoa x1mpyi22 xxymvpz xlup9mm x1kky2od\"><img loading=\"lazy\" decoding=\"async\" class=\"xz74otr x15mokao x1ga7v0g x16uus16 xbiv7yw\" src=\"https:\/\/static.xx.fbcdn.net\/images\/emoji.php\/v9\/t5e\/1\/16\/1f6f6.png\" alt=\"\ud83d\udef6\" width=\"16\" height=\"16\" \/>Un drakar viquingu atraca nel puertu de San Esteban. <\/span><span class=\"html-span xdj266r x14z9mp xat24cr x1lziwak xexx8yu xyri2b x18d9i69 x1c1uobl x1hl2dhg x16tdsg8 x1vvkbs\"><a class=\"x1i10hfl xjbqb8w x1ejq31n x18oe1m7 x1sy0etr xstzfhl x972fbf x10w94by x1qhh985 x14e42zd x9f619 x1ypdohk xt0psk2 x3ct3a4 xdj266r x14z9mp xat24cr x1lziwak xexx8yu xyri2b x18d9i69 x1c1uobl x16tdsg8 x1hl2dhg xggy1nq x1a2a7pz xkrqix3 x1sur9pj x1fey0fg x1s688f\" role=\"link\" href=\"https:\/\/www.facebook.com\/watch\/hashtag\/sanesteban\/?__cft__[0]=AZjaWqEVEgwDLE3jg4-5UAXKC5Nb0KrXoyIMNpPj1M0uHkBNXimK1jNlhYccn73l4pVOHPuLTghk_uDHbxovB3rN4KiXour7OB3XGCe5RjKXG6u7HhD7dxgedIpIyIpuEcbTPmuDBm6rGDEr4j9VH9jnu48v1uX3ey8qdYnWDTf0b8KqZ-BvpXbulLVUq8rDhlUuMIc&amp;__tn__=*NK-R\">#SanEsteban<\/a><\/span> <span class=\"html-span xdj266r x14z9mp xat24cr x1lziwak xexx8yu xyri2b x18d9i69 x1c1uobl x1hl2dhg x16tdsg8 x1vvkbs\"><a class=\"x1i10hfl xjbqb8w x1ejq31n x18oe1m7 x1sy0etr xstzfhl x972fbf x10w94by x1qhh985 x14e42zd x9f619 x1ypdohk xt0psk2 x3ct3a4 xdj266r x14z9mp xat24cr x1lziwak xexx8yu xyri2b x18d9i69 x1c1uobl x16tdsg8 x1hl2dhg xggy1nq x1a2a7pz xkrqix3 x1sur9pj x1fey0fg x1s688f\" role=\"link\" href=\"https:\/\/www.facebook.com\/watch\/hashtag\/murosdenal%C3%B3n\/?__cft__[0]=AZjaWqEVEgwDLE3jg4-5UAXKC5Nb0KrXoyIMNpPj1M0uHkBNXimK1jNlhYccn73l4pVOHPuLTghk_uDHbxovB3rN4KiXour7OB3XGCe5RjKXG6u7HhD7dxgedIpIyIpuEcbTPmuDBm6rGDEr4j9VH9jnu48v1uX3ey8qdYnWDTf0b8KqZ-BvpXbulLVUq8rDhlUuMIc&amp;__tn__=*NK-R\">#MurosDeNal\u00f3n<\/a><\/span> <span class=\"html-span xdj266r x14z9mp xat24cr x1lziwak xexx8yu xyri2b x18d9i69 x1c1uobl x1hl2dhg x16tdsg8 x1vvkbs\"><a class=\"x1i10hfl xjbqb8w x1ejq31n x18oe1m7 x1sy0etr xstzfhl x972fbf x10w94by x1qhh985 x14e42zd x9f619 x1ypdohk xt0psk2 x3ct3a4 xdj266r x14z9mp xat24cr x1lziwak xexx8yu xyri2b x18d9i69 x1c1uobl x16tdsg8 x1hl2dhg xggy1nq x1a2a7pz xkrqix3 x1sur9pj x1fey0fg x1s688f\" role=\"link\" href=\"https:\/\/www.facebook.com\/watch\/hashtag\/drakkar\/?__cft__[0]=AZjaWqEVEgwDLE3jg4-5UAXKC5Nb0KrXoyIMNpPj1M0uHkBNXimK1jNlhYccn73l4pVOHPuLTghk_uDHbxovB3rN4KiXour7OB3XGCe5RjKXG6u7HhD7dxgedIpIyIpuEcbTPmuDBm6rGDEr4j9VH9jnu48v1uX3ey8qdYnWDTf0b8KqZ-BvpXbulLVUq8rDhlUuMIc&amp;__tn__=*NK-R\">#Drakkar<\/a><\/span> <span class=\"html-span xdj266r x14z9mp xat24cr x1lziwak xexx8yu xyri2b x18d9i69 x1c1uobl x1hl2dhg x16tdsg8 x1vvkbs\"><a class=\"x1i10hfl xjbqb8w x1ejq31n x18oe1m7 x1sy0etr xstzfhl x972fbf x10w94by x1qhh985 x14e42zd x9f619 x1ypdohk xt0psk2 x3ct3a4 xdj266r x14z9mp xat24cr x1lziwak xexx8yu xyri2b x18d9i69 x1c1uobl x16tdsg8 x1hl2dhg xggy1nq x1a2a7pz xkrqix3 x1sur9pj x1fey0fg x1s688f\" role=\"link\" href=\"https:\/\/www.facebook.com\/watch\/hashtag\/asturias\/?__cft__[0]=AZjaWqEVEgwDLE3jg4-5UAXKC5Nb0KrXoyIMNpPj1M0uHkBNXimK1jNlhYccn73l4pVOHPuLTghk_uDHbxovB3rN4KiXour7OB3XGCe5RjKXG6u7HhD7dxgedIpIyIpuEcbTPmuDBm6rGDEr4j9VH9jnu48v1uX3ey8qdYnWDTf0b8KqZ-BvpXbulLVUq8rDhlUuMIc&amp;__tn__=*NK-R\">#Asturias<\/a><\/span> <span class=\"html-span xdj266r x14z9mp xat24cr x1lziwak xexx8yu xyri2b x18d9i69 x1c1uobl x1hl2dhg x16tdsg8 x1vvkbs\"><a class=\"x1i10hfl xjbqb8w x1ejq31n x18oe1m7 x1sy0etr xstzfhl x972fbf x10w94by x1qhh985 x14e42zd x9f619 x1ypdohk xt0psk2 x3ct3a4 xdj266r x14z9mp xat24cr x1lziwak xexx8yu xyri2b x18d9i69 x1c1uobl x16tdsg8 x1hl2dhg xggy1nq x1a2a7pz xkrqix3 x1sur9pj x1fey0fg x1s688f\" role=\"link\" href=\"https:\/\/www.facebook.com\/watch\/hashtag\/tpa_cr\/?__cft__[0]=AZjaWqEVEgwDLE3jg4-5UAXKC5Nb0KrXoyIMNpPj1M0uHkBNXimK1jNlhYccn73l4pVOHPuLTghk_uDHbxovB3rN4KiXour7OB3XGCe5RjKXG6u7HhD7dxgedIpIyIpuEcbTPmuDBm6rGDEr4j9VH9jnu48v1uX3ey8qdYnWDTf0b8KqZ-BvpXbulLVUq8rDhlUuMIc&amp;__tn__=*NK-R\">#TPA_CR<\/a><\/span><\/p>\n<p style=\"text-align: center\">\n<!-- iframe plugin v.6.0 wordpress.org\/plugins\/iframe\/ -->\n<iframe loading=\"lazy\" src=\"https:\/\/www.facebook.com\/plugins\/video.php?height=476&#038;href=https%3A%2F%2Fwww.facebook.com%2Freel%2F4711763719059984%2F&#038;show_text=false&#038;width=476&#038;t=0\" width=\"476\" height=\"476\" style=\"border:none;overflow:hidden\" scrolling=\"no\" frameborder=\"0\" allowfullscreen=\"true\" allow=\"autoplay; clipboard-write; encrypted-media; picture-in-picture; web-share\" 0=\"\/iframe\" class=\"iframe-class\"><\/iframe>\n<\/p>\n<p><!--more--><\/p>\n<p>\u26f5 Jaume Amengual (@jaumeamengual_) lleva dedic\u00e1u tola so vida al sal\u00e9u tantu a bordu del so barcu pesqueru como formando parte de la organizaci\u00f3n de los Alcuentros de Vela Llatina. Ye por ello que cuando&#8217;l &#8216;Orkan&#8217; fixo parada nel so puertu en Palma de Mallorca, nun lo pens\u00f3 dos vegaes y xubi\u00f3se a bordu d&#8217;esti barcu viquingu inspir\u00e1u nos drakkar antiguos.<\/p>\n<p style=\"text-align: center\">\n<!-- iframe plugin v.6.0 wordpress.org\/plugins\/iframe\/ -->\n<iframe loading=\"lazy\" src=\"https:\/\/www.facebook.com\/plugins\/video.php?height=311&#038;href=https%3A%2F%2Fwww.facebook.com%2Freel%2F1076477248224349%2F&#038;show_text=false&#038;width=560&#038;t=0\" width=\"560\" height=\"311\" style=\"border:none;overflow:hidden\" scrolling=\"no\" frameborder=\"0\" allowfullscreen=\"true\" allow=\"autoplay; clipboard-write; encrypted-media; picture-in-picture; web-share\" 0=\"\/iframe\" class=\"iframe-class\"><\/iframe>\n<\/p>\n<p>\ud83d\udc65 Amengual ye l&#8217;\u00fanicu espa\u00f1ol d&#8217;una tripulaci\u00f3n de 20 persones, na so mayor\u00eda francesa, que dende&#8217;l 2 d&#8217;agostu convive en 28 metros de madera y carbonu y que esti martes atrop\u00f3 toles miraes nel puertu de San Esteban, en Muros de Nal\u00f3n. \ud83d\udcf9 @mrslusiih_<\/p>\n","protected":false},"excerpt":{"rendered":"<p>Un drakar viquingu atraca nel puertu de San Esteban. #SanEsteban #MurosDeNal\u00f3n #Drakkar #Asturias #TPA_CR<\/p>\n","protected":false},"author":117,"featured_media":0,"comment_status":"closed","ping_status":"closed","sticky":false,"template":"","format":"standard","meta":{"footnotes":""},"categories":[1],"tags":[],"class_list":["post-86904","post","type-post","status-publish","format-standard","hentry","category-sin-categoria"],"_links":{"self":[{"href":"https:\/\/edublog.educastur.es\/ixuxu\/wp-json\/wp\/v2\/posts\/86904","targetHints":{"allow":["GET"]}}],"collection":[{"href":"https:\/\/edublog.educastur.es\/ixuxu\/wp-json\/wp\/v2\/posts"}],"about":[{"href":"https:\/\/edublog.educastur.es\/ixuxu\/wp-json\/wp\/v2\/types\/post"}],"author":[{"embeddable":true,"href":"https:\/\/edublog.educastur.es\/ixuxu\/wp-json\/wp\/v2\/users\/117"}],"replies":[{"embeddable":true,"href":"https:\/\/edublog.educastur.es\/ixuxu\/wp-json\/wp\/v2\/comments?post=86904"}],"version-history":[{"count":3,"href":"https:\/\/edublog.educastur.es\/ixuxu\/wp-json\/wp\/v2\/posts\/86904\/revisions"}],"predecessor-version":[{"id":87016,"href":"https:\/\/edublog.educastur.es\/ixuxu\/wp-json\/wp\/v2\/posts\/86904\/revisions\/87016"}],"wp:attachment":[{"href":"https:\/\/edublog.educastur.es\/ixuxu\/wp-json\/wp\/v2\/media?parent=86904"}],"wp:term":[{"taxonomy":"category","embeddable":true,"href":"https:\/\/edublog.educastur.es\/ixuxu\/wp-json\/wp\/v2\/categories?post=86904"},{"taxonomy":"post_tag","embeddable":true,"href":"https:\/\/edublog.educastur.es\/ixuxu\/wp-json\/wp\/v2\/tags?post=86904"}],"curies":[{"name":"wp","href":"https:\/\/api.w.org\/{rel}","templated":true}]}}