{"id":86919,"date":"2026-09-02T08:40:33","date_gmt":"2026-09-02T06:40:33","guid":{"rendered":"https:\/\/edublog.educastur.es\/ixuxu\/?p=86919"},"modified":"2026-09-02T14:44:24","modified_gmt":"2026-09-02T12:44:24","slug":"niveles-dalerta-por-altes-temperatures","status":"publish","type":"post","link":"https:\/\/edublog.educastur.es\/ixuxu\/2026\/09\/niveles-dalerta-por-altes-temperatures\/","title":{"rendered":"Niveles d&#8217;alerta por altes temperatures"},"content":{"rendered":"<p style=\"text-align: center\"><a href=\"https:\/\/pbs.twimg.com\/media\/HRMnBeLWMAIeSfO?format=jpg&amp;name=medium\"><img loading=\"lazy\" decoding=\"async\" class=\"aligncenter size-large\" src=\"https:\/\/pbs.twimg.com\/media\/HRMnBeLWMAIeSfO?format=jpg&amp;name=medium\" width=\"1024\" height=\"606\" \/><\/a><\/p>\n<p><span class=\"css-1jxf684 r-bcqeeo r-1ttztb7 r-qvutc0 r-poiln3\">Sal\u00fa P\u00fablica activa g\u00fcei mi\u00e9rcoles los siguientes niveles de d&#8217;alerta por \ud835\uddee\ud835\uddf9\ud835\ude01\ud835\uddee\ud835\ude00 \ud835\ude01\ud835\uddf2\ud835\uddfa\ud835\uddfd\ud835\uddf2\ud835\uddff\ud835\uddee\ud835\ude01\ud835\ude02\ud835\uddff\ud835\uddee\ud835\ude00 nes \ud835\ude07\ud835\uddfc\ud835\uddfb\ud835\uddee\ud835\ude00 \ud835\uddf1\ud835\uddf2 \ud835\uddfa\ud835\uddf2\ud835\ude01\ud835\uddf2\ud835\uddfc\ud835\ude00\ud835\uddee\ud835\uddf9\ud835\ude02\ud835\uddf1: \u00a0Riesgu baxo: mari\u00f1a oriental. \u00a0Riesgu medio: suroccidente y centru-valles mineros. \u00a0Riesgu alto: Cordal Cant\u00e1bricu y Picos d&#8217;Europa. M\u00e1s <\/span>\u00a0<a class=\"css-1jxf684 r-bcqeeo r-1ttztb7 r-qvutc0 r-poiln3 r-1wvb978 r-1loqt21\" dir=\"ltr\" role=\"link\" href=\"https:\/\/t.co\/RH73W5qCWc\" target=\"_blank\" rel=\"noopener noreferrer nofollow\"><span class=\"css-1jxf684 r-bcqeeo r-1ttztb7 r-qvutc0 r-poiln3 r-qlhcfr r-19qo34d r-qvk6io r-orgf3d r-u8s1d\" aria-hidden=\"true\">https:\/\/<\/span>shorturl.at\/Re1RC<\/a><\/p>\n","protected":false},"excerpt":{"rendered":"<p>Sal\u00fa P\u00fablica activa g\u00fcei mi\u00e9rcoles los siguientes niveles de d&#8217;alerta por \ud835\uddee\ud835\uddf9\ud835\ude01\ud835\uddee\ud835\ude00 \ud835\ude01\ud835\uddf2\ud835\uddfa\ud835\uddfd\ud835\uddf2\ud835\uddff\ud835\uddee\ud835\ude01\ud835\ude02\ud835\uddff\ud835\uddee\ud835\ude00 nes \ud835\ude07\ud835\uddfc\ud835\uddfb\ud835\uddee\ud835\ude00 \ud835\uddf1\ud835\uddf2 \ud835\uddfa\ud835\uddf2\ud835\ude01\ud835\uddf2\ud835\uddfc\ud835\ude00\ud835\uddee\ud835\uddf9\ud835\ude02\ud835\uddf1: \u00a0Riesgu baxo: mari\u00f1a oriental. \u00a0Riesgu medio: suroccidente y centru-valles mineros. \u00a0Riesgu alto: Cordal Cant\u00e1bricu y Picos d&#8217;Europa. M\u00e1s \u00a0https:\/\/shorturl.at\/Re1RC<\/p>\n","protected":false},"author":117,"featured_media":0,"comment_status":"closed","ping_status":"closed","sticky":false,"template":"","format":"standard","meta":{"footnotes":""},"categories":[48],"tags":[],"class_list":["post-86919","post","type-post","status-publish","format-standard","hentry","category-salu"],"_links":{"self":[{"href":"https:\/\/edublog.educastur.es\/ixuxu\/wp-json\/wp\/v2\/posts\/86919","targetHints":{"allow":["GET"]}}],"collection":[{"href":"https:\/\/edublog.educastur.es\/ixuxu\/wp-json\/wp\/v2\/posts"}],"about":[{"href":"https:\/\/edublog.educastur.es\/ixuxu\/wp-json\/wp\/v2\/types\/post"}],"author":[{"embeddable":true,"href":"https:\/\/edublog.educastur.es\/ixuxu\/wp-json\/wp\/v2\/users\/117"}],"replies":[{"embeddable":true,"href":"https:\/\/edublog.educastur.es\/ixuxu\/wp-json\/wp\/v2\/comments?post=86919"}],"version-history":[{"count":1,"href":"https:\/\/edublog.educastur.es\/ixuxu\/wp-json\/wp\/v2\/posts\/86919\/revisions"}],"predecessor-version":[{"id":86920,"href":"https:\/\/edublog.educastur.es\/ixuxu\/wp-json\/wp\/v2\/posts\/86919\/revisions\/86920"}],"wp:attachment":[{"href":"https:\/\/edublog.educastur.es\/ixuxu\/wp-json\/wp\/v2\/media?parent=86919"}],"wp:term":[{"taxonomy":"category","embeddable":true,"href":"https:\/\/edublog.educastur.es\/ixuxu\/wp-json\/wp\/v2\/categories?post=86919"},{"taxonomy":"post_tag","embeddable":true,"href":"https:\/\/edublog.educastur.es\/ixuxu\/wp-json\/wp\/v2\/tags?post=86919"}],"curies":[{"name":"wp","href":"https:\/\/api.w.org\/{rel}","templated":true}]}}