{"id":86945,"date":"2026-09-02T17:28:55","date_gmt":"2026-09-02T15:28:55","guid":{"rendered":"https:\/\/edublog.educastur.es\/ixuxu\/?p=86945"},"modified":"2026-09-02T21:30:30","modified_gmt":"2026-09-02T19:30:30","slug":"osos-mores-y-ablanes","status":"publish","type":"post","link":"https:\/\/edublog.educastur.es\/ixuxu\/2026\/09\/osos-mores-y-ablanes\/","title":{"rendered":"Osos, mores y ablanes&#8230;"},"content":{"rendered":"<p>\ud83d\udc3b <strong>Osos, mores y ablanes<\/strong>.\u00a0 Y\u00e1 sabemos que si hai daqu\u00e9 que los osos cant\u00e1bricos saben faer bien ye aprovechar tolo ricu que da&#8217;l monte y angua\u00f1o\u2026 \u00a1la temporada vien cargada! Les ablanes \ud83c\udf30 y\u00e1 t\u00e1n llistes, abondo antes de lo habitual, y esta familia nun paez dispuesta a esperar. Tami\u00e9n lleguen les mores porque si t\u00e1n madures y al algame\u2026 \u00bfqui\u00e9n diz que non?<\/p>\n<p style=\"text-align: center\">\n<!-- iframe plugin v.6.0 wordpress.org\/plugins\/iframe\/ -->\n<iframe loading=\"lazy\" src=\"https:\/\/www.facebook.com\/plugins\/video.php?height=314&#038;href=https%3A%2F%2Fwww.facebook.com%2Freel%2F1789489075520924%2F&#038;show_text=false&#038;width=560&#038;t=0\" width=\"560\" height=\"314\" style=\"border:none;overflow:hidden\" scrolling=\"no\" frameborder=\"0\" allowfullscreen=\"true\" allow=\"autoplay; clipboard-write; encrypted-media; picture-in-picture; web-share\" 0=\"\/iframe\" class=\"iframe-class\"><\/iframe>\n<\/p>\n<p style=\"text-align: center\">\nY el men\u00fa sigue creciendo: y\u00e1 reparemos dalg\u00fan osu comiendo tami\u00e9n<strong> abiyotes y fayucos.<\/strong> La seronda adelantr\u00f3se y angua\u00f1o los montes cant\u00e1bricos ufierten una gran collecha de frutos. Asina que los nuesos osos tienen una \u00fanica misi\u00f3n: sacar part\u00edu a esta aut\u00e9ntica despensa natural. Anque <strong>dempu\u00e9s d&#8217;asemeyada llacuada tami\u00e9n toca hidratarse.<\/strong> Ma tener claro, un bon tragu y a siguir. El peque\u00f1u, sicas\u00ed, tien otra idea, porque beber ta bien, \u00a1pero un chapuz\u00f3n ta muncho meyor! \ud83d\udc3b\ud83d\udca6 \ud83c\udfa5<span style=\"color: #008080\"><strong> Imaxes: Rafael Alba FOP \ud83c\udf99 Edici\u00f3n y son\u00edu: Carlos d&#8217;Hita<\/strong><\/span><\/p>\n","protected":false},"excerpt":{"rendered":"<p>\ud83d\udc3b Osos, mores y ablanes.\u00a0 Y\u00e1 sabemos que si hai daqu\u00e9 que los osos cant\u00e1bricos saben faer bien ye aprovechar tolo ricu que da&#8217;l monte y angua\u00f1o\u2026 \u00a1la temporada vien cargada! Les ablanes \ud83c\udf30 y\u00e1 t\u00e1n llistes, abondo antes de lo habitual, y esta familia nun paez dispuesta a esperar. Tami\u00e9n lleguen les mores porque [&hellip;]<\/p>\n","protected":false},"author":117,"featured_media":0,"comment_status":"closed","ping_status":"closed","sticky":false,"template":"","format":"standard","meta":{"footnotes":""},"categories":[1],"tags":[],"class_list":["post-86945","post","type-post","status-publish","format-standard","hentry","category-sin-categoria"],"_links":{"self":[{"href":"https:\/\/edublog.educastur.es\/ixuxu\/wp-json\/wp\/v2\/posts\/86945","targetHints":{"allow":["GET"]}}],"collection":[{"href":"https:\/\/edublog.educastur.es\/ixuxu\/wp-json\/wp\/v2\/posts"}],"about":[{"href":"https:\/\/edublog.educastur.es\/ixuxu\/wp-json\/wp\/v2\/types\/post"}],"author":[{"embeddable":true,"href":"https:\/\/edublog.educastur.es\/ixuxu\/wp-json\/wp\/v2\/users\/117"}],"replies":[{"embeddable":true,"href":"https:\/\/edublog.educastur.es\/ixuxu\/wp-json\/wp\/v2\/comments?post=86945"}],"version-history":[{"count":1,"href":"https:\/\/edublog.educastur.es\/ixuxu\/wp-json\/wp\/v2\/posts\/86945\/revisions"}],"predecessor-version":[{"id":86946,"href":"https:\/\/edublog.educastur.es\/ixuxu\/wp-json\/wp\/v2\/posts\/86945\/revisions\/86946"}],"wp:attachment":[{"href":"https:\/\/edublog.educastur.es\/ixuxu\/wp-json\/wp\/v2\/media?parent=86945"}],"wp:term":[{"taxonomy":"category","embeddable":true,"href":"https:\/\/edublog.educastur.es\/ixuxu\/wp-json\/wp\/v2\/categories?post=86945"},{"taxonomy":"post_tag","embeddable":true,"href":"https:\/\/edublog.educastur.es\/ixuxu\/wp-json\/wp\/v2\/tags?post=86945"}],"curies":[{"name":"wp","href":"https:\/\/api.w.org\/{rel}","templated":true}]}}