{"id":86949,"date":"2026-09-02T21:35:56","date_gmt":"2026-09-02T19:35:56","guid":{"rendered":"https:\/\/edublog.educastur.es\/ixuxu\/?p=86949"},"modified":"2026-09-02T21:40:00","modified_gmt":"2026-09-02T19:40:00","slug":"el-festival-delectronica-desembarca-esti-sabadu-nuvieu","status":"publish","type":"post","link":"https:\/\/edublog.educastur.es\/ixuxu\/2026\/09\/el-festival-delectronica-desembarca-esti-sabadu-nuvieu\/","title":{"rendered":"Elrow, festival de m\u00fasica electr\u00f3nica, desembarca per primer vegada n&#8217;Uvi\u00e9u"},"content":{"rendered":"<p>El festival d&#8217;electr\u00f3nica desembarca esti s\u00e1badu: un aforu de 11.000 persones y una puesta n&#8217;escena marcada polos personaxes, los globos y el surrealismu. <a href=\"https:\/\/www.lne.es\/oviedo\/2026\/09\/01\/locura-elrow-toma-oviedo-133854353.html?fbclid=IwY2xjawUFWcdwZG9mBWV4dG4DYWVtAjEwAHNydGMGYXBwX2lkEDIyMjAzOTE3ODgyMDA4OTIAAR5j40JpHyeBcdwdJW7oOdovoAYGIdaspARceoLlOQMA3qTJsxUt2ELGAaETCA_aem_1BvyKT0jdBX6GyQRHTefdw&amp;utm_campaign=mrf-facebook-lneoviedo&amp;utm_source=facebook&amp;utm_medium=social&amp;mrfcid=202609016a93728125f0945b0a0d26f2\">LNE<\/a><\/p>\n<p style=\"text-align: center\"><a href=\"https:\/\/assets.elrow.com\/elrow-vapor\/production\/illustration\/c3e1a35d-ea54-4ca0-b367-cb57297a49f4\"><img loading=\"lazy\" decoding=\"async\" class=\"aligncenter size-large\" src=\"https:\/\/assets.elrow.com\/elrow-vapor\/production\/illustration\/c3e1a35d-ea54-4ca0-b367-cb57297a49f4\" width=\"1080\" height=\"608\" \/><\/a><\/p>\n<p>Empieza la preparaci\u00f3n d&#8217;un universu dif\u00edcil d&#8217;esplicar: criatures fant\u00e1stiques, colores, globos, confeti, personaxes y una puesta n&#8217;escena pensada para viaxar a otru mundu. <strong><a href=\"https:\/\/elrow.com\/es\">Elrow<\/a>, festival de m\u00fasica electr\u00f3nica, desembarca per primer vegada n&#8217;Uvi\u00e9u<\/strong>, na cortil de La Er\u00eda, cola so propuesta de m\u00fasica, espect\u00e1culu y surrealismu esti s\u00e1badu.\u00a0 <a href=\"https:\/\/elrow.com\/es\">https:\/\/elrow.com\/es<\/a> \/ <a href=\"https:\/\/elrow.com\/es\/events\/1306\/oviedo-delusionville-09052026\">Entraes<\/a> \/<\/p>\n<p><!--more--><\/p>\n<p style=\"text-align: center\"><a href=\"https:\/\/estaticos-cdn.prensaiberica.es\/clip\/98ec9b31-6fbf-4dfa-906a-a1aeedd55bf6_16-9-discover-aspect-ratio_default_0_x1128y1042.webp\"><img loading=\"lazy\" decoding=\"async\" class=\"aligncenter size-large\" src=\"https:\/\/estaticos-cdn.prensaiberica.es\/clip\/98ec9b31-6fbf-4dfa-906a-a1aeedd55bf6_16-9-discover-aspect-ratio_default_0_x1128y1042.webp\" width=\"1200\" height=\"675\" \/><\/a><\/p>\n","protected":false},"excerpt":{"rendered":"<p>El festival d&#8217;electr\u00f3nica desembarca esti s\u00e1badu: un aforu de 11.000 persones y una puesta n&#8217;escena marcada polos personaxes, los globos y el surrealismu. LNE Empieza la preparaci\u00f3n d&#8217;un universu dif\u00edcil d&#8217;esplicar: criatures fant\u00e1stiques, colores, globos, confeti, personaxes y una puesta n&#8217;escena pensada para viaxar a otru mundu. Elrow, festival de m\u00fasica electr\u00f3nica, desembarca per primer [&hellip;]<\/p>\n","protected":false},"author":117,"featured_media":0,"comment_status":"closed","ping_status":"closed","sticky":false,"template":"","format":"standard","meta":{"footnotes":""},"categories":[204,35],"tags":[],"class_list":["post-86949","post","type-post","status-publish","format-standard","hentry","category-festivales","category-musica"],"_links":{"self":[{"href":"https:\/\/edublog.educastur.es\/ixuxu\/wp-json\/wp\/v2\/posts\/86949","targetHints":{"allow":["GET"]}}],"collection":[{"href":"https:\/\/edublog.educastur.es\/ixuxu\/wp-json\/wp\/v2\/posts"}],"about":[{"href":"https:\/\/edublog.educastur.es\/ixuxu\/wp-json\/wp\/v2\/types\/post"}],"author":[{"embeddable":true,"href":"https:\/\/edublog.educastur.es\/ixuxu\/wp-json\/wp\/v2\/users\/117"}],"replies":[{"embeddable":true,"href":"https:\/\/edublog.educastur.es\/ixuxu\/wp-json\/wp\/v2\/comments?post=86949"}],"version-history":[{"count":5,"href":"https:\/\/edublog.educastur.es\/ixuxu\/wp-json\/wp\/v2\/posts\/86949\/revisions"}],"predecessor-version":[{"id":86954,"href":"https:\/\/edublog.educastur.es\/ixuxu\/wp-json\/wp\/v2\/posts\/86949\/revisions\/86954"}],"wp:attachment":[{"href":"https:\/\/edublog.educastur.es\/ixuxu\/wp-json\/wp\/v2\/media?parent=86949"}],"wp:term":[{"taxonomy":"category","embeddable":true,"href":"https:\/\/edublog.educastur.es\/ixuxu\/wp-json\/wp\/v2\/categories?post=86949"},{"taxonomy":"post_tag","embeddable":true,"href":"https:\/\/edublog.educastur.es\/ixuxu\/wp-json\/wp\/v2\/tags?post=86949"}],"curies":[{"name":"wp","href":"https:\/\/api.w.org\/{rel}","templated":true}]}}