{"id":86959,"date":"2026-09-03T08:30:03","date_gmt":"2026-09-03T06:30:03","guid":{"rendered":"https:\/\/edublog.educastur.es\/ixuxu\/?p=86959"},"modified":"2026-09-02T21:47:55","modified_gmt":"2026-09-02T19:47:55","slug":"el-tiempu-el-comercio-378","status":"publish","type":"post","link":"https:\/\/edublog.educastur.es\/ixuxu\/2026\/09\/el-tiempu-el-comercio-378\/","title":{"rendered":"El tiempu (El Comercio)"},"content":{"rendered":"<p style=\"text-align: center\"><a href=\"https:\/\/s2.ppllstatics.com\/elcomercio\/www\/multimedia\/local\/2026\/09\/02\/prevision-tiempo-asturias.JPG\"><img loading=\"lazy\" decoding=\"async\" class=\"aligncenter size-large\" src=\"https:\/\/s2.ppllstatics.com\/elcomercio\/www\/multimedia\/local\/2026\/09\/02\/prevision-tiempo-asturias.JPG\" width=\"576\" height=\"401\" \/><\/a><\/p>\n<p>Prevense cielos estenos en tol Princip\u00e1u, anque con dellos bancos de borrina ma\u00f1aneru que se van estenar r\u00e1pido. Les temperatures van xubir ente 4 y 6 \u00baC respectu al mi\u00e9rcoles na mayor\u00eda de poblaciones polo que se van averar a los 30 \u00baC.<\/p>\n","protected":false},"excerpt":{"rendered":"<p>Prevense cielos estenos en tol Princip\u00e1u, anque con dellos bancos de borrina ma\u00f1aneru que se van estenar r\u00e1pido. Les temperatures van xubir ente 4 y 6 \u00baC respectu al mi\u00e9rcoles na mayor\u00eda de poblaciones polo que se van averar a los 30 \u00baC.<\/p>\n","protected":false},"author":117,"featured_media":0,"comment_status":"closed","ping_status":"closed","sticky":false,"template":"","format":"standard","meta":{"footnotes":""},"categories":[1],"tags":[],"class_list":["post-86959","post","type-post","status-publish","format-standard","hentry","category-sin-categoria"],"_links":{"self":[{"href":"https:\/\/edublog.educastur.es\/ixuxu\/wp-json\/wp\/v2\/posts\/86959","targetHints":{"allow":["GET"]}}],"collection":[{"href":"https:\/\/edublog.educastur.es\/ixuxu\/wp-json\/wp\/v2\/posts"}],"about":[{"href":"https:\/\/edublog.educastur.es\/ixuxu\/wp-json\/wp\/v2\/types\/post"}],"author":[{"embeddable":true,"href":"https:\/\/edublog.educastur.es\/ixuxu\/wp-json\/wp\/v2\/users\/117"}],"replies":[{"embeddable":true,"href":"https:\/\/edublog.educastur.es\/ixuxu\/wp-json\/wp\/v2\/comments?post=86959"}],"version-history":[{"count":1,"href":"https:\/\/edublog.educastur.es\/ixuxu\/wp-json\/wp\/v2\/posts\/86959\/revisions"}],"predecessor-version":[{"id":86960,"href":"https:\/\/edublog.educastur.es\/ixuxu\/wp-json\/wp\/v2\/posts\/86959\/revisions\/86960"}],"wp:attachment":[{"href":"https:\/\/edublog.educastur.es\/ixuxu\/wp-json\/wp\/v2\/media?parent=86959"}],"wp:term":[{"taxonomy":"category","embeddable":true,"href":"https:\/\/edublog.educastur.es\/ixuxu\/wp-json\/wp\/v2\/categories?post=86959"},{"taxonomy":"post_tag","embeddable":true,"href":"https:\/\/edublog.educastur.es\/ixuxu\/wp-json\/wp\/v2\/tags?post=86959"}],"curies":[{"name":"wp","href":"https:\/\/api.w.org\/{rel}","templated":true}]}}