{"id":86966,"date":"2026-09-02T09:29:57","date_gmt":"2026-09-02T07:29:57","guid":{"rendered":"https:\/\/edublog.educastur.es\/ixuxu\/?p=86966"},"modified":"2026-09-02T22:04:51","modified_gmt":"2026-09-02T20:04:51","slug":"1858-apagasel-primer-cable-tresatlanticu","status":"publish","type":"post","link":"https:\/\/edublog.educastur.es\/ixuxu\/2026\/09\/1858-apagasel-primer-cable-tresatlanticu\/","title":{"rendered":"1858: Ap\u00e1gase&#8217;l primer cable tresatl\u00e1nticu"},"content":{"rendered":"<p>Apenes un mes de serviciu. <a href=\"https:\/\/es.wikipedia.org\/wiki\/Cable_telegr\u00e1fico_transatl\u00e1ntico\"><strong>El primer cable telegr\u00e1ficu submar\u00edn ente Europa y Am\u00e9rica<\/strong><\/a>, tend\u00edu ente Irlanda y Terranova, dex\u00f3 de funcionar tres un usu intensivo y defectuoso que degrad\u00f3&#8217;l so aislamientu el\u00e9ctricu. Fuera present\u00e1u como una faza\u00f1a d&#8217;inxenier\u00eda: amenorgaba a minuto comunicaciones qu&#8217;antes tardaben selmanes per barcu.<\/p>\n<p style=\"text-align: center\"><a href=\"https:\/\/substackcdn.com\/image\/fetch\/$s_!xLZt!,f_auto,q_auto:good,fl_progressive:steep\/https%3A%2F%2Fsubstack-post-media.s3.amazonaws.com%2Fpublic%2Fimages%2F91db6148-12cd-470c-be9a-ed596201e33a_1376x768.jpeg\"><img loading=\"lazy\" decoding=\"async\" class=\"aligncenter size-large\" src=\"https:\/\/substackcdn.com\/image\/fetch\/$s_!xLZt!,f_auto,q_auto:good,fl_progressive:steep\/https%3A%2F%2Fsubstack-post-media.s3.amazonaws.com%2Fpublic%2Fimages%2F91db6148-12cd-470c-be9a-ed596201e33a_1376x768.jpeg\" width=\"1376\" height=\"768\" \/><\/a><\/p>\n<p><!--more--><\/p>\n<p>La so falla foi un golpe simb\u00f3licu pa el promotores del proyectu, ente ellos l&#8217;empresariu estadounidense Cyrus Field, quien tuvo d&#8217;esperar casi una d\u00e9cada pa llograr una conex\u00f3n estable.<strong> Reci\u00e9n en 1866 un nuevu cable, tend\u00edu con meyor tecnolox\u00eda d&#8217;aislamientu, xuni\u00f3 definitivamente dambos continentes de forma duradera y marc\u00f3 l&#8217;entamu real de les telecomunicaciones intercontinentales.<\/strong><\/p>\n<p style=\"text-align: center\"><a href=\"https:\/\/thumb.wikimedia.org\/wikipedia\/commons\/thumb\/7\/7c\/Transatlantic_submarine_cable_map.jpg\/1920px-Transatlantic_submarine_cable_map.jpg?utm_source=es.wikipedia.org&amp;utm_campaign=imageinfo&amp;utm_content=thumbnail\"><img loading=\"lazy\" decoding=\"async\" class=\"aligncenter size-large\" src=\"https:\/\/thumb.wikimedia.org\/wikipedia\/commons\/thumb\/7\/7c\/Transatlantic_submarine_cable_map.jpg\/1920px-Transatlantic_submarine_cable_map.jpg?utm_source=es.wikipedia.org&amp;utm_campaign=imageinfo&amp;utm_content=thumbnail\" width=\"1920\" height=\"756\" \/><\/a><\/p>\n<p style=\"text-align: center\"><a href=\"https:\/\/upload.wikimedia.org\/wikipedia\/commons\/1\/15\/Irl-ValentiaTelegraph.jpg?utm_source=es.wikipedia.org&amp;utm_campaign=imageinfo&amp;utm_content=thumbnail_unscaled\"><img loading=\"lazy\" decoding=\"async\" class=\"aligncenter size-large\" src=\"https:\/\/upload.wikimedia.org\/wikipedia\/commons\/1\/15\/Irl-ValentiaTelegraph.jpg?utm_source=es.wikipedia.org&amp;utm_campaign=imageinfo&amp;utm_content=thumbnail_unscaled\" width=\"640\" height=\"427\" \/><\/a><\/p>\n","protected":false},"excerpt":{"rendered":"<p>Apenes un mes de serviciu. El primer cable telegr\u00e1ficu submar\u00edn ente Europa y Am\u00e9rica, tend\u00edu ente Irlanda y Terranova, dex\u00f3 de funcionar tres un usu intensivo y defectuoso que degrad\u00f3&#8217;l so aislamientu el\u00e9ctricu. Fuera present\u00e1u como una faza\u00f1a d&#8217;inxenier\u00eda: amenorgaba a minuto comunicaciones qu&#8217;antes tardaben selmanes per barcu.<\/p>\n","protected":false},"author":117,"featured_media":0,"comment_status":"closed","ping_status":"closed","sticky":false,"template":"","format":"standard","meta":{"footnotes":""},"categories":[107],"tags":[],"class_list":["post-86966","post","type-post","status-publish","format-standard","hentry","category-aniversariu"],"_links":{"self":[{"href":"https:\/\/edublog.educastur.es\/ixuxu\/wp-json\/wp\/v2\/posts\/86966","targetHints":{"allow":["GET"]}}],"collection":[{"href":"https:\/\/edublog.educastur.es\/ixuxu\/wp-json\/wp\/v2\/posts"}],"about":[{"href":"https:\/\/edublog.educastur.es\/ixuxu\/wp-json\/wp\/v2\/types\/post"}],"author":[{"embeddable":true,"href":"https:\/\/edublog.educastur.es\/ixuxu\/wp-json\/wp\/v2\/users\/117"}],"replies":[{"embeddable":true,"href":"https:\/\/edublog.educastur.es\/ixuxu\/wp-json\/wp\/v2\/comments?post=86966"}],"version-history":[{"count":2,"href":"https:\/\/edublog.educastur.es\/ixuxu\/wp-json\/wp\/v2\/posts\/86966\/revisions"}],"predecessor-version":[{"id":86968,"href":"https:\/\/edublog.educastur.es\/ixuxu\/wp-json\/wp\/v2\/posts\/86966\/revisions\/86968"}],"wp:attachment":[{"href":"https:\/\/edublog.educastur.es\/ixuxu\/wp-json\/wp\/v2\/media?parent=86966"}],"wp:term":[{"taxonomy":"category","embeddable":true,"href":"https:\/\/edublog.educastur.es\/ixuxu\/wp-json\/wp\/v2\/categories?post=86966"},{"taxonomy":"post_tag","embeddable":true,"href":"https:\/\/edublog.educastur.es\/ixuxu\/wp-json\/wp\/v2\/tags?post=86966"}],"curies":[{"name":"wp","href":"https:\/\/api.w.org\/{rel}","templated":true}]}}