{"id":86985,"date":"2026-09-02T09:31:32","date_gmt":"2026-09-02T07:31:32","guid":{"rendered":"https:\/\/edublog.educastur.es\/ixuxu\/?p=86985"},"modified":"2026-09-03T21:37:14","modified_gmt":"2026-09-03T19:37:14","slug":"1964-naz-keanu-reeves-actor-y-musicu-canadiense","status":"publish","type":"post","link":"https:\/\/edublog.educastur.es\/ixuxu\/2026\/09\/1964-naz-keanu-reeves-actor-y-musicu-canadiense\/","title":{"rendered":"1964: Naz Keanu Reeves, actor y m\u00fasicu canadiense"},"content":{"rendered":"<p>Del teatru canadiense a Neo. <a href=\"https:\/\/es.wikipedia.org\/wiki\/Keanu_Reeves\"><strong>Keanu Charles Reeves<\/strong><\/a> naci\u00f3 en Beirut el 2 de setiembre de 1964. La so carrera empez\u00f3 en producciones teatrales y televisives de Canad\u00e1 antes d&#8217;avanzar escontra&#8217;l cine internacional mientres la d\u00e9cada de 1980.<\/p>\n<p style=\"text-align: center\"><a href=\"https:\/\/substackcdn.com\/image\/fetch\/$s_!90po!,f_auto,q_auto:good,fl_progressive:steep\/https%3A%2F%2Fsubstack-post-media.s3.amazonaws.com%2Fpublic%2Fimages%2F6816070e-3536-4dc8-a236-3b40b8fa8985_1376x768.jpeg\"><img loading=\"lazy\" decoding=\"async\" class=\"aligncenter size-large\" src=\"https:\/\/substackcdn.com\/image\/fetch\/$s_!90po!,f_auto,q_auto:good,fl_progressive:steep\/https%3A%2F%2Fsubstack-post-media.s3.amazonaws.com%2Fpublic%2Fimages%2F6816070e-3536-4dc8-a236-3b40b8fa8985_1376x768.jpeg\" width=\"1376\" height=\"768\" \/><\/a><\/p>\n<p><!--more--><\/p>\n<p>Particip\u00f3 en pel\u00edcules como La mio Idaho priv\u00e1u, Puntu llende y M\u00e1xima velocid\u00e1, producci\u00f3n de 1994 que lo convirti\u00f3 nuna figura reconocida del cine comercial.<\/p>\n<p style=\"text-align: center\"><a href=\"https:\/\/pbs.twimg.com\/media\/HROOH52bYAAIKbg?format=webp&amp;name=medium\"><img loading=\"lazy\" decoding=\"async\" class=\"aligncenter size-large\" src=\"https:\/\/pbs.twimg.com\/media\/HROOH52bYAAIKbg?format=webp&amp;name=medium\" width=\"900\" height=\"1200\" \/><\/a><\/p>\n<p>&nbsp;<\/p>\n<p style=\"text-align: center\">\n<!-- iframe plugin v.6.0 wordpress.org\/plugins\/iframe\/ -->\n<iframe loading=\"lazy\" src=\"https:\/\/www.facebook.com\/plugins\/post.php?href=https%3A%2F%2Fwww.facebook.com%2FHISTORYLatam%2Fposts%2Fpfbid02F989B4HzaFLsSEBQFBQkQMjP3m4xqyphPxkf8biQ4bs7pUYQjHFhR3W2huUjmzdZl&#038;show_text=false&#038;width=500\" width=\"500\" height=\"498\" style=\"border:none;overflow:hidden\" scrolling=\"no\" frameborder=\"0\" allowfullscreen=\"true\" allow=\"autoplay; clipboard-write; encrypted-media; picture-in-picture; web-share\" 0=\"\/iframe\" class=\"iframe-class\"><\/iframe>\n<\/p>\n<p>Cinco a\u00f1os dempu\u00e9s interpret\u00f3 a Neo en Matrix, papel que defini\u00f3 una etapa central de el so trayectoria y venceyar con una de les franquicies de ciencia ficci\u00f3n m\u00e1s influyentes del cine contemporaneu. <strong>Reeves tami\u00e9n desenvolvi\u00f3 activid\u00e1 como m\u00fasicu, productor y director. <\/strong><\/p>\n<p style=\"text-align: center\"><a href=\"https:\/\/encrypted-tbn0.gstatic.com\/images?q=tbn:ANd9GcS-p4mPHu1qlKT6BE0EszNuzCYHjhx3ugcreHc3HyP375xulTUaKt8fWLur&amp;s=10\"><img loading=\"lazy\" decoding=\"async\" class=\"aligncenter size-large\" src=\"https:\/\/encrypted-tbn0.gstatic.com\/images?q=tbn:ANd9GcS-p4mPHu1qlKT6BE0EszNuzCYHjhx3ugcreHc3HyP375xulTUaKt8fWLur&amp;s=10\" width=\"447\" height=\"447\" \/><\/a><\/p>\n<p>Particip\u00f3 darr\u00e9u nes pel\u00edcules de John Wick, empecipiaes en 2014, onde interpret\u00f3 al personaxe protagonista. La so nacencia na capital del Ll\u00edbano asocedi\u00f3&#8217;l 2 de setiembre de 1964.<\/p>\n<p style=\"text-align: center\"><a href=\"https:\/\/encrypted-tbn0.gstatic.com\/images?q=tbn:ANd9GcSX-Mjc20emWs3S84dySwSoxB5ylmIxqXukKOtRfHD7iSTdyEBpse1r3OE&amp;s=10\"><img loading=\"lazy\" decoding=\"async\" class=\"aligncenter size-large\" src=\"https:\/\/encrypted-tbn0.gstatic.com\/images?q=tbn:ANd9GcSX-Mjc20emWs3S84dySwSoxB5ylmIxqXukKOtRfHD7iSTdyEBpse1r3OE&amp;s=10\" width=\"447\" height=\"447\" \/><\/a><\/p>\n<p>La so trayectoria cinematogr\u00e1fica abarca m\u00e1s de cuatro d\u00e9cades y recibi\u00f3 diverses reconocencies pol so trabayu nel cine. En 2020, The New York Times clasificar como&#8217;l cuartu <strong>meyor actor del sieglu XXI<\/strong>, y en 2022 la revista Time nomar una de les 100 persones m\u00e1s influyentes del mundu. Ye conoc\u00edu polos sos papeles protag\u00f3nicos en pel\u00edcules d&#8217;acci\u00f3n, la so atenta imaxe p\u00fablica y los sos esfuerzos filantr\u00f3picos.<\/p>\n","protected":false},"excerpt":{"rendered":"<p>Del teatru canadiense a Neo. Keanu Charles Reeves naci\u00f3 en Beirut el 2 de setiembre de 1964. La so carrera empez\u00f3 en producciones teatrales y televisives de Canad\u00e1 antes d&#8217;avanzar escontra&#8217;l cine internacional mientres la d\u00e9cada de 1980.<\/p>\n","protected":false},"author":117,"featured_media":0,"comment_status":"closed","ping_status":"closed","sticky":false,"template":"","format":"standard","meta":{"footnotes":""},"categories":[107,299],"tags":[],"class_list":["post-86985","post","type-post","status-publish","format-standard","hentry","category-aniversariu","category-cine"],"_links":{"self":[{"href":"https:\/\/edublog.educastur.es\/ixuxu\/wp-json\/wp\/v2\/posts\/86985","targetHints":{"allow":["GET"]}}],"collection":[{"href":"https:\/\/edublog.educastur.es\/ixuxu\/wp-json\/wp\/v2\/posts"}],"about":[{"href":"https:\/\/edublog.educastur.es\/ixuxu\/wp-json\/wp\/v2\/types\/post"}],"author":[{"embeddable":true,"href":"https:\/\/edublog.educastur.es\/ixuxu\/wp-json\/wp\/v2\/users\/117"}],"replies":[{"embeddable":true,"href":"https:\/\/edublog.educastur.es\/ixuxu\/wp-json\/wp\/v2\/comments?post=86985"}],"version-history":[{"count":3,"href":"https:\/\/edublog.educastur.es\/ixuxu\/wp-json\/wp\/v2\/posts\/86985\/revisions"}],"predecessor-version":[{"id":87129,"href":"https:\/\/edublog.educastur.es\/ixuxu\/wp-json\/wp\/v2\/posts\/86985\/revisions\/87129"}],"wp:attachment":[{"href":"https:\/\/edublog.educastur.es\/ixuxu\/wp-json\/wp\/v2\/media?parent=86985"}],"wp:term":[{"taxonomy":"category","embeddable":true,"href":"https:\/\/edublog.educastur.es\/ixuxu\/wp-json\/wp\/v2\/categories?post=86985"},{"taxonomy":"post_tag","embeddable":true,"href":"https:\/\/edublog.educastur.es\/ixuxu\/wp-json\/wp\/v2\/tags?post=86985"}],"curies":[{"name":"wp","href":"https:\/\/api.w.org\/{rel}","templated":true}]}}