{"id":86988,"date":"2026-09-02T09:31:02","date_gmt":"2026-09-02T07:31:02","guid":{"rendered":"https:\/\/edublog.educastur.es\/ixuxu\/?p=86988"},"modified":"2026-09-02T22:34:40","modified_gmt":"2026-09-02T20:34:40","slug":"1966-naz-salma-hayek-actriz-y-productora-de-cine-mexicana","status":"publish","type":"post","link":"https:\/\/edublog.educastur.es\/ixuxu\/2026\/09\/1966-naz-salma-hayek-actriz-y-productora-de-cine-mexicana\/","title":{"rendered":"1966: Naz Salma Hayek, actriz y productora de cine mexicana"},"content":{"rendered":"<p><a href=\"https:\/\/es.wikipedia.org\/wiki\/Salma_Hayek\"><strong>Salma Valgarma Hayek<\/strong> <\/a>Jim\u00e9nez naci\u00f3 en Coatzacoalcos, Veracruz, el 2 de setiembre de 1966. Empez\u00f3 la so carrera profesional en M\u00e9xico y algam\u00f3 notoried\u00e1 cola telenovela Teresa, emitida ente 1989 y 1991. Darr\u00e9u tresllad\u00f3se a Estaos Xun\u00edos y construy\u00f3 una trayectoria cinematogr\u00e1fica qu&#8217;incluy\u00f3 t\u00edtulos como Desperado, Del tapecer a l&#8217;amanecida y Wild Wild West.<\/p>\n<p style=\"text-align: center\"><a href=\"https:\/\/substackcdn.com\/image\/fetch\/$s_!fPuC!,f_auto,q_auto:good,fl_progressive:steep\/https%3A%2F%2Fsubstack-post-media.s3.amazonaws.com%2Fpublic%2Fimages%2F902142e3-c784-4015-acd8-3ed0e0363b4d_1376x768.jpeg\"><img loading=\"lazy\" decoding=\"async\" class=\"aligncenter size-large\" src=\"https:\/\/substackcdn.com\/image\/fetch\/$s_!fPuC!,f_auto,q_auto:good,fl_progressive:steep\/https%3A%2F%2Fsubstack-post-media.s3.amazonaws.com%2Fpublic%2Fimages%2F902142e3-c784-4015-acd8-3ed0e0363b4d_1376x768.jpeg\" width=\"1376\" height=\"768\" \/><\/a><\/p>\n<p><!--more--><\/p>\n<p style=\"text-align: center\"><a href=\"https:\/\/thumb.wikimedia.org\/wikipedia\/commons\/thumb\/2\/28\/Salma_Hayek_by_Gage_Skidmore_2.jpg\/960px-Salma_Hayek_by_Gage_Skidmore_2.jpg?utm_source=es.wikipedia.org&amp;utm_campaign=imageinfo&amp;utm_content=thumbnail\"><img loading=\"lazy\" decoding=\"async\" class=\"aligncenter \" src=\"https:\/\/thumb.wikimedia.org\/wikipedia\/commons\/thumb\/2\/28\/Salma_Hayek_by_Gage_Skidmore_2.jpg\/960px-Salma_Hayek_by_Gage_Skidmore_2.jpg?utm_source=es.wikipedia.org&amp;utm_campaign=imageinfo&amp;utm_content=thumbnail\" width=\"470\" height=\"614\" \/><\/a><\/p>\n<p>En 2002 produci\u00f3 y protagoniz\u00f3 Frida, <span style=\"text-decoration: underline\"><a href=\"https:\/\/es.wikipedia.org\/wiki\/Frida\">pel\u00edcula basada na vida de la pintora mexicana<\/a><\/span> <a href=\"https:\/\/es.wikipedia.org\/wiki\/Frida_Kahlo\"><strong>Frida Kahlo<\/strong><\/a>. La so interpretaci\u00f3n vali\u00f3-y una nominaci\u00f3n al premiu <strong>Oscar como meyor actriz<\/strong>, convirti\u00e9ndose na primer actriz mexicana nomada nesa categor\u00eda.<\/p>\n<p style=\"text-align: center\"><a href=\"https:\/\/www.infobae.com\/resizer\/v2\/2NFVPDXSR5DDHASH4JOFYVSCIE.jpg?auth=15b92a1621bee80a0f3f7e61fdbf99d8e40f2fe78bffc2f47d3cdb2516526707&amp;smart=true&amp;width=992&amp;height=744&amp;quality=85\"><img loading=\"lazy\" decoding=\"async\" class=\"aligncenter size-large\" src=\"https:\/\/www.infobae.com\/resizer\/v2\/2NFVPDXSR5DDHASH4JOFYVSCIE.jpg?auth=15b92a1621bee80a0f3f7e61fdbf99d8e40f2fe78bffc2f47d3cdb2516526707&amp;smart=true&amp;width=992&amp;height=744&amp;quality=85\" width=\"992\" height=\"744\" \/><\/a><\/p>\n<p>Hayek tami\u00e9n desenvolvi\u00f3 activid\u00e1 como productora de televisi\u00f3n y cine, con trabayos venceyaos a proyectos de ficci\u00f3n y adaptaci\u00f3n lliteraria. Naci\u00f3&#8217;l 2 de setiembre de 1966 nel est\u00e1u mexicanu de Veracruz.<\/p>\n","protected":false},"excerpt":{"rendered":"<p>Salma Valgarma Hayek Jim\u00e9nez naci\u00f3 en Coatzacoalcos, Veracruz, el 2 de setiembre de 1966. Empez\u00f3 la so carrera profesional en M\u00e9xico y algam\u00f3 notoried\u00e1 cola telenovela Teresa, emitida ente 1989 y 1991. Darr\u00e9u tresllad\u00f3se a Estaos Xun\u00edos y construy\u00f3 una trayectoria cinematogr\u00e1fica qu&#8217;incluy\u00f3 t\u00edtulos como Desperado, Del tapecer a l&#8217;amanecida y Wild Wild West.<\/p>\n","protected":false},"author":117,"featured_media":0,"comment_status":"closed","ping_status":"closed","sticky":false,"template":"","format":"standard","meta":{"footnotes":""},"categories":[107,299],"tags":[],"class_list":["post-86988","post","type-post","status-publish","format-standard","hentry","category-aniversariu","category-cine"],"_links":{"self":[{"href":"https:\/\/edublog.educastur.es\/ixuxu\/wp-json\/wp\/v2\/posts\/86988","targetHints":{"allow":["GET"]}}],"collection":[{"href":"https:\/\/edublog.educastur.es\/ixuxu\/wp-json\/wp\/v2\/posts"}],"about":[{"href":"https:\/\/edublog.educastur.es\/ixuxu\/wp-json\/wp\/v2\/types\/post"}],"author":[{"embeddable":true,"href":"https:\/\/edublog.educastur.es\/ixuxu\/wp-json\/wp\/v2\/users\/117"}],"replies":[{"embeddable":true,"href":"https:\/\/edublog.educastur.es\/ixuxu\/wp-json\/wp\/v2\/comments?post=86988"}],"version-history":[{"count":5,"href":"https:\/\/edublog.educastur.es\/ixuxu\/wp-json\/wp\/v2\/posts\/86988\/revisions"}],"predecessor-version":[{"id":86993,"href":"https:\/\/edublog.educastur.es\/ixuxu\/wp-json\/wp\/v2\/posts\/86988\/revisions\/86993"}],"wp:attachment":[{"href":"https:\/\/edublog.educastur.es\/ixuxu\/wp-json\/wp\/v2\/media?parent=86988"}],"wp:term":[{"taxonomy":"category","embeddable":true,"href":"https:\/\/edublog.educastur.es\/ixuxu\/wp-json\/wp\/v2\/categories?post=86988"},{"taxonomy":"post_tag","embeddable":true,"href":"https:\/\/edublog.educastur.es\/ixuxu\/wp-json\/wp\/v2\/tags?post=86988"}],"curies":[{"name":"wp","href":"https:\/\/api.w.org\/{rel}","templated":true}]}}