{"id":87017,"date":"2026-09-03T10:05:22","date_gmt":"2026-09-03T08:05:22","guid":{"rendered":"https:\/\/edublog.educastur.es\/ixuxu\/?p=87017"},"modified":"2026-09-04T12:47:50","modified_gmt":"2026-09-04T10:47:50","slug":"87017","status":"publish","type":"post","link":"https:\/\/edublog.educastur.es\/ixuxu\/2026\/09\/87017\/","title":{"rendered":"Dex\u00f3nos Gloria Steinem, referente del movimientu feminista"},"content":{"rendered":"<div class=\"xdj266r x14z9mp xat24cr x1lziwak x1vvkbs x126k92a\">\n<div dir=\"auto\">DEP<a href=\"https:\/\/es.wikipedia.org\/wiki\/Gloria_Steinem\"><strong> Gloria Steinem<\/strong><\/a> <span class=\"html-span xexx8yu xyri2b x18d9i69 x1c1uobl x1hl2dhg x16tdsg8 x1vvkbs x3nfvp2 x1j61x8r x1fcty0u xdj266r xat24cr xm2jcoa x1mpyi22 xxymvpz xlup9mm x1kky2od\"><img loading=\"lazy\" decoding=\"async\" class=\"xz74otr x15mokao x1ga7v0g x16uus16 xbiv7yw\" src=\"https:\/\/static.xx.fbcdn.net\/images\/emoji.php\/v9\/t0\/1\/16\/1f5a4.png\" alt=\"\ud83d\udda4\" width=\"16\" height=\"16\" \/><\/span> <a class=\"x1i10hfl xjbqb8w x1ejq31n x18oe1m7 x1sy0etr xstzfhl x972fbf x10w94by x1qhh985 x14e42zd x9f619 x1ypdohk xt0psk2 x3ct3a4 xdj266r x14z9mp xat24cr x1lziwak xexx8yu xyri2b x18d9i69 x1c1uobl x16tdsg8 x1hl2dhg xggy1nq x1a2a7pz notranslate _a6hd\" role=\"link\" href=\"https:\/\/www.instagram.com\/gloriasteinem\/\">@gloriasteinem<\/a> \/ <a href=\"https:\/\/www.fpa.es\/es\/premios-princesa-de-asturias\/premiados\/2021-gloria-steinem\/?texto=discurso\"><strong>Premiu Princesa d&#8217;Asturies de Comunicaci\u00f3n y Humanidaes 2021<\/strong><\/a>. Foi \u00a0una periodista y escritora estadounidense d&#8217;orixe xud\u00edu, considerada <strong>iconu del periodismu nel so pa\u00eds<\/strong>, seg\u00fan <strong>una activista de los derechos de la muyer<\/strong> referente del movimientu feminista estadounidense a finales de 1960 y principios de 1970. <em><a href=\"https:\/\/www.gloriasteinem.com\">https:\/\/www.gloriasteinem.com<\/a><\/em><\/div>\n<div dir=\"auto\" style=\"text-align: center\"><a href=\"https:\/\/phantom-telva.uecdn.es\/5bb39076592b79d525a9cfe37567f1d4\/resize\/828\/f\/jpg\/assets\/multimedia\/imagenes\/2021\/10\/22\/16349278349203.jpg\"><img loading=\"lazy\" decoding=\"async\" class=\"aligncenter size-large\" src=\"https:\/\/phantom-telva.uecdn.es\/5bb39076592b79d525a9cfe37567f1d4\/resize\/828\/f\/jpg\/assets\/multimedia\/imagenes\/2021\/10\/22\/16349278349203.jpg\" width=\"828\" height=\"552\" \/><\/a><\/div>\n<div dir=\"auto\"><\/div>\n<\/div>\n<div dir=\"auto\" style=\"text-align: center\"><img loading=\"lazy\" decoding=\"async\" class=\"xz74otr x15mokao x1ga7v0g x16uus16 xbiv7yw\" src=\"https:\/\/static.xx.fbcdn.net\/images\/emoji.php\/v9\/t96\/1\/16\/1f49c.png\" alt=\"\ud83d\udc9c\" width=\"16\" height=\"16\" \/><span style=\"color: #008080\"><em><span style=\"font-size: 24px\">\u00abFeminista ye cualesquier que reconoza la iguald\u00e1 y<\/span><\/em><\/span><\/div>\n<div class=\"x14z9mp xat24cr x1lziwak x1vvkbs xtlvy1s x126k92a\">\n<div dir=\"auto\" style=\"text-align: center\"><span class=\"html-span xexx8yu xyri2b x18d9i69 x1c1uobl x1hl2dhg x16tdsg8 x1vvkbs x3nfvp2 x1j61x8r x1fcty0u xdj266r xat24cr xm2jcoa x1mpyi22 xxymvpz xlup9mm x1kky2od\"><span style=\"color: #008080\"><em><span style=\"font-size: 24px\">la plena humanid\u00e1 en muyeres y homes\u00bb.<\/span><\/em><\/span><\/span><\/div>\n<div dir=\"auto\"><\/div>\n<div dir=\"auto\" style=\"text-align: center\">Gloria Steinem: <span class=\"html-span xdj266r x14z9mp xat24cr x1lziwak xexx8yu xyri2b x18d9i69 x1c1uobl x1hl2dhg x16tdsg8 x1vvkbs\"><a class=\"x1i10hfl xjbqb8w x1ejq31n x18oe1m7 x1sy0etr xstzfhl x972fbf x10w94by x1qhh985 x14e42zd x9f619 x1ypdohk xt0psk2 x3ct3a4 xdj266r x14z9mp xat24cr x1lziwak xexx8yu xyri2b x18d9i69 x1c1uobl x16tdsg8 x1hl2dhg xggy1nq x1a2a7pz xkrqix3 x1sur9pj x1fey0fg x1s688f\" role=\"link\" href=\"https:\/\/bit.ly\/GloriaSteinem2021?fbclid=IwcGRvZgVleHRuA2FlbQIxMABzcnRjBmFwcF9pZBAyMjIwMzkxNzg4MjAwODkyAAEeOaIFDlacq1cnO2cq8TH992twWXVz0eWxmTtsdKhTPuCFBIddECXbmJdQI34_aem_Y_aBlsSXLB5YHGz6R-zwGw\" target=\"_blank\" rel=\"nofollow noopener noreferrer\">https:\/\/bit.ly\/GloriaSteinem2021<\/a><\/span><\/div>\n<\/div>\n<p><!--more--><\/p>\n<p><a href=\"https:\/\/www.fpa.es\/es\/premios-princesa-de-asturias\/premiados\/2021-gloria-steinem\/?texto=discurso\">https:\/\/www.fpa.es\/es\/premios-princesa-de-asturias\/premiados\/2021-gloria-steinem\/?texto=discurso<\/a><\/p>\n<p style=\"text-align: center\"><a href=\"https:\/\/www.rtpa.es\/fotos\/\/21\/10\/20211022191447_RTPA1354566.jpg\"><img loading=\"lazy\" decoding=\"async\" class=\"aligncenter size-large\" src=\"https:\/\/www.rtpa.es\/fotos\/\/21\/10\/20211022191447_RTPA1354566.jpg\" width=\"853\" height=\"480\" \/><\/a><\/p>\n<p style=\"text-align: center\"><span class=\"x193iq5w xeuugli x13faqbe x1vvkbs x1xmvt09 x1lliihq x1s928wv xhkezso x1gmr53x x1cpjm7i x1fgarty x1943h6x xudqn12 x3x7a5m x1f6kntn xvq8zen xo1l8bm xzsf02u\" dir=\"auto\"><span class=\"x193iq5w xeuugli x13faqbe x1vvkbs xt0psk2 x1i0vuye xvs91rp xo1l8bm x5n08af x10wh9bi xpm28yp x8viiok x1o7cslx x126k92a\"><span class=\"html-span xexx8yu x4uap5 x18d9i69 xkhd6sd x1hl2dhg x16tdsg8 x1vvkbs x3nfvp2 x1j61x8r x1fcty0u xdj266r xat24cr xgzva0m xhhsvwb xxymvpz xlup9mm x1kky2od\">\n<!-- iframe plugin v.6.0 wordpress.org\/plugins\/iframe\/ -->\n<iframe loading=\"lazy\" src=\"https:\/\/www.instagram.com\/p\/B6I6YllBs48\/embed\" width=\"540\" height=\"690\" 0=\"\/iframe\" scrolling=\"yes\" class=\"iframe-class\" frameborder=\"0\"><\/iframe>\n<\/span><\/span><\/span><\/p>\n<ul>\n<li><a href=\"https:\/\/www.elmundo.es\/cultura\/literatura\/2021\/10\/19\/616d799021efa0cf598b45d0.html\">El Mundo<\/a> \/ <a href=\"https:\/\/www.cosmopolitan.com\/es\/famosos\/noticias-famosos\/a36495914\/gloria-steinem-frases-feminismo\/\"><strong>Frases<\/strong> <\/a>\/<\/li>\n<li><span class=\"html-span xdj266r x14z9mp xat24cr x1lziwak xexx8yu xyri2b x18d9i69 x1c1uobl x1hl2dhg x16tdsg8 x1vvkbs\"><a class=\"x1i10hfl xjbqb8w x1ejq31n x18oe1m7 x1sy0etr xstzfhl x972fbf x10w94by x1qhh985 x14e42zd x9f619 x1ypdohk xt0psk2 x3ct3a4 xdj266r x14z9mp xat24cr x1lziwak xexx8yu xyri2b x18d9i69 x1c1uobl x16tdsg8 x1hl2dhg xggy1nq x1a2a7pz xkrqix3 x1sur9pj x1fey0fg x1s688f\" role=\"link\" href=\"https:\/\/www.facebook.com\/hashtag\/gloriasteinem?__cft__[0]=AZjbk60z-eGhUj_qSW8pang23nb0tSEBOBWv4mETKpDpe6ygzln8e9E3LPCfgnCP6jndWALVHgzieNToVVa3jfn4-YCVBgA93ij9UW4DQKxiF-02-7_Pzg4J03wK_vVJ2_6DWXfFE_LnQl22hkgB&amp;__tn__=*NK-R\">#GloriaSteinem<\/a><\/span> <span class=\"html-span xdj266r x14z9mp xat24cr x1lziwak xexx8yu xyri2b x18d9i69 x1c1uobl x1hl2dhg x16tdsg8 x1vvkbs\"><a class=\"x1i10hfl xjbqb8w x1ejq31n x18oe1m7 x1sy0etr xstzfhl x972fbf x10w94by x1qhh985 x14e42zd x9f619 x1ypdohk xt0psk2 x3ct3a4 xdj266r x14z9mp xat24cr x1lziwak xexx8yu xyri2b x18d9i69 x1c1uobl x16tdsg8 x1hl2dhg xggy1nq x1a2a7pz xkrqix3 x1sur9pj x1fey0fg x1s688f\" role=\"link\" href=\"https:\/\/www.facebook.com\/hashtag\/feminismo?__cft__[0]=AZjbk60z-eGhUj_qSW8pang23nb0tSEBOBWv4mETKpDpe6ygzln8e9E3LPCfgnCP6jndWALVHgzieNToVVa3jfn4-YCVBgA93ij9UW4DQKxiF-02-7_Pzg4J03wK_vVJ2_6DWXfFE_LnQl22hkgB&amp;__tn__=*NK-R\">#Feminismo<\/a><\/span> <span class=\"html-span xdj266r x14z9mp xat24cr x1lziwak xexx8yu xyri2b x18d9i69 x1c1uobl x1hl2dhg x16tdsg8 x1vvkbs\"><a class=\"x1i10hfl xjbqb8w x1ejq31n x18oe1m7 x1sy0etr xstzfhl x972fbf x10w94by x1qhh985 x14e42zd x9f619 x1ypdohk xt0psk2 x3ct3a4 xdj266r x14z9mp xat24cr x1lziwak xexx8yu xyri2b x18d9i69 x1c1uobl x16tdsg8 x1hl2dhg xggy1nq x1a2a7pz xkrqix3 x1sur9pj x1fey0fg x1s688f\" role=\"link\" href=\"https:\/\/www.facebook.com\/hashtag\/historiadelasmujeres?__cft__[0]=AZjbk60z-eGhUj_qSW8pang23nb0tSEBOBWv4mETKpDpe6ygzln8e9E3LPCfgnCP6jndWALVHgzieNToVVa3jfn4-YCVBgA93ij9UW4DQKxiF-02-7_Pzg4J03wK_vVJ2_6DWXfFE_LnQl22hkgB&amp;__tn__=*NK-R\">#HistoriaDeLasMujeres<\/a><\/span> <span class=\"html-span xdj266r x14z9mp xat24cr x1lziwak xexx8yu xyri2b x18d9i69 x1c1uobl x1hl2dhg x16tdsg8 x1vvkbs\"><a class=\"x1i10hfl xjbqb8w x1ejq31n x18oe1m7 x1sy0etr xstzfhl x972fbf x10w94by x1qhh985 x14e42zd x9f619 x1ypdohk xt0psk2 x3ct3a4 xdj266r x14z9mp xat24cr x1lziwak xexx8yu xyri2b x18d9i69 x1c1uobl x16tdsg8 x1hl2dhg xggy1nq x1a2a7pz xkrqix3 x1sur9pj x1fey0fg x1s688f\" role=\"link\" href=\"https:\/\/www.facebook.com\/hashtag\/mujeresquehicieronhistoria?__cft__[0]=AZjbk60z-eGhUj_qSW8pang23nb0tSEBOBWv4mETKpDpe6ygzln8e9E3LPCfgnCP6jndWALVHgzieNToVVa3jfn4-YCVBgA93ij9UW4DQKxiF-02-7_Pzg4J03wK_vVJ2_6DWXfFE_LnQl22hkgB&amp;__tn__=*NK-R\">#MujeresQueHicieronHistoria<\/a><\/span> <span class=\"html-span xdj266r x14z9mp xat24cr x1lziwak xexx8yu xyri2b x18d9i69 x1c1uobl x1hl2dhg x16tdsg8 x1vvkbs\"><a class=\"x1i10hfl xjbqb8w x1ejq31n x18oe1m7 x1sy0etr xstzfhl x972fbf x10w94by x1qhh985 x14e42zd x9f619 x1ypdohk xt0psk2 x3ct3a4 xdj266r x14z9mp xat24cr x1lziwak xexx8yu xyri2b x18d9i69 x1c1uobl x16tdsg8 x1hl2dhg xggy1nq x1a2a7pz xkrqix3 x1sur9pj x1fey0fg x1s688f\" role=\"link\" href=\"https:\/\/www.facebook.com\/hashtag\/referentesfeministas?__cft__[0]=AZjbk60z-eGhUj_qSW8pang23nb0tSEBOBWv4mETKpDpe6ygzln8e9E3LPCfgnCP6jndWALVHgzieNToVVa3jfn4-YCVBgA93ij9UW4DQKxiF-02-7_Pzg4J03wK_vVJ2_6DWXfFE_LnQl22hkgB&amp;__tn__=*NK-R\">#ReferentesFeministas<\/a><\/span><\/li>\n<\/ul>\n<p style=\"text-align: center\"><a href=\"https:\/\/media-cldnry.s-nbcnews.com\/image\/upload\/newscms\/2016_05\/1407356\/rtr2br7e.jpg\"><img loading=\"lazy\" decoding=\"async\" class=\"aligncenter \" src=\"https:\/\/media-cldnry.s-nbcnews.com\/image\/upload\/newscms\/2016_05\/1407356\/rtr2br7e.jpg\" width=\"915\" height=\"610\" \/><\/a><\/p>\n<p><em><span style=\"color: #008080\">\u00abLa verdadera emancipaci\u00f3n de la muyer empieza na so mente\u00bb.<\/span><\/em><br \/>\n<em><span style=\"color: #008080\">\u00abEl poder nun ye p&#8217;apoderar a los dem\u00e1s, sin\u00f3n pa lliberar a toos\u00bb.<\/span><\/em><\/p>\n<p><em><span style=\"color: #008080\">\u00abLa iguald\u00e1 de x\u00e9neru nun significa que les muyeres tengan qu&#8217;abandonar la so femineid\u00e1, sin\u00f3n que puedan abrazala ensin ser llindaes por ella\u00bb.<\/span><\/em><\/p>\n<p><em><span style=\"color: #008080\">\u00abEl feminismu nun se trata solo de promover a les muyeres, tr\u00e1tase de lliberar a toos del estereotipu de x\u00e9neru\u00bb.<\/span><\/em><\/p>\n<p>&nbsp;<\/p>\n<p style=\"text-align: center\"><a href=\"https:\/\/imagenes.elpais.com\/resizer\/v2\/RGRGA6M3XBG5ZJBVV5XHMBLFFA.jpg?auth=6f573207b373f9f42f4348b73bb9429e4d0fae9c12712452b6502a083bcff77a&amp;width=1000\"><img loading=\"lazy\" decoding=\"async\" class=\"aligncenter size-large\" src=\"https:\/\/imagenes.elpais.com\/resizer\/v2\/RGRGA6M3XBG5ZJBVV5XHMBLFFA.jpg?auth=6f573207b373f9f42f4348b73bb9429e4d0fae9c12712452b6502a083bcff77a&amp;width=1000\" width=\"1000\" height=\"667\" \/><\/a><\/p>\n<p><a href=\"https:\/\/www.fpa.es\/es\/area-de-comunicacion-y-prensa\/notas-de-prensa\/gloria-steinem\">FPA nota prensa<\/a> \/ El xur\u00e1u alcord\u00f3 concede-y el galard\u00f3n por ser una <em><strong>\u00abreferencia ic\u00f3nica esencial del movimientu polos derechos de la muyer\u00bb. <\/strong>Gloria estim\u00f3&#8217;l premiu confesando que se sent\u00eda bien honrada, y dedic\u00f3 les siguientes palabres a la Fundaci\u00f3n Princesa d&#8217;Asturies: <strong>\u00abGracies por emponderar el trabayu cient\u00edficu, cultural, social y humanitariu que fai del nuesu mundu un llugar meyor. Toi deseyando que volvamos axuntanos en comunid\u00e1\u00bb.<\/strong><\/em><\/p>\n<p style=\"text-align: center\"><a href=\"https:\/\/scontent-bcn1-1.xx.fbcdn.net\/v\/t39.30808-6\/474646753_8789963894456450_3414753452293786846_n.jpg?stp=dst-jpg_tt6&amp;cstp=mx2008x1336&amp;ctp=s2008x1336&amp;_nc_cat=106&amp;ccb=1-7&amp;_nc_sid=f727a1&amp;_nc_ohc=cOpSbdxSS9QQ7kNvwHE0l1E&amp;_nc_oc=AdpS4TeOZam720OTdIKesWTTmTXAdn3DLBXJgvowty1rHHCyKE4GIVuqeDIt9eO6YFx-FwcP22mjRPzVL3bSXHtO&amp;_nc_zt=23&amp;_nc_ht=scontent-bcn1-1.xx&amp;_nc_gid=aN8PXFE-JAaNUiPaDNW1Lw&amp;_nc_ss=7b2a8&amp;oh=00_AQLqKaiM2k9dZmPFGnPHaLpGdBvQhxlWeVJRZI9yW8OblQ&amp;oe=6A9F5825\"><img loading=\"lazy\" decoding=\"async\" class=\"aligncenter size-large\" src=\"https:\/\/scontent-bcn1-1.xx.fbcdn.net\/v\/t39.30808-6\/474646753_8789963894456450_3414753452293786846_n.jpg?stp=dst-jpg_tt6&amp;cstp=mx2008x1336&amp;ctp=s2008x1336&amp;_nc_cat=106&amp;ccb=1-7&amp;_nc_sid=f727a1&amp;_nc_ohc=cOpSbdxSS9QQ7kNvwHE0l1E&amp;_nc_oc=AdpS4TeOZam720OTdIKesWTTmTXAdn3DLBXJgvowty1rHHCyKE4GIVuqeDIt9eO6YFx-FwcP22mjRPzVL3bSXHtO&amp;_nc_zt=23&amp;_nc_ht=scontent-bcn1-1.xx&amp;_nc_gid=aN8PXFE-JAaNUiPaDNW1Lw&amp;_nc_ss=7b2a8&amp;oh=00_AQLqKaiM2k9dZmPFGnPHaLpGdBvQhxlWeVJRZI9yW8OblQ&amp;oe=6A9F5825\" width=\"2008\" height=\"1336\" \/><\/a><\/p>\n<p>L&#8217;acta reflexa que \u00aba partir de los a\u00f1os sesenta l&#8217;activismu de Gloria Steinem, marc\u00e1u pola independencia y el rigor, foi motor d&#8217;una de les grandes revoluciones de la socied\u00e1 contemporanea. A lo llargo de seis d\u00e9cades el so s\u00f3lidu y perenal compromisu col feminismu, el so ponderaci\u00f3n y la so volunt\u00e1 d&#8217;incluyir toles voces impulsaron la iguald\u00e1 como uno de los valores fundamentales de la humanid\u00e1\u00bb.<\/p>\n<p style=\"text-align: center\"><a href=\"https:\/\/www.fpa.es\/resources\/img\/portal\/2026\/09\/03\/gloria-steinem-premio-princesa-de-asturias-de-comunicacion-y-humanidades-2021.webp\"><img loading=\"lazy\" decoding=\"async\" class=\"aligncenter size-large\" src=\"https:\/\/www.fpa.es\/resources\/img\/portal\/2026\/09\/03\/gloria-steinem-premio-princesa-de-asturias-de-comunicacion-y-humanidades-2021.webp\" width=\"1080\" height=\"582\" \/><\/a><\/p>\n<p><em><span style=\"color: #008080\">\u00abLa verd\u00e1 va lliberate, pero primeru t&#8217;enfurecer\u00e1\u00bb.<\/span><\/em><br \/>\n<em><span style=\"color: #008080\">\u00abFeminista ye cualesquier que reconoza la iguald\u00e1 y la plena humanid\u00e1 en muyeres y homes\u00bb.<\/span><\/em><br \/>\n<em><span style=\"color: #008080\">\u00abLes muyeres nun van ser iguales fora de la so casa hasta que los homes s\u00edan iguales nella\u00bb.<\/span><\/em><\/p>\n<p><span style=\"color: #008080\"><em><strong>\u00abEl feminismu nun ye una idea radical, ye la idea simple de que les muyeres tienen de ser trataes como seres humanos\u00bb.<\/strong><\/em><\/span><\/p>\n<p style=\"text-align: center\"><a href=\"https:\/\/i.ytimg.com\/vi\/bRvXl2M6aKc\/hq720.jpg?sqp=-oaymwEhCK4FEIIDSFryq4qpAxMIARUAAAAAGAElAADIQj0AgKJD&amp;rs=AOn4CLBKeimCadR2WKoxiMPHiCBQiZCVwg\"><img loading=\"lazy\" decoding=\"async\" class=\"aligncenter size-large\" src=\"https:\/\/i.ytimg.com\/vi\/bRvXl2M6aKc\/hq720.jpg?sqp=-oaymwEhCK4FEIIDSFryq4qpAxMIARUAAAAAGAElAADIQj0AgKJD&amp;rs=AOn4CLBKeimCadR2WKoxiMPHiCBQiZCVwg\" width=\"686\" height=\"386\" \/><\/a><\/p>\n<p><em><span style=\"color: #008080\">\u00abTenemos de recordar al travi\u00e9s de les xeneraciones qu&#8217;hai tantu qu&#8217;aprender, seg\u00fan ense\u00f1ar\u00bb.<\/span><\/em><br \/>\n<em><span style=\"color: #008080\">\u00abLa esperanza ye una emoci\u00f3n bien rebalba\u00bb.<\/span><\/em><br \/>\n<em><span style=\"color: #008080\">\u00abEmpecemos a criar a les nueses f\u00edes m\u00e1s como f\u00edos, pero pocos tienen el coraxe de criar a los sos f\u00edos m\u00e1s como f\u00edes\u00bb.<\/span><\/em><\/p>\n<p>&nbsp;<\/p>\n<p style=\"text-align: center\"><em><span style=\"color: #008080\"><a style=\"color: #008080\" href=\"https:\/\/www.fpa.es\/resources\/img\/portal\/2024\/03\/14\/gloria-steinem-con-el-publico.webp\"><img loading=\"lazy\" decoding=\"async\" class=\"aligncenter size-large\" src=\"https:\/\/www.fpa.es\/resources\/img\/portal\/2024\/03\/14\/gloria-steinem-con-el-publico.webp\" width=\"370\" height=\"250\" \/><\/a><\/span><\/em><\/p>\n<p><em><span style=\"color: #008080\">\u00abNun nacemos como muyeres, convert\u00edmonos nelles\u00bb.<\/span><\/em><br \/>\n<em><span style=\"color: #008080\">\u00abEl futuru depende dafechu de lo que cada unu de n\u00f3s faiga acald\u00eda. Un movimientu ye solo persones movi\u00e9ndose\u00bb.<\/span><\/em><\/p>\n<p><em><span style=\"color: #008080\">\u00abSi dices que toi a favor de la remuneraci\u00f3n igualitaria, ye una reforma; si dices que soi feminista, ye unu tresformamientu de la socied\u00e1\u00bb.<\/span><\/em><\/p>\n<p><em><span style=\"color: #008080\"><strong>\u00abEl feminismu nun ye nam\u00e1 para les muyeres. Ye para toos aquellos que creen na iguald\u00e1 y la xusticia\u00bb.<\/strong><\/span><\/em><\/p>\n<p style=\"text-align: center\"><span style=\"color: #008080\">\n<!-- iframe plugin v.6.0 wordpress.org\/plugins\/iframe\/ -->\n<iframe loading=\"lazy\" width=\"100%\" height=\"374\" src=\"https:\/\/www.youtube.com\/embed\/x3BoCjhtZRk\" title=\"Gloria Steinem, palabras que act\u00faan. Episodio 1.\" frameborder=\"0\" allow=\"accelerometer; autoplay; clipboard-write; encrypted-media; gyroscope; picture-in-picture; web-share\" referrerpolicy=\"strict-origin-when-cross-origin\" 0=\"allowfullscreen\" 1=\"\/iframe\" scrolling=\"yes\" class=\"iframe-class\"><\/iframe>\n<\/span><\/p>\n<p>&nbsp;<\/p>\n<p style=\"text-align: center\"><a href=\"https:\/\/i.natgeofe.com\/n\/7ab5a8da-a73d-4e94-8fce-006e3fc43c78\/02-gloria-steinem-difficult-women.jpg\"><img loading=\"lazy\" decoding=\"async\" class=\"aligncenter \" src=\"https:\/\/i.natgeofe.com\/n\/7ab5a8da-a73d-4e94-8fce-006e3fc43c78\/02-gloria-steinem-difficult-women.jpg\" width=\"713\" height=\"1057\" \/><\/a><\/p>\n<div class=\"x14z9mp xat24cr x1lziwak x1vvkbs xtlvy1s x126k92a\">\n<p><em><span style=\"color: #008080\">\u00abLa verdadera guapura anicia nel enfotu n&#8217;unu mesmu y na aceptaci\u00f3n d&#8217;unu mesmu\u00bb.<\/span><\/em><br \/>\n<em><span style=\"color: #008080\">\u00abLa \u00fanica forma de faer frente a la opresi\u00f3n ye alzando la voz\u00bb.<\/span><\/em><\/p>\n<p><em><span style=\"color: #008080\">\u00abNun podemos camudar lo que nun reconocemos. Y una vegada que reconocemos la inxusticia, nun podemos caltenenos en silenciu\u00bb.<\/span><\/em><br \/>\n<em><span style=\"color: #008080\">\u00abEl feminismu nun termin\u00f3, solo volvi\u00f3se m\u00e1s sutil y sofistic\u00e1u\u00bb.<\/span><\/em><br \/>\n<em><span style=\"color: #008080\"><strong>\u00abL&#8217;aceptaci\u00f3n de la nuesa diversid\u00e1 como seres humanos ye&#8217;l primer pasu escontra la iguald\u00e1\u00bb.<\/strong><\/span><\/em><\/p>\n<p><em><span style=\"color: #008080\">\u00abLos derechos humanos nun son una cuesti\u00f3n de ganar o perder, sin\u00f3n de vivir nuna socied\u00e1 xusta\u00bb.<\/span><\/em><br \/>\n<em><span style=\"color: #008080\">\u00abLes muyeres son axentes de camb\u00e9u, non dames n&#8217;espera\u00bb.<\/span><\/em><br \/>\n<em><span style=\"color: #008080\">\u00abLa verdadera llibert\u00e1 empieza cuando lliberamos de nueses mesmes llimitaciones y mieos\u00bb.<\/span><\/em><\/p>\n<p><em><span style=\"color: #008080\">\u00abEl feminismu ye la revoluci\u00f3n m\u00e1s poderosa que vimos na hestoria de la humanid\u00e1\u00bb.<\/span><\/em><br \/>\n<em><span style=\"color: #008080\">\u00abNun podemos lluchar pola iguald\u00e1 si nun tamos dispuestos a desafiar nueses mesmes creencies y prexuicios\u00bb.<\/span><\/em><br \/>\n<em><span style=\"color: #008080\">\u00abLa solidarid\u00e1 ente les muyeres ye una arma poderosa contra la opresi\u00f3n\u00bb.<\/span><\/em><\/p>\n<p style=\"text-align: center\">\n<!-- iframe plugin v.6.0 wordpress.org\/plugins\/iframe\/ -->\n<iframe loading=\"lazy\" src=\"https:\/\/www.facebook.com\/plugins\/post.php?href=https%3A%2F%2Fwww.facebook.com%2Fphoto.php%3Ffbid%3D4252141191572099%26set%3Da.4246807425438809%26type%3D3&#038;show_text=false&#038;width=500\" width=\"500\" height=\"696\" style=\"border:none;overflow:hidden\" scrolling=\"no\" frameborder=\"0\" allowfullscreen=\"true\" allow=\"autoplay; clipboard-write; encrypted-media; picture-in-picture; web-share\" 0=\"\/iframe\" class=\"iframe-class\"><\/iframe>\n<\/p>\n<p style=\"text-align: center\">\n<!-- iframe plugin v.6.0 wordpress.org\/plugins\/iframe\/ -->\n<iframe loading=\"lazy\" src=\"https:\/\/www.facebook.com\/plugins\/post.php?href=https%3A%2F%2Fwww.facebook.com%2Fonumujeres%2Fposts%2Fpfbid0bFi1CQuph654JzFywRfwicLPh6pRREn2AsaM1FCW7MwsHtTEEaAVo9GAWQsq2cNEl&#038;show_text=false&#038;width=500\" width=\"500\" height=\"498\" style=\"border:none;overflow:hidden\" scrolling=\"no\" frameborder=\"0\" allowfullscreen=\"true\" allow=\"autoplay; clipboard-write; encrypted-media; picture-in-picture; web-share\" 0=\"\/iframe\" class=\"iframe-class\"><\/iframe>\n<\/p>\n<\/div>\n","protected":false},"excerpt":{"rendered":"<p>DEP Gloria Steinem @gloriasteinem \/ Premiu Princesa d&#8217;Asturies de Comunicaci\u00f3n y Humanidaes 2021. Foi \u00a0una periodista y escritora estadounidense d&#8217;orixe xud\u00edu, considerada iconu del periodismu nel so pa\u00eds, seg\u00fan una activista de los derechos de la muyer referente del movimientu feminista estadounidense a finales de 1960 y principios de 1970. https:\/\/www.gloriasteinem.com \u00abFeminista ye cualesquier que [&hellip;]<\/p>\n","protected":false},"author":117,"featured_media":0,"comment_status":"closed","ping_status":"closed","sticky":false,"template":"","format":"standard","meta":{"footnotes":""},"categories":[162,137,28],"tags":[],"class_list":["post-87017","post","type-post","status-publish","format-standard","hentry","category-dep","category-igualda","category-premios-princesa-da"],"_links":{"self":[{"href":"https:\/\/edublog.educastur.es\/ixuxu\/wp-json\/wp\/v2\/posts\/87017","targetHints":{"allow":["GET"]}}],"collection":[{"href":"https:\/\/edublog.educastur.es\/ixuxu\/wp-json\/wp\/v2\/posts"}],"about":[{"href":"https:\/\/edublog.educastur.es\/ixuxu\/wp-json\/wp\/v2\/types\/post"}],"author":[{"embeddable":true,"href":"https:\/\/edublog.educastur.es\/ixuxu\/wp-json\/wp\/v2\/users\/117"}],"replies":[{"embeddable":true,"href":"https:\/\/edublog.educastur.es\/ixuxu\/wp-json\/wp\/v2\/comments?post=87017"}],"version-history":[{"count":13,"href":"https:\/\/edublog.educastur.es\/ixuxu\/wp-json\/wp\/v2\/posts\/87017\/revisions"}],"predecessor-version":[{"id":87160,"href":"https:\/\/edublog.educastur.es\/ixuxu\/wp-json\/wp\/v2\/posts\/87017\/revisions\/87160"}],"wp:attachment":[{"href":"https:\/\/edublog.educastur.es\/ixuxu\/wp-json\/wp\/v2\/media?parent=87017"}],"wp:term":[{"taxonomy":"category","embeddable":true,"href":"https:\/\/edublog.educastur.es\/ixuxu\/wp-json\/wp\/v2\/categories?post=87017"},{"taxonomy":"post_tag","embeddable":true,"href":"https:\/\/edublog.educastur.es\/ixuxu\/wp-json\/wp\/v2\/tags?post=87017"}],"curies":[{"name":"wp","href":"https:\/\/api.w.org\/{rel}","templated":true}]}}