{"id":87036,"date":"2026-09-05T09:00:56","date_gmt":"2026-09-05T07:00:56","guid":{"rendered":"https:\/\/edublog.educastur.es\/ixuxu\/?p=87036"},"modified":"2026-09-05T17:53:15","modified_gmt":"2026-09-05T15:53:15","slug":"dia-internacional-de-les-utres-o-buitres","status":"publish","type":"post","link":"https:\/\/edublog.educastur.es\/ixuxu\/2026\/09\/dia-internacional-de-les-utres-o-buitres\/","title":{"rendered":"D\u00eda Internacional de les utres o buitres"},"content":{"rendered":"<div class=\"xdj266r x14z9mp xat24cr x1lziwak x1vvkbs x126k92a\">\n<div dir=\"auto\"><span class=\"html-span xexx8yu xyri2b x18d9i69 x1c1uobl x1hl2dhg x16tdsg8 x1vvkbs x3nfvp2 x1j61x8r x1fcty0u xdj266r xat24cr xm2jcoa x1mpyi22 xxymvpz xlup9mm x1kky2od\">Cel\u00e9brase&#8217;l<strong> primer s\u00e1badu de setiembre<\/strong>. Anque paeza estra\u00f1u dedicar un d\u00eda enteru a un ave carro\u00f1era, lo cierto ye qu&#8217;esti p\u00e1xaru d&#8217;estra\u00f1a guapura ye unu de los m\u00e1s amenaciaos a nivel mundial.<img loading=\"lazy\" decoding=\"async\" class=\"xz74otr x15mokao x1ga7v0g x16uus16 xbiv7yw\" src=\"https:\/\/static.xx.fbcdn.net\/images\/emoji.php\/v9\/t94\/1\/16\/1f49a.png\" alt=\"\ud83d\udc9a\" width=\"16\" height=\"16\" \/><\/span> <a class=\"x1i10hfl xjbqb8w x1ejq31n x18oe1m7 x1sy0etr xstzfhl x972fbf x10w94by x1qhh985 x14e42zd x9f619 x1ypdohk xt0psk2 x3ct3a4 xdj266r x14z9mp xat24cr x1lziwak xexx8yu xyri2b x18d9i69 x1c1uobl x16tdsg8 x1hl2dhg xggy1nq x1a2a7pz xkrqix3 x1sur9pj x1fey0fg x1s688f\" role=\"link\" href=\"https:\/\/www.facebook.com\/hashtag\/d%C3%ADainternacionaldelosbuitres?__cft__[0]=AZgthkKEKGJW8yBIDN80mPHek7Ao7xGyMgMrbH7hbK5k10vsnmJQZGGQypa0dKOGLUCKTXSbF5DQswcDWNL5f0dwP-nI2LrE_OJ18v_edmBsfRtnygz8hX7TfzziPlELt1qmCw9mBMpodUg-hNJxHwjmMyRv9bHtEDcWIIN6&amp;__tn__=*NKH-R\">\u00a0#D\u00edaInternacionalDeLosBuitres<\/a><\/div>\n<div dir=\"auto\"><\/div>\n<\/div>\n<div dir=\"auto\" style=\"text-align: center\"><a href=\"https:\/\/pbs.twimg.com\/media\/HRcCga8WQAMVrcy?format=jpg&amp;name=large\"><img loading=\"lazy\" decoding=\"async\" class=\"aligncenter \" src=\"https:\/\/pbs.twimg.com\/media\/HRcCga8WQAMVrcy?format=jpg&amp;name=large\" width=\"665\" height=\"831\" \/><\/a><\/div>\n<div class=\"xdj266r x14z9mp xat24cr x1lziwak x1vvkbs x126k92a\">\n<div dir=\"auto\"><!--more--><\/div>\n<div dir=\"auto\"><span class=\"r-18u37iz\"><a class=\"css-1jxf684 r-bcqeeo r-1ttztb7 r-qvutc0 r-poiln3 r-1ny4l3l r-1ddef8g r-tjvw6i r-1loqt21\" dir=\"ltr\" role=\"link\" href=\"https:\/\/x.com\/hashtag\/D%C3%ADaInternacionalDeLosBuitres?src=hashtag_click\">#D\u00edaInternacionalDeLosBuitres<\/a><\/span> <span class=\"r-18u37iz\"><a class=\"css-1jxf684 r-bcqeeo r-1ttztb7 r-qvutc0 r-poiln3 r-1loqt21\" dir=\"ltr\" role=\"link\" href=\"https:\/\/x.com\/hashtag\/D%C3%ADaDeLosBuitres?src=hashtag_click\">#D\u00edaDeLosBuitres<\/a><\/span><\/div>\n<div dir=\"auto\" style=\"text-align: center\"><a href=\"https:\/\/pbs.twimg.com\/media\/HRcXg2fWwAAMlTZ?format=jpg&amp;name=4096x4096\"><img loading=\"lazy\" decoding=\"async\" class=\"aligncenter size-large\" src=\"https:\/\/pbs.twimg.com\/media\/HRcXg2fWwAAMlTZ?format=jpg&amp;name=4096x4096\" width=\"4096\" height=\"2048\" \/><\/a><\/div>\n<div dir=\"auto\"><\/div>\n<div dir=\"auto\" style=\"text-align: center\">\n<!-- iframe plugin v.6.0 wordpress.org\/plugins\/iframe\/ -->\n<iframe loading=\"lazy\" src=\"https:\/\/www.facebook.com\/plugins\/post.php?href=https%3A%2F%2Fwww.facebook.com%2Ffundacionbiodiversidad%2Fposts%2Fpfbid02srW5fSUa5p93eaTSfzmbkHiNgUpo46Q9FxvvVb7KYwqNrFL9bDEnQWsfUHB79sZrl&#038;show_text=false&#038;width=500\" width=\"500\" height=\"498\" style=\"border:none;overflow:hidden\" scrolling=\"no\" frameborder=\"0\" allowfullscreen=\"true\" allow=\"autoplay; clipboard-write; encrypted-media; picture-in-picture; web-share\" 0=\"\/iframe\" class=\"iframe-class\"><\/iframe>\n<\/div>\n<div dir=\"auto\" style=\"text-align: center\"><a href=\"https:\/\/pbs.twimg.com\/media\/E-Wnp65XMB0ygkA?format=jpg&amp;name=small\"><img loading=\"lazy\" decoding=\"async\" class=\"aligncenter size-large\" src=\"https:\/\/pbs.twimg.com\/media\/E-Wnp65XMB0ygkA?format=jpg&amp;name=small\" width=\"680\" height=\"680\" \/><\/a><\/div>\n<div dir=\"auto\" style=\"text-align: center\"><\/div>\n<\/div>\n<p><strong>Les utres\/buitres desempe\u00f1en un papel crucial nel mediu ambiente<\/strong>. Son aut\u00e9ntiques barreres naturales frente a munches enfermedaes. <a href=\"https:\/\/www.rtve.es\/play\/videos\/telediario-1\/buitre-especie-esencial-equilibrio-del-planeta\/5657260\/#Echobox=1599325384\"><strong>Programa RTVE<\/strong> <\/a>\/<\/p>\n<p style=\"text-align: center\"><a href=\"https:\/\/pbs.twimg.com\/media\/Dl_xx2JXoAI8e9R?format=jpg&amp;name=small\"><img loading=\"lazy\" decoding=\"async\" class=\"aligncenter size-large\" src=\"https:\/\/pbs.twimg.com\/media\/Dl_xx2JXoAI8e9R?format=jpg&amp;name=small\" width=\"680\" height=\"453\" \/><\/a><\/p>\n<p>Estes aves carro\u00f1eres alimentense de cadabres en descomposici\u00f3n, evitando posibles focos d&#8217;infecci\u00f3n. Al consumir r\u00e1pido la carro\u00f1a \ud83e\uddb4, contrib\u00fain al reciclaxe de nutrientes y amenorguen el riesgu d&#8217;espardimientu de pat\u00f3xenos, ayudando a caltener ecosistemes m\u00e1s saludables.<\/p>\n<p><span class=\"r-18u37iz\"><a class=\"css-1jxf684 r-bcqeeo r-1ttztb7 r-qvutc0 r-poiln3 r-1ny4l3l r-1ddef8g r-tjvw6i r-1loqt21\" dir=\"ltr\" role=\"link\" href=\"https:\/\/x.com\/hashtag\/D%C3%ADaInternacionalDeLosBuitres?src=hashtag_click\">#D\u00edaInternacionalDeLosBuitres<\/a><\/span><span class=\"css-1jxf684 r-bcqeeo r-1ttztb7 r-qvutc0 r-poiln3\">. \/<a class=\"css-1jxf684 r-bcqeeo r-1ttztb7 r-qvutc0 r-poiln3 r-1ny4l3l r-1ddef8g r-tjvw6i r-1loqt21\" dir=\"ltr\" role=\"link\" href=\"https:\/\/x.com\/hashtag\/InternationalVultureAwarenessDay?src=hashtag_click\">#InternationalVultureAwarenessDay<\/a><\/span><\/p>\n<p style=\"text-align: center\"><a href=\"https:\/\/www.diainternacionalde.com\/imagenes\/dias\/septiembre\/09-02_dia-mundial-buitre_m.jpg\"><img loading=\"lazy\" decoding=\"async\" class=\"aligncenter size-large\" src=\"https:\/\/www.diainternacionalde.com\/imagenes\/dias\/septiembre\/09-02_dia-mundial-buitre_m.jpg\" width=\"650\" height=\"431\" \/><\/a><\/p>\n<p>La funci\u00f3n de les utres dientro del ciclu natural ye una de la m\u00e1s importantes, cuidao que s&#8217;alimenten de la carne descompuesto d&#8217;otros animales muertos.<\/p>\n<p style=\"text-align: center\"><a href=\"https:\/\/pbs.twimg.com\/media\/COD2BH2WwAAoYcn?format=jpg&amp;name=small\"><img loading=\"lazy\" decoding=\"async\" class=\"aligncenter size-large\" src=\"https:\/\/pbs.twimg.com\/media\/COD2BH2WwAAoYcn?format=jpg&amp;name=small\" width=\"680\" height=\"680\" \/><\/a><\/p>\n<p>Pero, \u00bfEsto de qu\u00e9 sirve? Bien senciellu; al alimentase de cuerpos podrientos <strong>eviten l&#8217;espardimientu d&#8217;epidemies<\/strong> producto d&#8217;esa descomposici\u00f3n. Como por casu, la horrible peste negro qu&#8217;asocedi\u00f3 por toa Europa mientres la Ed\u00e1 Media.<\/p>\n<p style=\"text-align: center\"><a href=\"https:\/\/pbs.twimg.com\/media\/HQ9m_-JWAAAymy6?format=jpg&amp;name=medium\"><img loading=\"lazy\" decoding=\"async\" class=\"aligncenter \" src=\"https:\/\/pbs.twimg.com\/media\/HQ9m_-JWAAAymy6?format=jpg&amp;name=medium\" width=\"640\" height=\"905\" \/><\/a><\/p>\n<p>De xuru, nun vas tar al tantu de qu&#8217;<strong>el 80% de les utres leonados y negros d&#8217;Europa viven n&#8217;Espa\u00f1a. <\/strong><\/p>\n<p style=\"text-align: center\"><a href=\"https:\/\/pbs.twimg.com\/media\/GWyOosDW4AARtw_?format=jpg&amp;name=medium\"><img loading=\"lazy\" decoding=\"async\" class=\"aligncenter size-large\" src=\"https:\/\/pbs.twimg.com\/media\/GWyOosDW4AARtw_?format=jpg&amp;name=medium\" width=\"900\" height=\"1078\" \/><\/a><\/p>\n<p>Espa\u00f1a acueye m\u00e1s del 90% de la poblaci\u00f3n d&#8217;utres d&#8217;Europa \u2705<strong><span style=\"color: #008080\">Nel<\/span> nuesu pa\u00eds hai 4 especies, leonado, negru, alimoche y frang\u00fcesos.\u00a0<\/strong><\/p>\n<p style=\"text-align: center\"><a href=\"https:\/\/pbs.twimg.com\/media\/FbuZln8WAAASzFA?format=jpg&amp;name=large\"><img loading=\"lazy\" decoding=\"async\" class=\"aligncenter size-large\" src=\"https:\/\/pbs.twimg.com\/media\/FbuZln8WAAASzFA?format=jpg&amp;name=large\" width=\"1080\" height=\"1350\" \/><\/a><\/p>\n<p>&nbsp;<\/p>\n<p>\ud83c\udf0eNel mundu hai 23 especies, de les que 16 t\u00e1n amenaciaes \ud83e\udd85<\/p>\n<p style=\"text-align: center\"><a href=\"https:\/\/pbs.twimg.com\/media\/E-bs552XEAAbkD_?format=jpg&amp;name=medium\"><img loading=\"lazy\" decoding=\"async\" class=\"aligncenter size-large\" src=\"https:\/\/pbs.twimg.com\/media\/E-bs552XEAAbkD_?format=jpg&amp;name=medium\" width=\"1024\" height=\"512\" \/><\/a><\/p>\n<p><strong>N&#8217;Espa\u00f1a, podemos atopar 4 especies distintes: la utre negra, la utre leonado, l&#8217;alimoche com\u00fan y el frang\u00fcesos. <\/strong>El nuesu territoriu ye una redolada clave para&#8217;l caltenimientu d&#8217;estes aves carro\u00f1eres europees. \ud83e\udd85<\/p>\n<p style=\"text-align: center\"><a href=\"https:\/\/pbs.twimg.com\/media\/HRC0u2KXwAA6Zdr?format=jpg&amp;name=large\"><img loading=\"lazy\" decoding=\"async\" class=\"aligncenter size-large\" src=\"https:\/\/pbs.twimg.com\/media\/HRC0u2KXwAA6Zdr?format=jpg&amp;name=large\" width=\"1536\" height=\"1024\" \/><\/a><\/p>\n<p>Nin tanto vas saber, qu&#8217;en cuenta de ser un abelugu seguro para estes aves, en realid\u00e1 at\u00f3pense arrodiaes de peligros, como&#8217;l tend\u00edu el\u00e9ctricu, la falta de sustentu, cuidao que la mayor\u00eda de los ganaderos nun dexen los sos reses muertos a merc\u00e9 d&#8217;estes aves, sin\u00f3n qu&#8217;ellos mesmos s&#8217;encarguen de recoyeles primero qu&#8217;empiecen a descomponese.<\/p>\n<p style=\"text-align: center\"><a href=\"https:\/\/pbs.twimg.com\/media\/G0EfoCpWMAA6D6U?format=jpg&amp;name=medium\"><img loading=\"lazy\" decoding=\"async\" class=\"aligncenter \" src=\"https:\/\/pbs.twimg.com\/media\/G0EfoCpWMAA6D6U?format=jpg&amp;name=medium\" width=\"521\" height=\"651\" \/><\/a><\/p>\n<p>Y a lo \u00faltimo, tenemos el peor riesgu de toos, el diclofenaco, una melecina antinflamatorio que se-y suministra al gan\u00e1u y que resulta ser mortal para cualquier tipu d&#8217;ave. Ye m\u00e1s, el diclofenaco, foi&#8217;l causante de la desapaici\u00f3n del 99% de les utres na India mientres la d\u00e9cada de los 90 y foi lo qu&#8217;espert\u00f3 les alarmes a nivel mundial, para garantizar la supervivencia de les utres.<\/p>\n<p style=\"text-align: center\"><a href=\"https:\/\/pbs.twimg.com\/media\/GW1OdKfXgAATW-8?format=jpg&amp;name=4096x4096\"><img loading=\"lazy\" decoding=\"async\" class=\"aligncenter size-large\" src=\"https:\/\/pbs.twimg.com\/media\/GW1OdKfXgAATW-8?format=jpg&amp;name=4096x4096\" width=\"3277\" height=\"4096\" \/><\/a><\/p>\n<p>&nbsp;<\/p>\n","protected":false},"excerpt":{"rendered":"<p>Cel\u00e9brase&#8217;l primer s\u00e1badu de setiembre. Anque paeza estra\u00f1u dedicar un d\u00eda enteru a un ave carro\u00f1era, lo cierto ye qu&#8217;esti p\u00e1xaru d&#8217;estra\u00f1a guapura ye unu de los m\u00e1s amenaciaos a nivel mundial. \u00a0#D\u00edaInternacionalDeLosBuitres<\/p>\n","protected":false},"author":117,"featured_media":0,"comment_status":"closed","ping_status":"closed","sticky":false,"template":"","format":"standard","meta":{"footnotes":""},"categories":[6],"tags":[],"class_list":["post-87036","post","type-post","status-publish","format-standard","hentry","category-dia-de"],"_links":{"self":[{"href":"https:\/\/edublog.educastur.es\/ixuxu\/wp-json\/wp\/v2\/posts\/87036","targetHints":{"allow":["GET"]}}],"collection":[{"href":"https:\/\/edublog.educastur.es\/ixuxu\/wp-json\/wp\/v2\/posts"}],"about":[{"href":"https:\/\/edublog.educastur.es\/ixuxu\/wp-json\/wp\/v2\/types\/post"}],"author":[{"embeddable":true,"href":"https:\/\/edublog.educastur.es\/ixuxu\/wp-json\/wp\/v2\/users\/117"}],"replies":[{"embeddable":true,"href":"https:\/\/edublog.educastur.es\/ixuxu\/wp-json\/wp\/v2\/comments?post=87036"}],"version-history":[{"count":9,"href":"https:\/\/edublog.educastur.es\/ixuxu\/wp-json\/wp\/v2\/posts\/87036\/revisions"}],"predecessor-version":[{"id":87175,"href":"https:\/\/edublog.educastur.es\/ixuxu\/wp-json\/wp\/v2\/posts\/87036\/revisions\/87175"}],"wp:attachment":[{"href":"https:\/\/edublog.educastur.es\/ixuxu\/wp-json\/wp\/v2\/media?parent=87036"}],"wp:term":[{"taxonomy":"category","embeddable":true,"href":"https:\/\/edublog.educastur.es\/ixuxu\/wp-json\/wp\/v2\/categories?post=87036"},{"taxonomy":"post_tag","embeddable":true,"href":"https:\/\/edublog.educastur.es\/ixuxu\/wp-json\/wp\/v2\/tags?post=87036"}],"curies":[{"name":"wp","href":"https:\/\/api.w.org\/{rel}","templated":true}]}}