{"id":87045,"date":"2026-09-03T18:05:55","date_gmt":"2026-09-03T16:05:55","guid":{"rendered":"https:\/\/edublog.educastur.es\/ixuxu\/?p=87045"},"modified":"2026-09-03T18:05:55","modified_gmt":"2026-09-03T16:05:55","slug":"amar-asturies-va-conectar-en-madrid-al-nuevu-talentu-asturiano","status":"publish","type":"post","link":"https:\/\/edublog.educastur.es\/ixuxu\/2026\/09\/amar-asturies-va-conectar-en-madrid-al-nuevu-talentu-asturiano\/","title":{"rendered":"Amar Asturies va conectar en Madrid al nuevu talentu asturiano"},"content":{"rendered":"<p>Amar Asturies, l&#8217;eventu que va conectar en Madrid al nuevu talentu asturiano. Cinco profesionales asturianos de referencia en finances, tecnolox\u00eda, emprendimientu y medicina van protagonizar l&#8217;alcuentru, nel que tami\u00e9n va haber una espicha. <a href=\"https:\/\/www.lne.es\/asturias-exterior\/2026\/09\/03\/amar-asturias-evento-conectara-madrid-133879870.html?fbclid=IwY2xjawUGeLdwZG9mBWV4dG4DYWVtAjEwAHNydGMGYXBwX2lkEDIyMjAzOTE3ODgyMDA4OTIAAR66gS2TdytvHX3kOEvTuuE2iUeMII1apn8jbGaJqoFJZ2z5Oj7OrMF8gBBNlw_aem_x_U-cusL5VzIeQS_FoNzCg&amp;utm_campaign=mrf-facebook-nuevaespana&amp;utm_source=facebook&amp;utm_medium=social&amp;mrfcid=202609036a992a83d2ae547dc03358c9\">LNE<\/a><\/p>\n<p style=\"text-align: center\"><a href=\"https:\/\/estaticos-cdn.prensaiberica.es\/clip\/e9091fad-2353-44dc-8f56-a5ed68122926_16-9-discover-aspect-ratio_default_0_x800y300.webp\"><img loading=\"lazy\" decoding=\"async\" class=\"aligncenter size-large\" src=\"https:\/\/estaticos-cdn.prensaiberica.es\/clip\/e9091fad-2353-44dc-8f56-a5ed68122926_16-9-discover-aspect-ratio_default_0_x800y300.webp\" width=\"1200\" height=\"675\" \/><\/a><\/p>\n<p class=\"ft-text\">La convocatoria para asistir a esta cita esta abierta y disponible para los interesaos<a class=\"ft-link ft-link--decoration\" href=\"https:\/\/amarasturias.camara-ovi.es\/\" rel=\"nofollow\" data-mrf-recirculation=\"news-enlace-texto\" data-mrf-link=\"https:\/\/amarasturias.camara-ovi.es\/\">\u00a0a trav\u00e9s de este link.<\/a><\/p>\n<p><!--more--><\/p>\n<p>El nuevu talentu asturiano va dase cita&#8217;l<strong> llunes 14 de setiembre en Madrid en la primer edici\u00f3n d&#8217;Amar Asturies-Madrid Edition<\/strong>, un eventu que va axuntar a profesionales de la rex\u00f3n de referencia <strong>n&#8217;\u00e1mbitos como la tecnolox\u00eda, les finances, l&#8217;emprendimiento o la medicina.<\/strong><\/p>\n<p style=\"text-align: center\"><a href=\"https:\/\/estaticos-cdn.prensaiberica.es\/clip\/24a0699e-a24a-41fa-9739-d0c4c30ce55e_source-aspect-ratio_default_0_x600y500.webp\"><img loading=\"lazy\" decoding=\"async\" class=\"aligncenter \" src=\"https:\/\/estaticos-cdn.prensaiberica.es\/clip\/24a0699e-a24a-41fa-9739-d0c4c30ce55e_source-aspect-ratio_default_0_x600y500.webp\" width=\"619\" height=\"774\" \/><\/a><\/p>\n<p>La cita va tener llugar a les 19.00 hores na cortil Truss Madrid By Movistar Arena (calle Jorge Juan, 99) y naz con vocaci\u00f3n de continuid\u00e1, entam\u00e1u pola C\u00e1mara de Comerciu d&#8217;Uvi\u00e9u y cola participaci\u00f3n del Princip\u00e1u. Nesti alcuentru collabora LA NUEVA ESPA\u00d1A, al travi\u00e9s d&#8217;Asturies Esterior, la canal dixital que visibiliza y conecta a los asturianos na di\u00e1spora.<\/p>\n<p>Pretende poner en contactu a la comunid\u00e1 asturiana en Madrid para \u00abmovilizar nueves idees, proyectos y capacidaes en redol al futuru d&#8217;Asturies\u00bb. El llugar escoy\u00edu para esta cita, Madrid, nun ye casual. <strong>Alredor de 40.000 asturianos moren en Madrid<\/strong>, lo que convierte a esta comunid\u00e1 nun hipot\u00e9ticu quintu conceyu d&#8217;Asturies por n\u00famberu d&#8217;habitantes.<\/p>\n<p>Ente ellos at\u00f3pase una amplia representaci\u00f3n de mozos profesionales que construyeron les sos trayectories na capital y que constit\u00fain una parte del talentu asturiano que desenvuelve la so activid\u00e1 fora de la rex\u00f3n. Nos \u00faltimos a\u00f1os rexistr\u00f3se una noved\u00e1 con relaci\u00f3n con esti talentu: <strong>per primer vegada en d\u00e9cades el saldu migratoriu de mozos ente Asturies y Madrid beneficia al Princip\u00e1u<\/strong>, cuando tradicionalmente sal\u00eden m\u00e1s asturianos y asturianes del Princip\u00e1u a la capital que lo qu&#8217;asocede a la inversa.<\/p>\n<p>\u00abLa iniciativa parte d&#8217;una premisa: <strong>Asturies precisa entamar el so talentu, xenerar conexones ente quien quieren contribuyir al so desenvolvimientu y dar protagonismu a les nueves xeneraciones na construcci\u00f3n del so futuru\u00bb<\/strong>, aseguren na C\u00e1mara de Comerciu d&#8217;Uvi\u00e9u sobro esta iniciativa, que busca axuntar a los bautizaos como \u00abactivistes de la prosperid\u00e1 asturiana\u00bb, que ser\u00eden persones con raiga\u00f1os asturianos, iniciativa entamadora, creativid\u00e1, moliciones y volunt\u00e1 d&#8217;establecer conexones.<\/p>\n<p>Pa faelo, la cita va cuntar cola intervenci\u00f3n de dellos asturianos que desenvolvieron trayectories destacaes n&#8217;\u00e1mbitos bien distintos. <strong>Paloma Mar\u00edn<\/strong>, vicepresidenta de la Comisi\u00f3n Nacional del Merc\u00e1u de Valores (CNMV), va apurrir la visi\u00f3n de los mercaos financieros y d&#8217;unu de los principales organismos reguladores de la econom\u00eda espa\u00f1ola. <strong>Gabriela Orielle<\/strong>, esperta n&#8217;innovaci\u00f3n financiera y CEO de Flinket, va averar al alcuentru la so esperiencia nel \u00e1mbitu de les nueves soluciones financieres y l&#8217;emprendimiento tecnol\u00f3xicu.<\/p>\n<p>Tami\u00e9n va participar<strong> Javier Fern\u00e1ndez Casta\u00f1\u00f3n<\/strong>, responsable de grandes cuentes de Palantir Technologies pa Espa\u00f1a y Portugal, compa\u00f1\u00eda especializada nel desenvolvimientu de software pal anal\u00eds de datos y l&#8217;intelixencia artificial. A ellos sumar\u00e1se<strong> Sergio \u00c1lvarez-Tele\u00f1a<\/strong>, fundador y CEO de SciTheWorld, tecnol\u00f3xica centrada n&#8217;intelixencia artificial, ciencia de datos y desenvolvimientu de soluciones pa empreses. Va cerrar la n\u00f3mina <strong>Samuel Esp\u00edas<\/strong>, ciruxanu maxilofacial especializ\u00e1u en cirux\u00eda pl\u00e1stica facial, que desenvuelve la so activid\u00e1 a caballu ente Uvi\u00e9u y Madrid y representa l&#8217;aguada m\u00e9dica d&#8217;esti alcuentru.<\/p>\n<p>L&#8217;alcuentru va tar conduc\u00edu pola periodista y presentadora Ana Francisco y va cuntar am\u00e1s cola participaci\u00f3n de Salvador Ond\u00f3, campe\u00f3n y maestru d&#8217;escanciadores.<\/p>\n<p>M\u00e1s all\u00e1 de les intervenciones, la xornada va siguir con una espicha na que la gastronom\u00eda, la sidra y la m\u00fasica van sirvir pa enllargar les conversaciones nun ambiente m\u00e1s distend\u00edu.<\/p>\n","protected":false},"excerpt":{"rendered":"<p>Amar Asturies, l&#8217;eventu que va conectar en Madrid al nuevu talentu asturiano. Cinco profesionales asturianos de referencia en finances, tecnolox\u00eda, emprendimientu y medicina van protagonizar l&#8217;alcuentru, nel que tami\u00e9n va haber una espicha. LNE La convocatoria para asistir a esta cita esta abierta y disponible para los interesaos\u00a0a trav\u00e9s de este link.<\/p>\n","protected":false},"author":117,"featured_media":0,"comment_status":"closed","ping_status":"closed","sticky":false,"template":"","format":"standard","meta":{"footnotes":""},"categories":[119],"tags":[],"class_list":["post-87045","post","type-post","status-publish","format-standard","hentry","category-empreses"],"_links":{"self":[{"href":"https:\/\/edublog.educastur.es\/ixuxu\/wp-json\/wp\/v2\/posts\/87045","targetHints":{"allow":["GET"]}}],"collection":[{"href":"https:\/\/edublog.educastur.es\/ixuxu\/wp-json\/wp\/v2\/posts"}],"about":[{"href":"https:\/\/edublog.educastur.es\/ixuxu\/wp-json\/wp\/v2\/types\/post"}],"author":[{"embeddable":true,"href":"https:\/\/edublog.educastur.es\/ixuxu\/wp-json\/wp\/v2\/users\/117"}],"replies":[{"embeddable":true,"href":"https:\/\/edublog.educastur.es\/ixuxu\/wp-json\/wp\/v2\/comments?post=87045"}],"version-history":[{"count":1,"href":"https:\/\/edublog.educastur.es\/ixuxu\/wp-json\/wp\/v2\/posts\/87045\/revisions"}],"predecessor-version":[{"id":87046,"href":"https:\/\/edublog.educastur.es\/ixuxu\/wp-json\/wp\/v2\/posts\/87045\/revisions\/87046"}],"wp:attachment":[{"href":"https:\/\/edublog.educastur.es\/ixuxu\/wp-json\/wp\/v2\/media?parent=87045"}],"wp:term":[{"taxonomy":"category","embeddable":true,"href":"https:\/\/edublog.educastur.es\/ixuxu\/wp-json\/wp\/v2\/categories?post=87045"},{"taxonomy":"post_tag","embeddable":true,"href":"https:\/\/edublog.educastur.es\/ixuxu\/wp-json\/wp\/v2\/tags?post=87045"}],"curies":[{"name":"wp","href":"https:\/\/api.w.org\/{rel}","templated":true}]}}