{"id":87077,"date":"2026-09-03T05:00:32","date_gmt":"2026-09-03T03:00:32","guid":{"rendered":"https:\/\/edublog.educastur.es\/ixuxu\/?p=87077"},"modified":"2026-09-03T20:32:40","modified_gmt":"2026-09-03T18:32:40","slug":"la-lluna-va-averase-a-les-pleyades","status":"publish","type":"post","link":"https:\/\/edublog.educastur.es\/ixuxu\/2026\/09\/la-lluna-va-averase-a-les-pleyades\/","title":{"rendered":"La Lluna va averase a les Pl\u00e9yades"},"content":{"rendered":"<p>Esta nueche, del 2 al 3 de setiembre,<strong> la Lluna va averase a les Pl\u00e9yades<\/strong>, el famosu c\u00famulu estelar conoc\u00edu como los siete hermanes\u00bb.<\/p>\n<p style=\"text-align: center\"><a href=\"https:\/\/pbs.twimg.com\/media\/HRQBbR3WkAEEDiS?format=jpg&amp;name=large\"><img loading=\"lazy\" decoding=\"async\" class=\"aligncenter \" src=\"https:\/\/pbs.twimg.com\/media\/HRQBbR3WkAEEDiS?format=jpg&amp;name=large\" width=\"636\" height=\"795\" \/><\/a><\/p>\n<p>La Lluna va tar en fase xibosa menguante y va cruciar la constelaci\u00f3n de Tauro. El so puntu m\u00e1s cercanu coles Pl\u00e9yades va asoceder na madrugada 3 de setiembre, cuando va quedar a pocu m\u00e1s de dos di\u00e1metros llunares del c\u00famulu.<\/p>\n<p style=\"text-align: center\">\n","protected":false},"excerpt":{"rendered":"<p>Esta nueche, del 2 al 3 de setiembre, la Lluna va averase a les Pl\u00e9yades, el famosu c\u00famulu estelar conoc\u00edu como los siete hermanes\u00bb. La Lluna va tar en fase xibosa menguante y va cruciar la constelaci\u00f3n de Tauro. El so puntu m\u00e1s cercanu coles Pl\u00e9yades va asoceder na madrugada 3 de setiembre, cuando va [&hellip;]<\/p>\n","protected":false},"author":117,"featured_media":0,"comment_status":"closed","ping_status":"closed","sticky":false,"template":"","format":"standard","meta":{"footnotes":""},"categories":[223],"tags":[],"class_list":["post-87077","post","type-post","status-publish","format-standard","hentry","category-astronomia"],"_links":{"self":[{"href":"https:\/\/edublog.educastur.es\/ixuxu\/wp-json\/wp\/v2\/posts\/87077","targetHints":{"allow":["GET"]}}],"collection":[{"href":"https:\/\/edublog.educastur.es\/ixuxu\/wp-json\/wp\/v2\/posts"}],"about":[{"href":"https:\/\/edublog.educastur.es\/ixuxu\/wp-json\/wp\/v2\/types\/post"}],"author":[{"embeddable":true,"href":"https:\/\/edublog.educastur.es\/ixuxu\/wp-json\/wp\/v2\/users\/117"}],"replies":[{"embeddable":true,"href":"https:\/\/edublog.educastur.es\/ixuxu\/wp-json\/wp\/v2\/comments?post=87077"}],"version-history":[{"count":1,"href":"https:\/\/edublog.educastur.es\/ixuxu\/wp-json\/wp\/v2\/posts\/87077\/revisions"}],"predecessor-version":[{"id":87078,"href":"https:\/\/edublog.educastur.es\/ixuxu\/wp-json\/wp\/v2\/posts\/87077\/revisions\/87078"}],"wp:attachment":[{"href":"https:\/\/edublog.educastur.es\/ixuxu\/wp-json\/wp\/v2\/media?parent=87077"}],"wp:term":[{"taxonomy":"category","embeddable":true,"href":"https:\/\/edublog.educastur.es\/ixuxu\/wp-json\/wp\/v2\/categories?post=87077"},{"taxonomy":"post_tag","embeddable":true,"href":"https:\/\/edublog.educastur.es\/ixuxu\/wp-json\/wp\/v2\/tags?post=87077"}],"curies":[{"name":"wp","href":"https:\/\/api.w.org\/{rel}","templated":true}]}}