{"id":87087,"date":"2026-09-03T09:29:00","date_gmt":"2026-09-03T07:29:00","guid":{"rendered":"https:\/\/edublog.educastur.es\/ixuxu\/?p=87087"},"modified":"2026-09-03T20:48:39","modified_gmt":"2026-09-03T18:48:39","slug":"europa-entra-na-segunda-guerra-mundial","status":"publish","type":"post","link":"https:\/\/edublog.educastur.es\/ixuxu\/2026\/09\/europa-entra-na-segunda-guerra-mundial\/","title":{"rendered":"Europa entra na Segunda Guerra Mundial"},"content":{"rendered":"<p><a href=\"https:\/\/es.wikipedia.org\/wiki\/Segunda_Guerra_Mundial\"><strong>\u00a0Segunda Guerra Mundial<\/strong> <\/a>\/ A les 11 de la ma\u00f1ana del 3 de setiembre de 1939, el Reinu Un\u00edu declar\u00f3 la guerra a Alema\u00f1a. Francia adopt\u00f3 la mesma decisi\u00f3n poques hores dempu\u00e9s, en respuesta a la invasi\u00f3n alemana de Polonia empecipiada&#8217;l 1 de setiembre. El compromisu brit\u00e1nicu y franc\u00e9s de garantizar la integrid\u00e1 territorial polaca convirtiera l&#8217;agresi\u00f3n nun puntu de rotura diplom\u00e1tica.<\/p>\n<p style=\"text-align: center\"><a href=\"https:\/\/substackcdn.com\/image\/fetch\/$s_!w7Tp!,f_auto,q_auto:good,fl_progressive:steep\/https%3A%2F%2Fsubstack-post-media.s3.amazonaws.com%2Fpublic%2Fimages%2F26c7fe49-c762-4c1e-b8d1-6a150ef52338_1376x768.jpeg\"><img loading=\"lazy\" decoding=\"async\" class=\"aligncenter size-large\" src=\"https:\/\/substackcdn.com\/image\/fetch\/$s_!w7Tp!,f_auto,q_auto:good,fl_progressive:steep\/https%3A%2F%2Fsubstack-post-media.s3.amazonaws.com%2Fpublic%2Fimages%2F26c7fe49-c762-4c1e-b8d1-6a150ef52338_1376x768.jpeg\" width=\"1376\" height=\"768\" \/><\/a><\/p>\n<p><!--more--><\/p>\n<p>La declaraci\u00f3n abri\u00f3 una nueva fase de la Segunda Guerra Mundial, anque mientres los primeros meses los enfrentamientos directos nel frente occidental fueron llindaos y esi per\u00edodu pas\u00f3 a conocese como la guerra de chancia\u201d o Phoney War. Alema\u00f1a concentr\u00f3 primeramente les sos fuerces en Polonia, mientres brit\u00e1nicos y franceses movilizaben recursos militares y econ\u00f3micos.<\/p>\n<p style=\"text-align: center\"><a href=\"https:\/\/thumb.wikimedia.org\/wikipedia\/commons\/thumb\/0\/02\/Map_Europe_1923-es.svg\/1280px-Map_Europe_1923-es.svg.png?utm_source=es.wikipedia.org&amp;utm_campaign=imageinfo&amp;utm_content=thumbnail\"><img loading=\"lazy\" decoding=\"async\" class=\"aligncenter size-large\" src=\"https:\/\/thumb.wikimedia.org\/wikipedia\/commons\/thumb\/0\/02\/Map_Europe_1923-es.svg\/1280px-Map_Europe_1923-es.svg.png?utm_source=es.wikipedia.org&amp;utm_campaign=imageinfo&amp;utm_content=thumbnail\" width=\"1280\" height=\"870\" \/><\/a><\/p>\n<p>&nbsp;<\/p>\n<p><strong>La Segunda Guerra Mundial foi un conflictu militar global desenvueltu ente 1939 y 1945, nel que participaron la mayor\u00eda de les naciones del mundu incluy\u00edes toles grandes potencies<\/strong>\u2014 arrexuntaes en dos aliances militares opuestes: los Aliaos y l&#8217;Exa.<\/p>\n<p><strong>Foi la mayor guerra b\u00e9lica na hestoria de la humanid\u00e1<\/strong>, con m\u00e1s de cien millones de militares movilizaos y un est\u00e1u de guerra total en que los grandes contendientes destinaron tola so capacid\u00e1 econ\u00f3mica, militar y cient\u00edfica al serviciu del esfuerzu b\u00e9licu, borrando la distinci\u00f3n ente recursos civiles y militares.<\/p>\n<p>Marcada por fechos d&#8217;enorme repercusi\u00f3n qu&#8217;incluyeron la muerte masiva de civiles (l&#8217;Holocaustu, los bombardeos masivos sobro ciudaes y l&#8217;usu, per primer vegada nun conflictu b\u00e9licu, d&#8217;armes nucleares), la Segunda Guerra Mundial foi la m\u00e1s mort\u00edfera de la hestoria, con una resultancia d&#8217;<strong>ente 50 y 70 millones de v\u00edctimes, el 2,5 % de la poblaci\u00f3n mundial d&#8217;esa d\u00f3mina.<\/strong><\/p>\n<p style=\"text-align: center\"><a href=\"https:\/\/upload.wikimedia.org\/wikipedia\/commons\/6\/6a\/Bundesarchiv_Bild_183-H12704%2C_Bad_Godesberg%2C_Vorbereitung_M%C3%BCnchener_Abkommen.jpg?utm_source=es.wikipedia.org&amp;utm_campaign=imageinfo&amp;utm_content=thumbnail_unscaled\"><img loading=\"lazy\" decoding=\"async\" class=\"aligncenter size-large\" src=\"https:\/\/upload.wikimedia.org\/wikipedia\/commons\/6\/6a\/Bundesarchiv_Bild_183-H12704%2C_Bad_Godesberg%2C_Vorbereitung_M%C3%BCnchener_Abkommen.jpg?utm_source=es.wikipedia.org&amp;utm_campaign=imageinfo&amp;utm_content=thumbnail_unscaled\" width=\"800\" height=\"596\" \/><\/a><\/p>\n<p>La ofensiva alemana sobro Europa occidental de mayu de 1940 punxo fin a esa etapa de relativa inactivid\u00e1.<\/p>\n<p style=\"text-align: center\"><a href=\"https:\/\/thumb.wikimedia.org\/wikipedia\/commons\/thumb\/c\/cb\/WW2Montage.PNG\/960px-WW2Montage.PNG?utm_source=es.wikipedia.org&amp;utm_campaign=imageinfo&amp;utm_content=thumbnail\"><img loading=\"lazy\" decoding=\"async\" class=\"aligncenter size-large\" src=\"https:\/\/thumb.wikimedia.org\/wikipedia\/commons\/thumb\/c\/cb\/WW2Montage.PNG\/960px-WW2Montage.PNG?utm_source=es.wikipedia.org&amp;utm_campaign=imageinfo&amp;utm_content=thumbnail\" width=\"960\" height=\"904\" \/><\/a><\/p>\n<p style=\"text-align: center\">\n","protected":false},"excerpt":{"rendered":"<p>\u00a0Segunda Guerra Mundial \/ A les 11 de la ma\u00f1ana del 3 de setiembre de 1939, el Reinu Un\u00edu declar\u00f3 la guerra a Alema\u00f1a. Francia adopt\u00f3 la mesma decisi\u00f3n poques hores dempu\u00e9s, en respuesta a la invasi\u00f3n alemana de Polonia empecipiada&#8217;l 1 de setiembre. El compromisu brit\u00e1nicu y franc\u00e9s de garantizar la integrid\u00e1 territorial polaca [&hellip;]<\/p>\n","protected":false},"author":117,"featured_media":0,"comment_status":"closed","ping_status":"closed","sticky":false,"template":"","format":"standard","meta":{"footnotes":""},"categories":[107],"tags":[],"class_list":["post-87087","post","type-post","status-publish","format-standard","hentry","category-aniversariu"],"_links":{"self":[{"href":"https:\/\/edublog.educastur.es\/ixuxu\/wp-json\/wp\/v2\/posts\/87087","targetHints":{"allow":["GET"]}}],"collection":[{"href":"https:\/\/edublog.educastur.es\/ixuxu\/wp-json\/wp\/v2\/posts"}],"about":[{"href":"https:\/\/edublog.educastur.es\/ixuxu\/wp-json\/wp\/v2\/types\/post"}],"author":[{"embeddable":true,"href":"https:\/\/edublog.educastur.es\/ixuxu\/wp-json\/wp\/v2\/users\/117"}],"replies":[{"embeddable":true,"href":"https:\/\/edublog.educastur.es\/ixuxu\/wp-json\/wp\/v2\/comments?post=87087"}],"version-history":[{"count":3,"href":"https:\/\/edublog.educastur.es\/ixuxu\/wp-json\/wp\/v2\/posts\/87087\/revisions"}],"predecessor-version":[{"id":87090,"href":"https:\/\/edublog.educastur.es\/ixuxu\/wp-json\/wp\/v2\/posts\/87087\/revisions\/87090"}],"wp:attachment":[{"href":"https:\/\/edublog.educastur.es\/ixuxu\/wp-json\/wp\/v2\/media?parent=87087"}],"wp:term":[{"taxonomy":"category","embeddable":true,"href":"https:\/\/edublog.educastur.es\/ixuxu\/wp-json\/wp\/v2\/categories?post=87087"},{"taxonomy":"post_tag","embeddable":true,"href":"https:\/\/edublog.educastur.es\/ixuxu\/wp-json\/wp\/v2\/tags?post=87087"}],"curies":[{"name":"wp","href":"https:\/\/api.w.org\/{rel}","templated":true}]}}