{"id":87091,"date":"2026-09-03T09:31:42","date_gmt":"2026-09-03T07:31:42","guid":{"rendered":"https:\/\/edublog.educastur.es\/ixuxu\/?p=87091"},"modified":"2026-09-03T20:53:15","modified_gmt":"2026-09-03T18:53:15","slug":"1965-naz-charlie-sheen-actor-americanu","status":"publish","type":"post","link":"https:\/\/edublog.educastur.es\/ixuxu\/2026\/09\/1965-naz-charlie-sheen-actor-americanu\/","title":{"rendered":"1965: Naz Charlie Sheen, actor americanu"},"content":{"rendered":"<p>El 3 de setiembre de 1965 naci\u00f3 en Nueva York Carlos Irwin Est\u00e9vez, conoc\u00edu art\u00edsticamente como <a href=\"https:\/\/es.wikipedia.org\/wiki\/Charlie_Sheen\"><strong>Charlie Sheen.<\/strong><\/a> Ye actor de cine y televisi\u00f3n estadounidense.<\/p>\n<p style=\"text-align: center\"><a href=\"https:\/\/substackcdn.com\/image\/fetch\/$s_!fHib!,f_auto,q_auto:good,fl_progressive:steep\/https%3A%2F%2Fsubstack-post-media.s3.amazonaws.com%2Fpublic%2Fimages%2F08da6c62-6f53-473d-802d-54e3b4ed5f83_1376x768.jpeg\"><img loading=\"lazy\" decoding=\"async\" class=\"aligncenter size-large\" src=\"https:\/\/substackcdn.com\/image\/fetch\/$s_!fHib!,f_auto,q_auto:good,fl_progressive:steep\/https%3A%2F%2Fsubstack-post-media.s3.amazonaws.com%2Fpublic%2Fimages%2F08da6c62-6f53-473d-802d-54e3b4ed5f83_1376x768.jpeg\" width=\"1376\" height=\"768\" \/><\/a><\/p>\n<p><!--more--><\/p>\n<p style=\"text-align: center\"><a href=\"https:\/\/www.mubis.es\/media\/users\/12828\/266446\/cumple-55-anos-charlie-sheen-que-pelicula-es-vuestra-preferida-original.jpg\"><img loading=\"lazy\" decoding=\"async\" class=\"aligncenter size-large\" src=\"https:\/\/www.mubis.es\/media\/users\/12828\/266446\/cumple-55-anos-charlie-sheen-que-pelicula-es-vuestra-preferida-original.jpg\" width=\"512\" height=\"512\" \/><\/a><\/p>\n<p>F\u00edu del actor Martin Sheen y de l&#8217;artista Janet Templeton. Tien tr\u00e9s hermanos: Emilio, Ram\u00f3n y Ren\u00e9e Est\u00e9vez. A los nueve a\u00f1os intervieno como extra n&#8217;una pel\u00edcula del so padre. Estudi\u00f3 na Universid\u00e1 de Santo M\u00f3nica, onde conoci\u00f3 a S\u00edan Penn y Rob Lowe.<\/p>\n<p style=\"text-align: center\"><a href=\"https:\/\/pics.filmaffinity.com\/aka_charlie_sheen-355131041-large.jpg\"><img loading=\"lazy\" decoding=\"async\" class=\"aligncenter size-large\" src=\"https:\/\/pics.filmaffinity.com\/aka_charlie_sheen-355131041-large.jpg\" width=\"800\" height=\"1185\" \/><\/a><\/p>\n<p>En 1984 consigui\u00f3&#8217;l so primer papel n&#8217;Amanecer collor\u00e1u. La so carrera incl\u00fai pel\u00edcules como Platoon (1986), Wall Street (1987) y la serie Dos homes y mediu (2003-2011). Foi despid\u00edu de la serie tres a\u00f1os de problemes personales y esc\u00e1ndalos p\u00fablicos. En 2025 public\u00f3 un nuevu memoir y particip\u00f3 nun documental sobro la so vida.<\/p>\n<p style=\"text-align: center\"><a href=\"https:\/\/occ-0-2794-2219.1.nflxso.net\/dnm\/api\/v6\/9pS1daC2n6UGc3dUogvWIPMR_OU\/AAAABUqSq5LFa9OmrqFn9_9tDpEZ4jIp4TfQNp8gxkM2SJOiK3uFiJL-pILtG4ODCl7R0_M1xsy4B8wtx4B_B4rQcyooQB9ZOKxbxjpxyMDJrSMtoyCQunMWr4pMgg.jpg?r=e06\"><img loading=\"lazy\" decoding=\"async\" class=\"aligncenter size-large\" src=\"https:\/\/occ-0-2794-2219.1.nflxso.net\/dnm\/api\/v6\/9pS1daC2n6UGc3dUogvWIPMR_OU\/AAAABUqSq5LFa9OmrqFn9_9tDpEZ4jIp4TfQNp8gxkM2SJOiK3uFiJL-pILtG4ODCl7R0_M1xsy4B8wtx4B_B4rQcyooQB9ZOKxbxjpxyMDJrSMtoyCQunMWr4pMgg.jpg?r=e06\" width=\"912\" height=\"513\" \/><\/a><\/p>\n","protected":false},"excerpt":{"rendered":"<p>El 3 de setiembre de 1965 naci\u00f3 en Nueva York Carlos Irwin Est\u00e9vez, conoc\u00edu art\u00edsticamente como Charlie Sheen. Ye actor de cine y televisi\u00f3n estadounidense.<\/p>\n","protected":false},"author":117,"featured_media":0,"comment_status":"closed","ping_status":"closed","sticky":false,"template":"","format":"standard","meta":{"footnotes":""},"categories":[107,299],"tags":[],"class_list":["post-87091","post","type-post","status-publish","format-standard","hentry","category-aniversariu","category-cine"],"_links":{"self":[{"href":"https:\/\/edublog.educastur.es\/ixuxu\/wp-json\/wp\/v2\/posts\/87091","targetHints":{"allow":["GET"]}}],"collection":[{"href":"https:\/\/edublog.educastur.es\/ixuxu\/wp-json\/wp\/v2\/posts"}],"about":[{"href":"https:\/\/edublog.educastur.es\/ixuxu\/wp-json\/wp\/v2\/types\/post"}],"author":[{"embeddable":true,"href":"https:\/\/edublog.educastur.es\/ixuxu\/wp-json\/wp\/v2\/users\/117"}],"replies":[{"embeddable":true,"href":"https:\/\/edublog.educastur.es\/ixuxu\/wp-json\/wp\/v2\/comments?post=87091"}],"version-history":[{"count":3,"href":"https:\/\/edublog.educastur.es\/ixuxu\/wp-json\/wp\/v2\/posts\/87091\/revisions"}],"predecessor-version":[{"id":87094,"href":"https:\/\/edublog.educastur.es\/ixuxu\/wp-json\/wp\/v2\/posts\/87091\/revisions\/87094"}],"wp:attachment":[{"href":"https:\/\/edublog.educastur.es\/ixuxu\/wp-json\/wp\/v2\/media?parent=87091"}],"wp:term":[{"taxonomy":"category","embeddable":true,"href":"https:\/\/edublog.educastur.es\/ixuxu\/wp-json\/wp\/v2\/categories?post=87091"},{"taxonomy":"post_tag","embeddable":true,"href":"https:\/\/edublog.educastur.es\/ixuxu\/wp-json\/wp\/v2\/tags?post=87091"}],"curies":[{"name":"wp","href":"https:\/\/api.w.org\/{rel}","templated":true}]}}