{"id":87095,"date":"2026-09-03T09:31:19","date_gmt":"2026-09-03T07:31:19","guid":{"rendered":"https:\/\/edublog.educastur.es\/ixuxu\/?p=87095"},"modified":"2026-09-03T20:58:01","modified_gmt":"2026-09-03T18:58:01","slug":"1875-naz-ferdinand-porsche-fundador-de-porsche","status":"publish","type":"post","link":"https:\/\/edublog.educastur.es\/ixuxu\/2026\/09\/1875-naz-ferdinand-porsche-fundador-de-porsche\/","title":{"rendered":"1875: Naz Ferdinand\u00a0Porsche, fundador de Porsche"},"content":{"rendered":"<p><a href=\"https:\/\/es.wikipedia.org\/wiki\/Ferdinand_Porsche\"><strong>Ferdinand\u00a0 Porsche<\/strong><\/a> (1875-1951) \/\u00a0 El 3 de setiembre de 1875 naci\u00f3 en Maffersdorf, Imperiu austroh\u00fangaru (actual Vratislavice nad Nisou, Rep\u00fablica Checa), Ferdinand Porsche. <strong>Foi inxenieru automovil\u00edsticu austrobohemio, checoslovacu y alem\u00e1n.<\/strong> Fund\u00f3 Porsche AG en 1931 al pie de el so f\u00edu Ferry Porsche.<\/p>\n<p style=\"text-align: center\"><a href=\"https:\/\/substackcdn.com\/image\/fetch\/$s_!OEQR!,f_auto,q_auto:good,fl_progressive:steep\/https%3A%2F%2Fsubstack-post-media.s3.amazonaws.com%2Fpublic%2Fimages%2Fef30ea98-718a-461f-b431-866b8fed0321_1376x768.jpeg\"><img loading=\"lazy\" decoding=\"async\" class=\"aligncenter size-large\" src=\"https:\/\/substackcdn.com\/image\/fetch\/$s_!OEQR!,f_auto,q_auto:good,fl_progressive:steep\/https%3A%2F%2Fsubstack-post-media.s3.amazonaws.com%2Fpublic%2Fimages%2Fef30ea98-718a-461f-b431-866b8fed0321_1376x768.jpeg\" width=\"1376\" height=\"768\" \/><\/a><\/p>\n<p><!--more--><\/p>\n<p><strong>Dise\u00f1\u00f3&#8217;l primer veh\u00edculu h\u00edbridu gasolina-el\u00e9ctrico<\/strong> (Lohner-Porsche), el Volkswagen Beetle y los autos de carrera Auto Union.<\/p>\n<p style=\"text-align: center\"><a href=\"https:\/\/thumb.wikimedia.org\/wikipedia\/commons\/thumb\/1\/13\/Lohner_Porsche.jpg\/1280px-Lohner_Porsche.jpg?utm_source=es.wikipedia.org&amp;utm_campaign=imageinfo&amp;utm_content=thumbnail\"><img loading=\"lazy\" decoding=\"async\" class=\"aligncenter size-large\" src=\"https:\/\/thumb.wikimedia.org\/wikipedia\/commons\/thumb\/1\/13\/Lohner_Porsche.jpg\/1280px-Lohner_Porsche.jpg?utm_source=es.wikipedia.org&amp;utm_campaign=imageinfo&amp;utm_content=thumbnail\" width=\"1280\" height=\"854\" \/><\/a><\/p>\n<p>Tami\u00e9n <strong>desenvolvi\u00f3&#8217;l Mercedes-Benz<\/strong> SS\/SSK. Trabay\u00f3 como inxenieru de veh\u00edculos dende finales del sieglu XIX hasta 1931.<\/p>\n<p><a href=\"https:\/\/thumb.wikimedia.org\/wikipedia\/commons\/thumb\/b\/b3\/NSU_Proto_1934.jpg\/960px-NSU_Proto_1934.jpg?utm_source=es.wikipedia.org&amp;utm_campaign=imageinfo&amp;utm_content=thumbnail\"><img loading=\"lazy\" decoding=\"async\" class=\"aligncenter size-large\" src=\"https:\/\/thumb.wikimedia.org\/wikipedia\/commons\/thumb\/b\/b3\/NSU_Proto_1934.jpg\/960px-NSU_Proto_1934.jpg?utm_source=es.wikipedia.org&amp;utm_campaign=imageinfo&amp;utm_content=thumbnail\" width=\"960\" height=\"814\" \/><\/a><\/p>\n<p>Morri\u00f3&#8217;l 30 de xineru de 1951 en Stuttgart, Alema\u00f1a, a los 75 a\u00f1os. El so leg\u00e1u incl\u00fai marques como Porsche y Volkswagen, am\u00e1s de contribuciones clave a la inxenier\u00eda automotriz del sieglu XX.<\/p>\n<p style=\"text-align: center\"><a href=\"https:\/\/upload.wikimedia.org\/wikipedia\/commons\/7\/76\/Auto_Union%2C_Typ_D_%281979-08-10%29.jpg?utm_source=es.wikipedia.org&amp;utm_campaign=imageinfo&amp;utm_content=thumbnail_unscaled\"><img loading=\"lazy\" decoding=\"async\" class=\"aligncenter size-large\" src=\"https:\/\/upload.wikimedia.org\/wikipedia\/commons\/7\/76\/Auto_Union%2C_Typ_D_%281979-08-10%29.jpg?utm_source=es.wikipedia.org&amp;utm_campaign=imageinfo&amp;utm_content=thumbnail_unscaled\" width=\"1187\" height=\"672\" \/><\/a><\/p>\n","protected":false},"excerpt":{"rendered":"<p>Ferdinand\u00a0 Porsche (1875-1951) \/\u00a0 El 3 de setiembre de 1875 naci\u00f3 en Maffersdorf, Imperiu austroh\u00fangaru (actual Vratislavice nad Nisou, Rep\u00fablica Checa), Ferdinand Porsche. Foi inxenieru automovil\u00edsticu austrobohemio, checoslovacu y alem\u00e1n. Fund\u00f3 Porsche AG en 1931 al pie de el so f\u00edu Ferry Porsche.<\/p>\n","protected":false},"author":117,"featured_media":0,"comment_status":"closed","ping_status":"closed","sticky":false,"template":"","format":"standard","meta":{"footnotes":""},"categories":[107,99],"tags":[],"class_list":["post-87095","post","type-post","status-publish","format-standard","hentry","category-aniversariu","category-inventos"],"_links":{"self":[{"href":"https:\/\/edublog.educastur.es\/ixuxu\/wp-json\/wp\/v2\/posts\/87095","targetHints":{"allow":["GET"]}}],"collection":[{"href":"https:\/\/edublog.educastur.es\/ixuxu\/wp-json\/wp\/v2\/posts"}],"about":[{"href":"https:\/\/edublog.educastur.es\/ixuxu\/wp-json\/wp\/v2\/types\/post"}],"author":[{"embeddable":true,"href":"https:\/\/edublog.educastur.es\/ixuxu\/wp-json\/wp\/v2\/users\/117"}],"replies":[{"embeddable":true,"href":"https:\/\/edublog.educastur.es\/ixuxu\/wp-json\/wp\/v2\/comments?post=87095"}],"version-history":[{"count":4,"href":"https:\/\/edublog.educastur.es\/ixuxu\/wp-json\/wp\/v2\/posts\/87095\/revisions"}],"predecessor-version":[{"id":87099,"href":"https:\/\/edublog.educastur.es\/ixuxu\/wp-json\/wp\/v2\/posts\/87095\/revisions\/87099"}],"wp:attachment":[{"href":"https:\/\/edublog.educastur.es\/ixuxu\/wp-json\/wp\/v2\/media?parent=87095"}],"wp:term":[{"taxonomy":"category","embeddable":true,"href":"https:\/\/edublog.educastur.es\/ixuxu\/wp-json\/wp\/v2\/categories?post=87095"},{"taxonomy":"post_tag","embeddable":true,"href":"https:\/\/edublog.educastur.es\/ixuxu\/wp-json\/wp\/v2\/tags?post=87095"}],"curies":[{"name":"wp","href":"https:\/\/api.w.org\/{rel}","templated":true}]}}