{"id":87132,"date":"2026-09-03T12:10:31","date_gmt":"2026-09-03T10:10:31","guid":{"rendered":"https:\/\/edublog.educastur.es\/ixuxu\/?p=87132"},"modified":"2026-09-03T22:10:28","modified_gmt":"2026-09-03T20:10:28","slug":"el-louvre-escueye-a-rodrigo-cuevas-para-representar-a-la-cultura-espanola","status":"publish","type":"post","link":"https:\/\/edublog.educastur.es\/ixuxu\/2026\/09\/el-louvre-escueye-a-rodrigo-cuevas-para-representar-a-la-cultura-espanola\/","title":{"rendered":"El Louvre escueye a Rodrigo Cuevas para representar a la cultura espa\u00f1ola"},"content":{"rendered":"<p>El Louvre escueye a Rodrigo Cuevas <strong>para representar a la cultura espa\u00f1ola contemporanea na so programaci\u00f3n de seronda.<\/strong> L&#8217;artista asturianu va formar parte de la programaci\u00f3n que&#8217;l mus\u00e9u franc\u00e9s va dedicar a Espa\u00f1a nos pr\u00f3ximos meses y que va arropar dos grandes esposiciones: una dedicada a y otra la escultura relixosa procedente del Mus\u00e9u de Valladolid. <a href=\"https:\/\/www.lne.es\/asturias-exterior\/2026\/09\/03\/louvre-selecciona-rodrigo-cuevas-representar-133924086.html?fbclid=IwY2xjawUGsT9wZG9mBWV4dG4DYWVtAjEwAHNydGMGYXBwX2lkEDIyMjAzOTE3ODgyMDA4OTIAAR5SpJsAlRYspYV2qNPs_yCeGymdoAQw19nQBG-rukShdbaLWtbNFftRnOJ6RA_aem_F-bJAuJw059ZhYyfyDHlyg&amp;utm_campaign=mrf-facebook-nuevaespana&amp;utm_source=facebook&amp;utm_medium=social&amp;mrfcid=202609036a99ab03f046393007a213da\">LNE<\/a><\/p>\n<p style=\"text-align: center\"><a href=\"https:\/\/estaticos-cdn.prensaiberica.es\/clip\/d7c79e50-7e15-4c39-8ff8-930995a97f15_16-9-discover-aspect-ratio_default_0_x1243y285.webp\"><img loading=\"lazy\" decoding=\"async\" class=\"aligncenter size-large\" src=\"https:\/\/estaticos-cdn.prensaiberica.es\/clip\/d7c79e50-7e15-4c39-8ff8-930995a97f15_16-9-discover-aspect-ratio_default_0_x1243y285.webp\" width=\"1200\" height=\"675\" \/><\/a><\/p>\n<p><!--more--><\/p>\n<p>El cantante uvie\u00edn Rodrigo Cueves ye unu de los artistes espa\u00f1oles invitaos a participar na<strong> nueva temporada cultural del Mus\u00e9u del Louvre, que va empezar el pr\u00f3ximu d\u00eda 25 y va enllargase hasta xunu de 2027.<\/strong><\/p>\n<p>Nesta ocasi\u00f3n, <strong>la programaci\u00f3n va tar dedicada a Espa\u00f1a y a la cultura espa\u00f1ola<\/strong>, por cuenta de dos grandes esposiciones que va allugar el mus\u00e9u franc\u00e9s de referencia, una d&#8217;elles dedicada a Zurbar\u00e1n y l&#8217;otra centrada n&#8217;obres maestres de la escultura espa\u00f1ola, procedentes del Mus\u00e9u d&#8217;Escultura de Valladolid. Al pie de estes amueses art\u00edstiques el mus\u00e9u tami\u00e9n va acoyer una serie d&#8217;eventos para \u00abcelebrar la cultura espa\u00f1ola, incluyendo un ciclu de cine al cargu de la actriz Rossy de Palma, seg\u00fan conciertos y programes especiales\u201d, anuncien los responsables de la gran pinacoteca gala. Y ente esos conciertos incluy\u00f3se, como destacada referencia de la creaci\u00f3n espa\u00f1ola contemporanea, al asturianu Rodrigo Cuevas.<\/p>\n<p>L&#8217;actuaci\u00f3n se Rodrigo Cuevas va tener llugar nel denomin\u00e1u<strong> \u201cGran fin de selmana de Espa\u00f1a\u201d, que se va celebrar ente&#8217;l 8 y el 13 d&#8217;avientu.<\/strong> Rodrigo Cuevas, al que nel programa del Louvre def\u00ednese como \u201cun axitador folkl\u00f3rico inclasificable\u201d, va actuar nel auditoriu del mus\u00e9u&#8217;l s\u00e1badu 12 d&#8217;avientu a les 21 hores. Va ser nun formatu \u00edntimo y enga\u00f1ador a manera de velada nocherniega\u201d, que lleva por t\u00edtulu<strong> \u201cAl pie del llar\u201d<\/strong>. El Louvre considera a Cuevas como <strong>\u201cuna de les figures m\u00e1s singulares del panorama musical espa\u00f1ol contemporaneu\u201d<\/strong> y sorraya c\u00f3mo&#8217;l so arte mu\u00e9vese ente l&#8217;heriedu popular asturiana, l&#8217;humor, la llibert\u00e1 y el max\u00edn\u201d.<\/p>\n<p>Dientro d&#8217;esa fin de selmana espa\u00f1ola, nel que va actuar una amuesa de relevantes artistes espa\u00f1oles, incl\u00fayese tami\u00e9n l&#8217;espect\u00e1culu de danza d&#8217;Israel Galv\u00e1n baxu la pir\u00e1mide del Louvre, un conciertu de Caama\u00f1o&amp;Ameixeiras y un podcast en directu de \u201cLes F\u00edes de Felipe\u201d, onde&#8217;l doctores en Literatura Ana Garriga y Carmen Urbita esquicen con humor y erudici\u00f3n les obres, les figures y l&#8217;imaxinariu del Sieglu d&#8217;Oru espa\u00f1ol.<\/p>\n<p><strong>Carta blanca a Rossy de Palma<\/strong> Esta gran seronda dedicada nel Louvre a la cultura espa\u00f1ola tami\u00e9n ta previstu un ciclu de cine nel que l&#8217;actriz espa\u00f1ola Rossy de Palma, de padre y madre avilesinos, tuvo carta blanca pa escoyer los filmes que se van proxectar. Va haber diez pel\u00edcules espa\u00f1ola, \u201cobres maestres imprescindibles y xoyes por afayar\u201d. Asina, van proxectase \u201cSevillanes\u201d, de Carlos Saura; \u201cViridiana\u201d, de Luis Bu\u00f1uel; \u201c20.000 especies d&#8217;abeyes\u201d, de Estibaliz Urresola Solaguren; \u201cKika\u201d, de Pedro Almod\u00f3var; \u201cEl viaxe a nenguna parte\u201d, Fernando Fern\u00e1n G\u00f3mez; \u201cAmanez, bastante ye\u201d de Jos\u00e9 Luis Cuerda; \u201cEl verdugu\u201d de Luis Garc\u00eda *Berlanga; \u201cXam\u00f3n, xam\u00f3n\u201d de Bigas Lluna; \u201cEl perru del hortolanu\u201d, de Pilar Mir\u00f3 y \u201cL&#8217;esp\u00edritu del tru\u00e9banu\u201d, De V\u00edctor Erice.<\/p>\n<p>Am\u00e1s, el Mus\u00e9u del Louvre anuncia una \u201ccollaboraci\u00f3n ensin precedentes\u201d cola Com\u00e9die-Fran\u00e7aise, cola qu&#8217;entama una llectura musical de \u00abEl burlador de Sevilla\u00bb, a obra de Tirso de Molina. Va Ser 6 de payares de 2026 nel escenariu del Auditoriu del mus\u00e9u.<\/p>\n<p><strong>La esposici\u00f3n dedicada a Zurbar\u00e1n va abrise&#8217;l pr\u00f3ximu 7 d&#8217;ochobre.<\/strong> Ye una amuesa entamada conxuntamente pol Louvre, la National Gallery de Londres y el Art Institute of Chicago.<strong> Va poder contemplase hasta xineru de 2027.<\/strong> El prop\u00f3situ d&#8217;esta esposici\u00f3n, sorraya&#8217;l mus\u00e9u franc\u00e9s, \u00abnun ye presentar una monogr\u00e1fica refecha, sin\u00f3n m\u00e1s bien ufiertar una selecci\u00f3n ambiciosa de pintures de primera categor\u00eda, acompa\u00f1ada de referencies hist\u00f3riques y culturales, que dexe almirar la t\u00e9cnica de Zurbar\u00e1n y la so audacia en cuestiones formales y iconogr\u00e1ficas\u00bb.<\/p>\n<p>La esposici\u00f3n ta entamada en siete secciones, \u00absiguiendo una l\u00f3xica cronotem\u00e1tica que fai honor a les distintes etapes\u00bb de la llarga carrera de Zurbar\u00e1n. Ye una estructura que s&#8217;allo\u00f1a n&#8217;ocasiones de la l\u00f3xica temporal para proponer agrupaciones d&#8217;obres\u00bb. Esta amuesa \u00abva conceder gran importancia a les pintures monumentales procedentes d&#8217;encargos mon\u00e1sticos n&#8217;Andaluc\u00eda, que son les que fixeron c\u00e9lebre a Zurbar\u00e1n, seg\u00fan a les semeyes y a les naturaleces muertes\u00bb. Tami\u00e9n va acutar \u00abun llugar destac\u00e1u a la escasa producci\u00f3n del so f\u00edu Juan de Zurbar\u00e1n\u00bb.<\/p>\n<p><strong>La rellumanza de la escultura relixosa espa\u00f1ola<\/strong> \u00abEsculpir el color\u00bb ye&#8217;l t\u00edtulu de les obres esposici\u00f3n d&#8217;arte espa\u00f1ol que se va amosar esta seronda nel Louvre. Va ser <strong>ente&#8217;l 7 d&#8217;ochobre y el 25 de xineru de 2027<\/strong>. Foi entamada pol Mus\u00e9u del Louvre cola collaboraci\u00f3n del Mus\u00e9u Nacional d&#8217;Escultura de Valladolid y ocupa el mesmu espaciu que la monogr\u00e1fica dedicada a Zurbar\u00e1n.<\/p>\n<p>Nesti casu, \u00abtr\u00e1tase, nel so mayor parte, d&#8217;escultures relixoses en madera policromada d&#8217;un naturalismu estelante, que dexen entender meyor el contestu cultural y relixosu nel que s&#8217;enmarca la obra de los grandes pintores espa\u00f1oles del mesmu periodu, ente los que destaquen Zurbar\u00e1n, Vel\u00e1zquez o Murillo, nuna d\u00f3mina na que los venceyos ente la pintura y l&#8217;escultura yeren bien estrechos\u00bb, esplica&#8217;l mus\u00e9u franc\u00e9s na presentaci\u00f3n d&#8217;esta nueva programaci\u00f3n.<\/p>\n","protected":false},"excerpt":{"rendered":"<p>El Louvre escueye a Rodrigo Cuevas para representar a la cultura espa\u00f1ola contemporanea na so programaci\u00f3n de seronda. L&#8217;artista asturianu va formar parte de la programaci\u00f3n que&#8217;l mus\u00e9u franc\u00e9s va dedicar a Espa\u00f1a nos pr\u00f3ximos meses y que va arropar dos grandes esposiciones: una dedicada a y otra la escultura relixosa procedente del Mus\u00e9u de [&hellip;]<\/p>\n","protected":false},"author":117,"featured_media":0,"comment_status":"closed","ping_status":"closed","sticky":false,"template":"","format":"standard","meta":{"footnotes":""},"categories":[89,15,35,30],"tags":[],"class_list":["post-87132","post","type-post","status-publish","format-standard","hentry","category-arte","category-museos","category-musica","category-pintura"],"_links":{"self":[{"href":"https:\/\/edublog.educastur.es\/ixuxu\/wp-json\/wp\/v2\/posts\/87132","targetHints":{"allow":["GET"]}}],"collection":[{"href":"https:\/\/edublog.educastur.es\/ixuxu\/wp-json\/wp\/v2\/posts"}],"about":[{"href":"https:\/\/edublog.educastur.es\/ixuxu\/wp-json\/wp\/v2\/types\/post"}],"author":[{"embeddable":true,"href":"https:\/\/edublog.educastur.es\/ixuxu\/wp-json\/wp\/v2\/users\/117"}],"replies":[{"embeddable":true,"href":"https:\/\/edublog.educastur.es\/ixuxu\/wp-json\/wp\/v2\/comments?post=87132"}],"version-history":[{"count":3,"href":"https:\/\/edublog.educastur.es\/ixuxu\/wp-json\/wp\/v2\/posts\/87132\/revisions"}],"predecessor-version":[{"id":87135,"href":"https:\/\/edublog.educastur.es\/ixuxu\/wp-json\/wp\/v2\/posts\/87132\/revisions\/87135"}],"wp:attachment":[{"href":"https:\/\/edublog.educastur.es\/ixuxu\/wp-json\/wp\/v2\/media?parent=87132"}],"wp:term":[{"taxonomy":"category","embeddable":true,"href":"https:\/\/edublog.educastur.es\/ixuxu\/wp-json\/wp\/v2\/categories?post=87132"},{"taxonomy":"post_tag","embeddable":true,"href":"https:\/\/edublog.educastur.es\/ixuxu\/wp-json\/wp\/v2\/tags?post=87132"}],"curies":[{"name":"wp","href":"https:\/\/api.w.org\/{rel}","templated":true}]}}