{"id":87137,"date":"2026-09-04T09:15:31","date_gmt":"2026-09-04T07:15:31","guid":{"rendered":"https:\/\/edublog.educastur.es\/ixuxu\/?p=87137"},"modified":"2026-09-03T22:18:31","modified_gmt":"2026-09-03T20:18:31","slug":"el-nuesu-colexu-foil-centru-con-mas-usuarios-del-programa-de-conciliacion-de-branu","status":"publish","type":"post","link":"https:\/\/edublog.educastur.es\/ixuxu\/2026\/09\/el-nuesu-colexu-foil-centru-con-mas-usuarios-del-programa-de-conciliacion-de-branu\/","title":{"rendered":"El nuesu colexu foi&#8217;l centru con m\u00e1s usuarios del Programa de conciliaci\u00f3n"},"content":{"rendered":"<p>El Carmen Ruiz Tilve, en La Corredoria, foi&#8217;l centru con m\u00e1s usuarios y el Veneranda Pumar raspi\u00f3&#8217;l llenu na atenci\u00f3n a menores con necesidaes especiales. <a href=\"https:\/\/www.lne.es\/oviedo\/2026\/09\/03\/programa-conciliacion-oviedo-cierra-verano-133927949.html?fbclid=IwY2xjawUGs-NwZG9mBWV4dG4DYWVtAjEwAHNydGMGYXBwX2lkEDIyMjAzOTE3ODgyMDA4OTIAAR7i9l7HK3FBhVmRSKATuzUuKPG-I9t6yxmQlqgz9XJdF8tOhTTS3fcIOmsCuw_aem_lhgnqBSZaFToYfh76CNIkw&amp;utm_campaign=mrf-facebook-nuevaespana&amp;utm_source=facebook&amp;utm_medium=social&amp;mrfcid=202609036a99be51599b4f71fe0f5f35\">LNE<\/a><\/p>\n<p style=\"text-align: center\"><a href=\"https:\/\/estaticos-cdn.prensaiberica.es\/clip\/ad04d522-196b-4b2c-883d-d6f2d0fc2c4d_16-9-discover-aspect-ratio_default_0_x349y547.webp\"><img loading=\"lazy\" decoding=\"async\" class=\"aligncenter size-large\" src=\"https:\/\/estaticos-cdn.prensaiberica.es\/clip\/ad04d522-196b-4b2c-883d-d6f2d0fc2c4d_16-9-discover-aspect-ratio_default_0_x349y547.webp\" width=\"1200\" height=\"675\" \/><\/a><\/p>\n<p><!--more--><\/p>\n<p>El programa<strong> Concilia Uvi\u00e9u<\/strong>, destin\u00e1u a facilitar la conciliaci\u00f3n familiar por aciu l&#8217;apertura de colexos mientres les vacaciones de branu, cerr\u00f3 esta edici\u00f3n con 9.320 inscripciones a lo llargo de les once selmanes nes que se desenvolvieron les actividaes. La iniciativa ta xestionada pola Conceyal\u00eda d&#8217;Educaci\u00f3n, dirixida por Lourdes Garc\u00eda.<\/p>\n<p>Algam\u00f3 les 9.320 inscripciones mientres les 11 selmanes que s&#8217;enllarg\u00f3 esta activid\u00e1 en periodu branizu.<\/p>\n<p>De los ocho colexos nos que&#8217;l Conceyu ufiert\u00f3 estes actividaes de conciliaci\u00f3n, el centru de Fozaneldi foi&#8217;l de mayor porcentaxe d&#8217;ocupaci\u00f3n con al respective de la so capacid\u00e1, ente que&#8217;l <strong>Carmen Ruiz Tilve, na Corredoria, foi&#8217;l centru que m\u00e1s usuarios tuvo, con 2.075 inscripciones<\/strong>, sigu\u00edu del CP La Er\u00eda, con 1.752.<\/p>\n<p>Pela so parte, el colexu Veneranda Manzano nel que s&#8217;imparte, como cada periodu non lectivu, campamentos espec\u00edficos para alumnos con necesidaes especiales, algam\u00f3&#8217;l mayor porcentaxe d&#8217;ocupaci\u00f3n global del programa, con un 96,1 % y 423 places ocupaes de les 440 que s&#8217;ufiertaron mientres tol branu.<\/p>\n<p style=\"text-align: center\"><a href=\"https:\/\/pbs.twimg.com\/media\/HRStFHzbkAAsfHa?format=jpg&amp;name=small\"><img loading=\"lazy\" decoding=\"async\" class=\"aligncenter size-large\" src=\"https:\/\/pbs.twimg.com\/media\/HRStFHzbkAAsfHa?format=jpg&amp;name=small\" width=\"510\" height=\"680\" \/><\/a><\/p>\n","protected":false},"excerpt":{"rendered":"<p>El Carmen Ruiz Tilve, en La Corredoria, foi&#8217;l centru con m\u00e1s usuarios y el Veneranda Pumar raspi\u00f3&#8217;l llenu na atenci\u00f3n a menores con necesidaes especiales. LNE<\/p>\n","protected":false},"author":117,"featured_media":0,"comment_status":"closed","ping_status":"closed","sticky":false,"template":"","format":"standard","meta":{"footnotes":""},"categories":[217],"tags":[],"class_list":["post-87137","post","type-post","status-publish","format-standard","hentry","category-colexu"],"_links":{"self":[{"href":"https:\/\/edublog.educastur.es\/ixuxu\/wp-json\/wp\/v2\/posts\/87137","targetHints":{"allow":["GET"]}}],"collection":[{"href":"https:\/\/edublog.educastur.es\/ixuxu\/wp-json\/wp\/v2\/posts"}],"about":[{"href":"https:\/\/edublog.educastur.es\/ixuxu\/wp-json\/wp\/v2\/types\/post"}],"author":[{"embeddable":true,"href":"https:\/\/edublog.educastur.es\/ixuxu\/wp-json\/wp\/v2\/users\/117"}],"replies":[{"embeddable":true,"href":"https:\/\/edublog.educastur.es\/ixuxu\/wp-json\/wp\/v2\/comments?post=87137"}],"version-history":[{"count":4,"href":"https:\/\/edublog.educastur.es\/ixuxu\/wp-json\/wp\/v2\/posts\/87137\/revisions"}],"predecessor-version":[{"id":87141,"href":"https:\/\/edublog.educastur.es\/ixuxu\/wp-json\/wp\/v2\/posts\/87137\/revisions\/87141"}],"wp:attachment":[{"href":"https:\/\/edublog.educastur.es\/ixuxu\/wp-json\/wp\/v2\/media?parent=87137"}],"wp:term":[{"taxonomy":"category","embeddable":true,"href":"https:\/\/edublog.educastur.es\/ixuxu\/wp-json\/wp\/v2\/categories?post=87137"},{"taxonomy":"post_tag","embeddable":true,"href":"https:\/\/edublog.educastur.es\/ixuxu\/wp-json\/wp\/v2\/tags?post=87137"}],"curies":[{"name":"wp","href":"https:\/\/api.w.org\/{rel}","templated":true}]}}