{"id":87144,"date":"2026-09-03T08:50:31","date_gmt":"2026-09-03T06:50:31","guid":{"rendered":"https:\/\/edublog.educastur.es\/ixuxu\/?p=87144"},"modified":"2026-09-03T22:24:17","modified_gmt":"2026-09-03T20:24:17","slug":"reforciar-les-midies-de-prevencion","status":"publish","type":"post","link":"https:\/\/edublog.educastur.es\/ixuxu\/2026\/09\/reforciar-les-midies-de-prevencion\/","title":{"rendered":"Reforciar les mid\u00edes de prevenci\u00f3n"},"content":{"rendered":"<p><a href=\"https:\/\/www.aemet.es\/es\/eltiempo\/prediccion\/avisos\">https:\/\/www.aemet.es\/es\/eltiempo\/prediccion\/avisos<\/a>\u2600\ufe0f\ud83c\udf21\ufe0fCol \ud835\uddee\ud835\ude02\ud835\uddfa\ud835\uddf2\ud835\uddfb\ud835\ude01\ud835\ude02 \ud835\uddf1\ud835\uddf2 \ud835\uddf9\ud835\uddf2\ud835\ude00 \ud835\ude01\ud835\uddf2\ud835\uddfa\ud835\uddfd\ud835\uddf2\ud835\uddff\ud835\uddee\ud835\ude01\ud835\ude02\ud835\uddff\ud835\uddf2\ud835\ude00 ye importante reforciar les mid\u00edes de prevenci\u00f3n, como hidratase, evitar la esposici\u00f3n enllargada al sol y tar n\u2019espacios frescos. \ud83e\udd75Tami\u00e9n tenemos que poner atenci\u00f3n especial a menores, persones mayores y a quien carecen enfermedaes que puedan agravase col calor. \ud83d\udc47\ud83c\udffcEqu\u00edvas atopar dellos conseyos y encamientos.<\/p>\n<p style=\"text-align: center\"><a href=\"https:\/\/pbs.twimg.com\/media\/HRSK7xqacAASrZu?format=jpg&amp;name=4096x4096\"><img loading=\"lazy\" decoding=\"async\" class=\"aligncenter size-large\" src=\"https:\/\/pbs.twimg.com\/media\/HRSK7xqacAASrZu?format=jpg&amp;name=4096x4096\" width=\"3200\" height=\"2400\" \/><\/a><\/p>\n<p><!--more--><\/p>\n<p>&nbsp;<\/p>\n<p style=\"text-align: center\"><a href=\"https:\/\/pbs.twimg.com\/media\/HRR6UP5aoAAN1Yv?format=jpg&amp;name=medium\"><img loading=\"lazy\" decoding=\"async\" class=\"aligncenter size-large\" src=\"https:\/\/pbs.twimg.com\/media\/HRR6UP5aoAAN1Yv?format=jpg&amp;name=medium\" width=\"1024\" height=\"620\" \/><\/a><\/p>\n","protected":false},"excerpt":{"rendered":"<p>https:\/\/www.aemet.es\/es\/eltiempo\/prediccion\/avisos\u2600\ufe0f\ud83c\udf21\ufe0fCol \ud835\uddee\ud835\ude02\ud835\uddfa\ud835\uddf2\ud835\uddfb\ud835\ude01\ud835\ude02 \ud835\uddf1\ud835\uddf2 \ud835\uddf9\ud835\uddf2\ud835\ude00 \ud835\ude01\ud835\uddf2\ud835\uddfa\ud835\uddfd\ud835\uddf2\ud835\uddff\ud835\uddee\ud835\ude01\ud835\ude02\ud835\uddff\ud835\uddf2\ud835\ude00 ye importante reforciar les mid\u00edes de prevenci\u00f3n, como hidratase, evitar la esposici\u00f3n enllargada al sol y tar n\u2019espacios frescos. \ud83e\udd75Tami\u00e9n tenemos que poner atenci\u00f3n especial a menores, persones mayores y a quien carecen enfermedaes que puedan agravase col calor. \ud83d\udc47\ud83c\udffcEqu\u00edvas atopar dellos conseyos y encamientos.<\/p>\n","protected":false},"author":117,"featured_media":0,"comment_status":"closed","ping_status":"closed","sticky":false,"template":"","format":"standard","meta":{"footnotes":""},"categories":[48],"tags":[],"class_list":["post-87144","post","type-post","status-publish","format-standard","hentry","category-salu"],"_links":{"self":[{"href":"https:\/\/edublog.educastur.es\/ixuxu\/wp-json\/wp\/v2\/posts\/87144","targetHints":{"allow":["GET"]}}],"collection":[{"href":"https:\/\/edublog.educastur.es\/ixuxu\/wp-json\/wp\/v2\/posts"}],"about":[{"href":"https:\/\/edublog.educastur.es\/ixuxu\/wp-json\/wp\/v2\/types\/post"}],"author":[{"embeddable":true,"href":"https:\/\/edublog.educastur.es\/ixuxu\/wp-json\/wp\/v2\/users\/117"}],"replies":[{"embeddable":true,"href":"https:\/\/edublog.educastur.es\/ixuxu\/wp-json\/wp\/v2\/comments?post=87144"}],"version-history":[{"count":3,"href":"https:\/\/edublog.educastur.es\/ixuxu\/wp-json\/wp\/v2\/posts\/87144\/revisions"}],"predecessor-version":[{"id":87147,"href":"https:\/\/edublog.educastur.es\/ixuxu\/wp-json\/wp\/v2\/posts\/87144\/revisions\/87147"}],"wp:attachment":[{"href":"https:\/\/edublog.educastur.es\/ixuxu\/wp-json\/wp\/v2\/media?parent=87144"}],"wp:term":[{"taxonomy":"category","embeddable":true,"href":"https:\/\/edublog.educastur.es\/ixuxu\/wp-json\/wp\/v2\/categories?post=87144"},{"taxonomy":"post_tag","embeddable":true,"href":"https:\/\/edublog.educastur.es\/ixuxu\/wp-json\/wp\/v2\/tags?post=87144"}],"curies":[{"name":"wp","href":"https:\/\/api.w.org\/{rel}","templated":true}]}}